{"id":313748,"date":"2019-05-01T20:01:39","date_gmt":"2019-05-01T18:01:39","guid":{"rendered":"https:\/\/www.focolare.org\/11-mai-2019-voter-avec-son-portefeuille\/"},"modified":"2024-05-15T20:58:52","modified_gmt":"2024-05-15T18:58:52","slug":"11-mai-2019-voter-avec-son-portefeuille","status":"publish","type":"post","link":"https:\/\/www.focolare.org\/fr\/11-mai-2019-voter-avec-son-portefeuille\/","title":{"rendered":"11 mai 2019 : voter avec son portefeuille"},"content":{"rendered":"<p><em>\u00ab\u00a0Into The Label\u00a0\u00bb est l&rsquo;une des actions propos\u00e9es par la Semaine pour un Monde Uni ; elle offre \u00e0 chacun la possibilit\u00e9 de faire, \u00e0 sa mesure, la diff\u00e9rence et de choisir la qualit\u00e9, la production \u00e9thique et la responsabilit\u00e9 sociale.<\/em>  <img loading=\"lazy\" decoding=\"async\" class=\"alignright wp-image-187290\" title=\"180929 Figline InToTheLabel 07 rid 350\" src=\"https:\/\/www.focolare.org\/wp-content\/uploads\/2019\/05\/180929_Figline_InToTheLabel_07_rid_350-90x113.jpg\" alt=\"180929 Figline InToTheLabel 07 rid 350\" width=\"200\" height=\"252\" \/>Retenez la date : le 11 mai prochain, quelques jours apr\u00e8s la fin de la Semaine pour un Monde Uni (1-7 mai 2019), sera la journ\u00e9e de \u00ab\u00a0Into The Label\u00a0\u00bb, litt\u00e9ralement : \u00ab \u00e0 l&rsquo;int\u00e9rieur de l&rsquo;\u00e9tiquette \u00bb. Une journ\u00e9e o\u00f9 l\u2019on peut s\u2019exercer \u00e0 \u00ab\u00a0voter avec son portefeuille\u00a0\u00bb. C&rsquo;est l&rsquo;une des principales actions promues par les Jeunes pour un Monde Uni des Focolari pour cette \u00e9dition 2019, un exercice de \u00ab\u00a0d\u00e9mocratie \u00e9conomique\u00a0\u00bb, comme l&rsquo;a appel\u00e9 son initiateur, l&rsquo;\u00e9conomiste italien Leonardo Becchetti. Voyons de quoi il s&rsquo;agit et comment participer.  \u00ab Le vote avec son portefeuille \u00bb exprime la souverainet\u00e9 du consommateur &#8211; explique Becchetti &#8211; qui d\u00e9cide d&rsquo;utiliser son pouvoir d&rsquo;achat et d&rsquo;\u00e9pargne pour r\u00e9compenser ou, inversement, sanctionner les entreprises et\/ou les pays responsables ou irresponsables d&rsquo;un point de vue social et environnemental.  Beaucoup des probl\u00e8mes que nous rencontrons, comme le dit aussi le Pape Fran\u00e7ois, sont dus \u00e0 un mauvais syst\u00e8me \u00e9conomique qui n&rsquo;est plus capable de r\u00e9soudre nos probl\u00e8mes et sont li\u00e9s \u00e0 l&rsquo;environnement. La solution est de cr\u00e9er un nouveau mod\u00e8le \u00e9conomique durable, inclusif et participatif, poursuit l&rsquo;\u00e9conomiste, mais le seul moyen pour y parvenir est de le construire ensemble, \u00e0 partir de la base. C&rsquo;est l\u2019objectif du \u00ab vote avec son portefeuille \u00bb : <strong>devenir des consommateurs responsables, conscients de leur r\u00f4le et de pouvoir r\u00e9compenser par leurs achats les entreprises qui font du profit en respectant les travailleurs, les clients et l&rsquo;environnement<\/strong>. C&rsquo;est le pouvoir d&rsquo;\u00e9valuer et de choisir les entreprises leaders en mati\u00e8re de durabilit\u00e9 sociale, environnementale et fiscale.  La proposition des jeunes des Focolari va donc dans ce sens : choisir de faire des achats plus \u00e9thiques et de soutenir les entreprises \u00e9conomiquement et socialement responsables.<strong> Mais comment se d\u00e9roule ce vote ?<\/strong>  <img loading=\"lazy\" decoding=\"async\" class=\"alignleft wp-image-187293\" title=\"52\" src=\"https:\/\/www.focolare.org\/wp-content\/uploads\/2019\/05\/52-90x68.jpg\" alt=\"52\" width=\"350\" height=\"263\" \/>Il se d\u00e9roule dans des supermarch\u00e9s, o\u00f9 les clients sont invit\u00e9s \u00e0 participer \u00e0 un atelier d&rsquo;une dur\u00e9e d\u2019environ 2 heures. Des tableaux, des urnes et de vrais bulletins de vote sont mis en place. L&rsquo;exp\u00e9rience consiste \u00e0 pr\u00e9senter les candidats qui sont un \u00e9chantillon de produits r\u00e9partis en 5 cat\u00e9gories : <strong>p\u00e2tes, caf\u00e9, chocolat, thon en conserve, orangeade<\/strong>. Chaque produit dispose d&rsquo;une fiche d&rsquo;information avec des caract\u00e9ristiques et des crit\u00e8res d&rsquo;\u00e9valuation tels que la protection de l&rsquo;environnement, le respect des travailleurs, la tra\u00e7abilit\u00e9 des mati\u00e8res premi\u00e8res, etc. L&rsquo;atelier est con\u00e7u comme un jour d&rsquo;\u00e9lection et le vote se fait par l&rsquo;achat (ou non) de produits sur la base de leurs diff\u00e9rents programmes, c&rsquo;est-\u00e0-dire des informations recueillies. Le tout avec des talk-shows, des pools de sortie, des projections et le d\u00e9compte des voix.  Les laboratoires \u00ab\u00a0Into the Label\u00a0\u00bb ont trois objectifs : combler le foss\u00e9 entre le consommateur et les choix commerciaux cach\u00e9s derri\u00e8re le produit, en g\u00e9n\u00e9rant un processus de sensibilisation ; encourager la participation collective par l&rsquo;expression du vote pour le produit. Enfin susciter le changement : les choix des consommateurs, lorsqu&rsquo;ils sont orient\u00e9s vers le bien, ont la capacit\u00e9 d&rsquo;influencer m\u00eame les entreprises, qui peuvent aller dans le sens du comportement r\u00e9compens\u00e9.  Sur ce site et sur le site United World Project, nous suivrons l&rsquo;\u00e9volution de la campagne \u00ab Into the Label \u00bb. Des informations sur les produits \u00ab\u00a0candidats\u00a0\u00bb sont \u00e9galement disponibles sur le site de l&rsquo;initiative. <\/p>\n<p style=\"text-align: right;\"><em>Stefania Tanesini<\/em><\/p>\n","protected":false},"excerpt":{"rendered":"<p>\u00ab\u00a0Into The Label\u00a0\u00bb est l&rsquo;une des actions propos\u00e9es par la Semaine pour un Monde Uni ; elle offre \u00e0 chacun la possibilit\u00e9 de faire, \u00e0 sa mesure, la diff\u00e9rence et de choisir la qualit\u00e9, la production \u00e9thique et la responsabilit\u00e9 sociale.<\/p>\n","protected":false},"author":24,"featured_media":0,"comment_status":"open","ping_status":"open","sticky":false,"template":"","format":"standard","meta":{"give_campaign_id":0,"_seopress_robots_primary_cat":"","_seopress_titles_title":"","_seopress_titles_desc":"","_seopress_robots_index":"","_et_pb_use_builder":"","_et_pb_old_content":"","_et_gb_content_width":"","footnotes":""},"categories":[47],"tags":[],"class_list":["post-313748","post","type-post","status-publish","format-standard","hentry","category-non-classifiee"],"_links":{"self":[{"href":"https:\/\/www.focolare.org\/fr\/wp-json\/wp\/v2\/posts\/313748","targetHints":{"allow":["GET"]}}],"collection":[{"href":"https:\/\/www.focolare.org\/fr\/wp-json\/wp\/v2\/posts"}],"about":[{"href":"https:\/\/www.focolare.org\/fr\/wp-json\/wp\/v2\/types\/post"}],"author":[{"embeddable":true,"href":"https:\/\/www.focolare.org\/fr\/wp-json\/wp\/v2\/users\/24"}],"replies":[{"embeddable":true,"href":"https:\/\/www.focolare.org\/fr\/wp-json\/wp\/v2\/comments?post=313748"}],"version-history":[{"count":0,"href":"https:\/\/www.focolare.org\/fr\/wp-json\/wp\/v2\/posts\/313748\/revisions"}],"wp:attachment":[{"href":"https:\/\/www.focolare.org\/fr\/wp-json\/wp\/v2\/media?parent=313748"}],"wp:term":[{"taxonomy":"category","embeddable":true,"href":"https:\/\/www.focolare.org\/fr\/wp-json\/wp\/v2\/categories?post=313748"},{"taxonomy":"post_tag","embeddable":true,"href":"https:\/\/www.focolare.org\/fr\/wp-json\/wp\/v2\/tags?post=313748"}],"curies":[{"name":"wp","href":"https:\/\/api.w.org\/{rel}","templated":true}]}}