{"id":313766,"date":"2019-05-10T20:01:18","date_gmt":"2019-05-10T18:01:18","guid":{"rendered":"https:\/\/www.focolare.org\/vous-etes-la-lumiere-du-monde-le-motu-proprio-de-francois-sur-les-abus\/"},"modified":"2024-05-15T20:58:55","modified_gmt":"2024-05-15T18:58:55","slug":"vous-etes-la-lumiere-du-monde-le-motu-proprio-de-francois-sur-les-abus","status":"publish","type":"post","link":"https:\/\/www.focolare.org\/fr\/vous-etes-la-lumiere-du-monde-le-motu-proprio-de-francois-sur-les-abus\/","title":{"rendered":"\u00ab\u00a0Vous \u00eates la lumi\u00e8re du monde\u00a0\u00bb, le motu proprio de Fran\u00e7ois sur les abus."},"content":{"rendered":"<p><em>Le Pape \u00e9tablit les nouvelles normes pour l&rsquo;ensemble de la communaut\u00e9 eccl\u00e9siale contre ceux qui commettent des abus et ceux qui les couvrent. Les mesures et l&rsquo;orientation des Focolari dans le sillage de l&rsquo;\u00c9glise. L&rsquo;intervention du copr\u00e9sident Jes\u00fas Mor\u00e1n et <a href=\"https:\/\/vimeo.com\/333331494\" target=\"_blank\" rel=\"noopener noreferrer\">le service pour la connexion CH<\/a>.<\/em>  Il est dat\u00e9 du 7 mai et s&rsquo;intitule <a href=\"https:\/\/press.vatican.va\/content\/salastampa\/it\/bollettino\/pubblico\/2019\/05\/09\/0390\/00804.html#FR\" target=\"_blank\" rel=\"noopener noreferrer\">Vos estis lux mundi<\/a>. Ce document sous forme de motu proprio &#8211; c&rsquo;est-\u00e0-dire un instrument que le Pontife utilise lorsqu&rsquo;il veut personnellement introduire des innovations ou donner des indications aux fid\u00e8les &#8211; est le dernier acte du Pape Fran\u00e7ois dans la lutte contre les abus sur les mineurs et sur les personnes vuln\u00e9rables dans l&rsquo;\u00c9glise. Une \u00e9tape de premi\u00e8re importance qui fait partie d&rsquo;un parcours. A l&rsquo;issue de la r\u00e9union sur la protection des mineurs au Vatican en f\u00e9vrier dernier, des mesures l\u00e9gislatives pour la Curie romaine et l&rsquo;\u00c9tat du Vatican ont \u00e9t\u00e9 annonc\u00e9es.  Ce dernier document normatif s&rsquo;adresse \u00e0 toute l&rsquo;\u00c9glise : il \u00e9tablit de nouvelles proc\u00e9dures pour d\u00e9noncer le harc\u00e8lement et la violence et s&rsquo;assurer que les \u00e9v\u00eaques et les sup\u00e9rieurs religieux sont responsables de leurs actes. Elle introduit l&rsquo;obligation pour les religieux et les religieux de signaler les abus ; une mesure qui encourage \u00e9galement les la\u00efcs \u00e0 signaler les abus et le harc\u00e8lement \u00e0 l&rsquo;autorit\u00e9 eccl\u00e9siastique comp\u00e9tente. Elle demande \u00e9galement aux dioc\u00e8ses d&rsquo;\u00e9tablir un syst\u00e8me de r\u00e9ception des rapports qui soit facilement accessible au public.  Un geste qui d\u00e9passe les fronti\u00e8res de l&rsquo;\u00c9glise elle-m\u00eame et qui est un stimulant pour la soci\u00e9t\u00e9 civile, parce que, comme nous le savons, le scandale des abus a ses racines &#8211; historiques et r\u00e9centes &#8211; dans les diff\u00e9rents domaines de la famille, \u00e0 l&rsquo;\u00e9cole, dans le sport, etc.  Malgr\u00e9 le th\u00e8me grave et d\u00e9vastateur qu&rsquo;il traite, le Pape ouvre le document par une citation \u00e9vang\u00e9lique qui rappelle l&rsquo;esp\u00e9rance et la lumi\u00e8re : \u00ab\u00a0Notre Seigneur J\u00e9sus Christ appelle chaque croyant \u00e0 \u00eatre un exemple lumineux de vertu, d&rsquo;int\u00e9grit\u00e9 et de saintet\u00e9. \u00bb (1) Ce sont ces vertus qui engagent toutes les personnes, en particulier les personnes consacr\u00e9es, qui &#8211; par choix de vie &#8211; ne devraient jamais trahir la confiance de quiconque, de la famille ou des mineurs.  Comme nous l&rsquo;avons d\u00e9j\u00e0 dit, <a href=\"https:\/\/www.focolare.org\/fr\/news\/2019\/03\/29\/protection-des-mineurs-formation-prevention-et-tolerance-zero\/\" target=\"_blank\" rel=\"noopener noreferrer\">le mouvement des Focolari n&rsquo;est pas \u00e0 l&rsquo;abri de ce scandale<\/a>. Le 26 mars, la pr\u00e9sidente Maria Voce et le copr\u00e9sident Jes\u00fas Mor\u00e1n ont envoy\u00e9 <a href=\"https:\/\/www.focolare.org\/wp-content\/uploads\/2019\/03\/Lettre-Maria-Voce-et-Jes%C3%BAs-Mor%C3%A1n-protection-des-mineurs.FR_.pdf\" target=\"_blank\" rel=\"noopener noreferrer\">une lettre<\/a> \u00e0 tous les membres du Mouvement des Focolari dans le monde au sujet de l&rsquo;engagement du Mouvement des Focolari dans ce domaine.  Ils communiquent que c&rsquo;est avec une profonde souffrance qu\u2019il faut reconna\u00eetre \u00a0\u00bb que dans notre grande famille des Focolari il y a eu aussi des cas d&rsquo;abus contre des mineurs (une vingtaine), caus\u00e9s par des personnes du Mouvement ou par des personnes qui ont assist\u00e9 \u00e0 des manifestations organis\u00e9es par nous. Il s&rsquo;agit pour la plupart d&rsquo;\u00e9pisodes qui se sont produits dans un pass\u00e9 lointain (m\u00eame plus de 20 ans), mais malheureusement certains d&rsquo;entre eux se sont produits dans un pass\u00e9 r\u00e9cent. Des membres consacr\u00e9s y ont \u00e9t\u00e9 aussi impliqu\u00e9s \u00bb.  <img loading=\"lazy\" decoding=\"async\" class=\"alignleft wp-image-188117\" title=\"20190317 COBETU copia 2\" src=\"https:\/\/www.focolare.org\/wp-content\/uploads\/2019\/05\/20190317_COBETU-copia-2-90x53.jpg\" alt=\"20190317 COBETU copia 2\" width=\"400\" height=\"236\" \/>Ils r\u00e9affirment la \u00ab tol\u00e9rance z\u00e9ro\u00a0\u00bb du Mouvement \u00e0 l&rsquo;\u00e9gard de toute forme de violence ou d&rsquo;abus et le devoir de chaque membre des Focolari d&rsquo;\u00eatre \u00e0 l&rsquo;avant-garde de la d\u00e9fense des plus faibles contre toute forme de mauvais traitements ou d&rsquo;intimidations, que ce soit directement ou par Internet, avec une attention particuli\u00e8re aux mineurs et adultes vuln\u00e9rables. Ils exhortent ouvertement la Commission centrale pour la protection et le bien-\u00eatre des mineurs, cr\u00e9\u00e9e en 2014 au Centre international des Focolari et dans les commissions locales, \u00e0 signaler toute suspicion d&rsquo;abus ou de violence et \u00e0 consid\u00e9rer comme \u00ab une r\u00e9elle tentation de ne pas signaler des cas pour le bien de notre Mouvement, pour \u00e9viter un scandale, pour prot\u00e9ger la bonne r\u00e9putation d&rsquo;une personne. \u00bb  Dans un r\u00e9cent entretien accord\u00e9 lors <a href=\"http:\/\/collegamentoch.focolare.org\/project\/francais-37\/\" target=\"_blank\" rel=\"noopener noreferrer\">de la t\u00e9l\u00e9r\u00e9union CH<\/a>, le copr\u00e9sident a r\u00e9affirm\u00e9 avec force son adh\u00e9sion totale \u00e0 la ligne actuelle de l&rsquo;\u00c9glise.  Mor\u00e1n explique que<em> \u00ab\u00a0nous avons voulu reconna\u00eetre publiquement que ce drame nous a aussi touch\u00e9s et qu&rsquo;il nous conduit \u00e0 des actions concr\u00e8tes pour rendre justice aux victimes en mettant aussi en route un processus d&rsquo;accompagnement sur un plan g\u00e9n\u00e9ral, concret \u00ab\u00a0. <\/em>  Il a reconnu qu&rsquo;il s&rsquo;agit d&rsquo;une grande purification pour le Mouvement et a finalement r\u00e9it\u00e9r\u00e9 que l&rsquo;engagement pour la protection des mineurs ne peut se r\u00e9duire \u00e0 la sph\u00e8re des Focolari.<em> \u00ab\u00a0Par cette lettre, nous avons voulu dire \u00e0 tous nos membres qu&rsquo;il est important de s&rsquo;engager \u00e0 tous les niveaux pour que ce drame, cette immense douleur, qui est un drame social et moral, prenne fin le plus t\u00f4t possible et pour que ces cas d&rsquo;abus ne se produisent plus\u00a0\u00bb. <\/em>  L&rsquo;engagement du Mouvement est maintenant centr\u00e9 sur la pr\u00e9vention de ces abus et la formation de tous ses membres, en particulier ceux qui travaillent avec les mineurs ; pour cette raison, il est important de collaborer avec les autres instances du Mouvement qui travaillent avec les mineurs : les centres Gen 3 et Gen 4, le Mouvement Familles Nouvelles.  <em>\u00a0<\/em><em>Voir le service de la t\u00e9l\u00e9r\u00e9union CH : <strong>Protection des mineurs : Transparence, Pr\u00e9vention, Formation<\/strong><\/em>  https:\/\/vimeo.com\/333331494<\/p>\n","protected":false},"excerpt":{"rendered":"<p>Le Pape \u00e9tablit les nouvelles normes pour l&rsquo;ensemble de la communaut\u00e9 eccl\u00e9siale contre ceux qui commettent des abus et ceux qui les couvrent. Les mesures et l&rsquo;orientation des Focolari dans le sillage de l&rsquo;\u00c9glise. L&rsquo;intervention du copr\u00e9sident Jes\u00fas Mor\u00e1n et le service pour la connexion CH.<\/p>\n","protected":false},"author":24,"featured_media":0,"comment_status":"open","ping_status":"open","sticky":false,"template":"","format":"standard","meta":{"give_campaign_id":0,"_seopress_robots_primary_cat":"","_seopress_titles_title":"","_seopress_titles_desc":"","_seopress_robots_index":"","_et_pb_use_builder":"","_et_pb_old_content":"","_et_gb_content_width":"","footnotes":""},"categories":[47],"tags":[],"class_list":["post-313766","post","type-post","status-publish","format-standard","hentry","category-non-classifiee"],"_links":{"self":[{"href":"https:\/\/www.focolare.org\/fr\/wp-json\/wp\/v2\/posts\/313766","targetHints":{"allow":["GET"]}}],"collection":[{"href":"https:\/\/www.focolare.org\/fr\/wp-json\/wp\/v2\/posts"}],"about":[{"href":"https:\/\/www.focolare.org\/fr\/wp-json\/wp\/v2\/types\/post"}],"author":[{"embeddable":true,"href":"https:\/\/www.focolare.org\/fr\/wp-json\/wp\/v2\/users\/24"}],"replies":[{"embeddable":true,"href":"https:\/\/www.focolare.org\/fr\/wp-json\/wp\/v2\/comments?post=313766"}],"version-history":[{"count":0,"href":"https:\/\/www.focolare.org\/fr\/wp-json\/wp\/v2\/posts\/313766\/revisions"}],"wp:attachment":[{"href":"https:\/\/www.focolare.org\/fr\/wp-json\/wp\/v2\/media?parent=313766"}],"wp:term":[{"taxonomy":"category","embeddable":true,"href":"https:\/\/www.focolare.org\/fr\/wp-json\/wp\/v2\/categories?post=313766"},{"taxonomy":"post_tag","embeddable":true,"href":"https:\/\/www.focolare.org\/fr\/wp-json\/wp\/v2\/tags?post=313766"}],"curies":[{"name":"wp","href":"https:\/\/api.w.org\/{rel}","templated":true}]}}