{"id":313772,"date":"2019-05-12T20:02:43","date_gmt":"2019-05-12T18:02:43","guid":{"rendered":"https:\/\/www.focolare.org\/italie-les-jeunes-des-focolari-accueillent-une-delegation-bouddhiste-de-la-risho-kosei-kai\/"},"modified":"2024-05-15T20:58:56","modified_gmt":"2024-05-15T18:58:56","slug":"italie-les-jeunes-des-focolari-accueillent-une-delegation-bouddhiste-de-la-risho-kosei-kai","status":"publish","type":"post","link":"https:\/\/www.focolare.org\/fr\/italie-les-jeunes-des-focolari-accueillent-une-delegation-bouddhiste-de-la-risho-kosei-kai\/","title":{"rendered":"Italie, les jeunes des Focolari accueillent une d\u00e9l\u00e9gation bouddhiste de la Risho Kosei Kai"},"content":{"rendered":"<p><em>Un nouveau rendez-vous de dialogue entre les jeunes du Mouvement bouddhiste de la Risho Kosei Kai (RKK) et les jeunes des Focolari, a approfondi la connaissance, l\u2019amiti\u00e9 et l\u2019engagement commun pour la paix dans le monde.<\/em>  \u2018\u2019Au cours de toutes ces ann\u00e9es durant lesquelles nous nous retrouvions, disparaissaient imm\u00e9diatement, les murs de notre diversit\u00e9 et tout de suite nous nous trouvions unis dans le m\u00eame d\u00e9sir de vouloir travailler pour la paix dans le monde. Mais c\u2019est aussi logique ainsi, parce que lorsque notre Fondateur (Nikkyo Niwano) et Chiara Lubich se sont rencontr\u00e9s, ils se sont trouv\u00e9s directement \u2018un\u2019 et pour tous les deux, ce fut une d\u00e9couverte de trouver quelqu\u2019un s\u00e9rieusement dispos\u00e9 \u00e0 travailler pour la paix dans le monde\u2019\u2019. C\u2019est ainsi qu\u2019a commenc\u00e9 Yoshie Nishi, Vice-Directeur du Secteur des Jeunes de la Risho Kosei Kai, en retra\u00e7ant l\u2019histoire des s\u00e9minaires entre jeunes du Mouvement bouddhiste et les jeunes des Focolari, commenc\u00e9s en 2008.  <img loading=\"lazy\" decoding=\"async\" class=\"wp-image-187919 alignleft\" title=\"simposio giovani RKK e giovani focolari_2019\" src=\"https:\/\/www.focolare.org\/wp-content\/uploads\/2019\/05\/ef5c0b70-e55c-490e-85b7-50d287441c1c-e1556792676763.jpg\" alt=\"ef5c0b70 e55c 490e 85b7 50d287441c1c\" width=\"302\" height=\"269\" \/>L\u2019\u00e9dition de cette ann\u00e9e, qui a eu lieu au Centre international du Mouvement des Focolari en Italie, avait comme th\u00e8me \u2018\u2019The World Peace Starts from Us. Now the time to step forward to everything\u2019\u2019 (La paix mondiale commence avec nous. C\u2019est maintenant l\u2019heure de faire un pas en avant).\u2019\u2019Le monde est divis\u00e9 en tant de lieux &#8211; ont expliqu\u00e9 les jeunes de la RKK \u2013 R\u00e9fugi\u00e9s, pauvret\u00e9, probl\u00e8mes \u00e9conomiques, etc. Non seulement au niveau national, mais aussi dans le petit monde dans lequel nous vivons, d\u2019un c\u00f4t\u00e9, avec la diffusion d\u2019internet, on peut cr\u00e9er en quelques secondes un lien \u00e9troit avec le monde entier, mais d\u2019un autre c\u00f4t\u00e9, coexiste la pauvret\u00e9 de la relation dans laquelle la conversation avec celui qui habite \u00e0 c\u00f4t\u00e9, n\u2019a jamais \u00e9t\u00e9 r\u00e9alis\u00e9e\u2019\u2019.  Nombreux sont les moments de partage d\u2019exp\u00e9riences de paix qui partent du quotidien : changements de style de vie personnelle et actions qui impliquent d\u2019autres personnes et transforment la r\u00e9alit\u00e9 en positif. \u2018\u2019Nous voudrions cheminer toujours en regardant l\u2019autre, les d\u00e9fis \u00e0 relever que nous voyons dans le monde \u2013 ont dit aux amis japonais, Rita et Henrique des Focolari \u2013 contribuant ainsi \u00e0 rejoindre un monde plus uni, plus fraternel, o\u00f9 avoir davantage de paix est possible, mais une paix qui n\u2019exclut pas les personnes les plus marginalis\u00e9es, mais qui fait n\u00f4tres les besoins des gens autour de nous afin d\u2019arriver un jour \u00e0 l\u2019objectif :\u2019No one in need\u2019, comme le dit le slogan que les jeunes des Focolari se sont propos\u00e9s cette ann\u00e9e pour la Semaine Monde Uni et pour le parcours \u2018Pathways for a United World\u2019\u2019.  Dans le programme du symposium, \u00e9galement une action concr\u00e8te : la pr\u00e9paration et la distribution de repas chauds \u00e0 la gare Ostiense de Rome, en collaboration avec l\u2019Association RomAmoR Asbl qui aide les migrants et les personnes \u00e2g\u00e9es sans domicile fixe. La d\u00e9l\u00e9gation japonaise a ensuite particip\u00e9 \u00e0 l\u2019audience du Pape Fran\u00e7ois et a v\u00e9cu une journ\u00e9e de partage et d\u2019approfondissement dans la cit\u00e9-pilote internationale de Loppiano avec les jeunes des \u00e9coles de formation et avec ceux de l\u2019Institut Universitaire Sophia. <\/p>\n<p style=\"text-align: right;\"><em>Paola Pepe<\/em><\/p>\n","protected":false},"excerpt":{"rendered":"<p>Un nouveau rendez-vous de dialogue entre les jeunes du Mouvement bouddhiste de la Risho Kosei Kai (RKK) et les jeunes des Focolari, a approfondi la connaissance, l\u2019amiti\u00e9 et l\u2019engagement commun pour la paix dans le monde.<\/p>\n","protected":false},"author":27,"featured_media":0,"comment_status":"open","ping_status":"open","sticky":false,"template":"","format":"standard","meta":{"give_campaign_id":0,"_seopress_robots_primary_cat":"","_seopress_titles_title":"","_seopress_titles_desc":"","_seopress_robots_index":"","_et_pb_use_builder":"","_et_pb_old_content":"","_et_gb_content_width":"","footnotes":""},"categories":[47],"tags":[],"class_list":["post-313772","post","type-post","status-publish","format-standard","hentry","category-non-classifiee"],"_links":{"self":[{"href":"https:\/\/www.focolare.org\/fr\/wp-json\/wp\/v2\/posts\/313772","targetHints":{"allow":["GET"]}}],"collection":[{"href":"https:\/\/www.focolare.org\/fr\/wp-json\/wp\/v2\/posts"}],"about":[{"href":"https:\/\/www.focolare.org\/fr\/wp-json\/wp\/v2\/types\/post"}],"author":[{"embeddable":true,"href":"https:\/\/www.focolare.org\/fr\/wp-json\/wp\/v2\/users\/27"}],"replies":[{"embeddable":true,"href":"https:\/\/www.focolare.org\/fr\/wp-json\/wp\/v2\/comments?post=313772"}],"version-history":[{"count":0,"href":"https:\/\/www.focolare.org\/fr\/wp-json\/wp\/v2\/posts\/313772\/revisions"}],"wp:attachment":[{"href":"https:\/\/www.focolare.org\/fr\/wp-json\/wp\/v2\/media?parent=313772"}],"wp:term":[{"taxonomy":"category","embeddable":true,"href":"https:\/\/www.focolare.org\/fr\/wp-json\/wp\/v2\/categories?post=313772"},{"taxonomy":"post_tag","embeddable":true,"href":"https:\/\/www.focolare.org\/fr\/wp-json\/wp\/v2\/tags?post=313772"}],"curies":[{"name":"wp","href":"https:\/\/api.w.org\/{rel}","templated":true}]}}