{"id":313842,"date":"2019-07-12T20:02:22","date_gmt":"2019-07-12T18:02:22","guid":{"rendered":"https:\/\/www.focolare.org\/economie-et-justice-nouvelles-lengagement-des-jeunes-des-focolari\/"},"modified":"2024-05-15T20:59:08","modified_gmt":"2024-05-15T18:59:08","slug":"economie-et-justice-nouvelles-lengagement-des-jeunes-des-focolari","status":"publish","type":"post","link":"https:\/\/www.focolare.org\/fr\/economie-et-justice-nouvelles-lengagement-des-jeunes-des-focolari\/","title":{"rendered":"\u00c9conomie et justice nouvelles : l\u2019engagement des jeunes des Focolari"},"content":{"rendered":"<p><em>Soixante-dix jeunes se sont donn\u00e9 rendez-vous aux USA pour un des \u00e9v\u00e9nements internationaux li\u00e9s \u00e0 la Semaine Monde Uni 2019. Une semaine qui a conclu le premier des 6 \u2018\u2019Parcours pour un Monde Uni\u2019\u2019 lanc\u00e9s par les jeunes des Focolari, centr\u00e9s sur le travail et l\u2019\u00e9conomie et a ouvert le second sur la paix, la justice et la l\u00e9galit\u00e9.<\/em>  <img loading=\"lazy\" decoding=\"async\" class=\"wp-image-189716 alignleft\" title=\"SMU 2019_Mariapoli Luminosa_2\" src=\"https:\/\/www.focolare.org\/wp-content\/uploads\/2019\/07\/UCF_FOTO_SMU-2019_9-e1562665927778.jpeg\" alt=\"UCF FOTO SMU 2019 9\" width=\"439\" height=\"253\" \/>Feuilles d\u2019un m\u00eame arbre ou fils d\u2019une m\u00eame trame. Diff\u00e9rents mais li\u00e9s au m\u00eame r\u00eave de fraternit\u00e9, unis par l\u2019identique engagement \u00e0 le r\u00e9aliser. C\u2019est ce qu\u2019ont exp\u00e9riment\u00e9 les plus de soixante-dix jeunes originaires des \u00c9tats-Unis, du Canada, du Mexique, du Paraguay, de l\u2019Italie, du Br\u00e9sil, du Liban et de la R\u00e9publique Tch\u00e8que, qui se sont r\u00e9unis du 9 au 16 juin \u00e0 la Mariapolis Luminosa, au Nord de New York (USA), la cit\u00e9 pilote internationale des Focolari de l\u2019Am\u00e9rique du Nord. Nous avons demand\u00e9 \u00e0 Chris Piazza, jeune am\u00e9ricain pr\u00e9sent lors de l\u2019\u00e9v\u00e9nement, de nous raconter cet \u00e9v\u00e9nement qui \u00e9tait un des rendez-vous internationaux de la Semaine Monde Uni 2019.  <em><strong>Quelle \u00e9tait la th\u00e9matique principale de la rencontre ?<\/strong><\/em> L\u2019an pass\u00e9, \u00e0 l\u2019occasion du Genfest 2018 \u00e0 Manille (Philippines) , les Jeunes pour un Monde Uni (Y4UW) ont lanc\u00e9 \u2018\u2019Pathways for a United World\u2019\u2019 : 6 \u2018\u2019Sentiers pour un Monde uni\u2019\u2019 pour 6 grandes th\u00e9matiques \u00e0 approfondir et \u00e0 vivre en 6 ann\u00e9es. La premi\u00e8re, qui embrasse les th\u00e8mes de l\u2019\u00e9conomie, du travail et de la communion, a \u00e9galement \u00e9t\u00e9 au centre de l\u2019\u00e9v\u00e9nement qui a eu lieu \u00e0 la Mariapolis Luminosa.  <em><strong>Et comment l\u2019avez-vous affront\u00e9e et d\u00e9velopp\u00e9e ?<\/strong><\/em> Nous avons fait des approfondissements et des workshops sur des th\u00e9matiques li\u00e9es \u00e0 la finance, au leadership, \u00e0 la pauvret\u00e9 des ressources et avons r\u00e9fl\u00e9chi en petits groupes sur comment vivre et diffuser une culture bas\u00e9e sur \u2018\u2019donner\u2019\u2019 et \u2018\u2019partager\u2019\u2019, en participant aussi \u00e0 un exercice de sensibilisation des consommateurs appel\u00e9 \u2018\u2019Into the Label\u2019\u2019. Le titre du dernier jour \u2018\u2019Vivre afin que plus personne ne soit dans le besoin\u2019\u2019 r\u00e9sume ce que nous avons v\u00e9cu. \u00c9taient \u00e9galement pr\u00e9sents, quelques entrepreneurs qui adh\u00e8rent \u00e0 l\u2019\u00c9conomie de Communion, un nouveau mod\u00e8le \u00e9conomique qui veut promouvoir la fraternit\u00e9 dans tous les aspects de l\u2019entreprise.  <img loading=\"lazy\" decoding=\"async\" class=\" wp-image-189717 alignright\" title=\"UCF FOTO SMU 2019 8\" src=\"https:\/\/www.focolare.org\/wp-content\/uploads\/2019\/07\/UCF_FOTO_SMU-2019_8-e1562665851815.jpg\" alt=\"SMU 2019_Mariapoli Luminosa_2\" width=\"395\" height=\"235\" \/>Deux d\u2019entre eux, chefs d\u2019entreprises concurrentes, ont racont\u00e9 comment ils ont essay\u00e9 de ne pas compromettre leur rapport personnel malgr\u00e9 la concurrence impitoyable de leurs deux entreprises. Parmi les \u00e9v\u00e9nements de la semaine il y a \u00e9galement eu \u2018\u2019Hands4Humanity\u2019\u2019 : la visite rendue \u00e0 une maison de soin et de revalidation. Ensuite, des actions anti-gaspillage et en faveur du recyclage, ainsi qu\u2019une exposition d\u2019art intitul\u00e9e \u2018\u2019Trame de fraternit\u00e9\u2019\u2019, un voyage sur la mani\u00e8re avec laquelle on peut devenir constructeurs en tissu de fraternit\u00e9.  <em><strong>Un jour, vous avez \u00e9t\u00e9 \u00e0 New York City. Qu\u2019y avez-vous fait ?<\/strong><\/em> Ce fut une journ\u00e9e d\u00e9di\u00e9e \u00e0 la crise climatique. Avec Lorna Gold, auteure du livre \u2018\u2019Climate Generation\u2019\u2019 et avec d\u2019autres activistes environnementaux, on a parl\u00e9 de la mani\u00e8re avec laquelle on pouvait combattre l\u2019injustice climatique. Chacun a \u00e9crit sur une feuille de papier quelle \u00e9tait sa contribution ou un d\u00e9sir \u00e0 propos de ce th\u00e8me et l \u2018a plac\u00e9e \u00e0 c\u00f4t\u00e9 du dessin d\u2019un grand tronc d\u2019arbre. Nos engagements formaient ainsi un grand arbre, un appel \u00e0 l\u2019action collective et individuelle. \u2018\u2019Cet \u00e9v\u00e9nement m\u2019a aid\u00e9e \u00e0 comprendre qu\u2019un monde uni est, non seulement possible, mais est d\u00e9j\u00e0 en train de devenir r\u00e9alit\u00e9 ! &#8211; a dit Maria Bisada di Toronto \u2013 M\u00eame si ce parcours est presque termin\u00e9, notre mission ne se termine pas l\u00e0\u2019\u2019. Mettant \u00e0 profit les engagements pris et les mettant en pratique, maintenant nous ouvrons en effet, avec tous les jeunes des Focolari, le deuxi\u00e8me des \u2018\u2019Sentiers pour un monde uni\u2019\u2019, centr\u00e9 sur la paix, les droits de l\u2019homme, la justice et la culture de la l\u00e9galit\u00e9. <\/p>\n<p style=\"text-align: right;\"><em>Stefania Tanesini<\/em><\/p>\n","protected":false},"excerpt":{"rendered":"<p>Soixante-dix jeunes se sont donn\u00e9 rendez-vous aux USA pour un des \u00e9v\u00e9nements internationaux li\u00e9s \u00e0 la Semaine Monde Uni 2019. Une semaine qui a conclu le premier des 6 \u2018\u2019Parcours pour un Monde Uni\u2019\u2019 lanc\u00e9s par les jeunes des Focolari, centr\u00e9s sur le travail et l\u2019\u00e9conomie et a ouvert le second sur la paix, la justice et la l\u00e9galit\u00e9.<\/p>\n","protected":false},"author":27,"featured_media":0,"comment_status":"open","ping_status":"open","sticky":false,"template":"","format":"standard","meta":{"give_campaign_id":0,"_seopress_robots_primary_cat":"","_seopress_titles_title":"","_seopress_titles_desc":"","_seopress_robots_index":"","_et_pb_use_builder":"","_et_pb_old_content":"","_et_gb_content_width":"","footnotes":""},"categories":[47],"tags":[],"class_list":["post-313842","post","type-post","status-publish","format-standard","hentry","category-non-classifiee"],"_links":{"self":[{"href":"https:\/\/www.focolare.org\/fr\/wp-json\/wp\/v2\/posts\/313842","targetHints":{"allow":["GET"]}}],"collection":[{"href":"https:\/\/www.focolare.org\/fr\/wp-json\/wp\/v2\/posts"}],"about":[{"href":"https:\/\/www.focolare.org\/fr\/wp-json\/wp\/v2\/types\/post"}],"author":[{"embeddable":true,"href":"https:\/\/www.focolare.org\/fr\/wp-json\/wp\/v2\/users\/27"}],"replies":[{"embeddable":true,"href":"https:\/\/www.focolare.org\/fr\/wp-json\/wp\/v2\/comments?post=313842"}],"version-history":[{"count":0,"href":"https:\/\/www.focolare.org\/fr\/wp-json\/wp\/v2\/posts\/313842\/revisions"}],"wp:attachment":[{"href":"https:\/\/www.focolare.org\/fr\/wp-json\/wp\/v2\/media?parent=313842"}],"wp:term":[{"taxonomy":"category","embeddable":true,"href":"https:\/\/www.focolare.org\/fr\/wp-json\/wp\/v2\/categories?post=313842"},{"taxonomy":"post_tag","embeddable":true,"href":"https:\/\/www.focolare.org\/fr\/wp-json\/wp\/v2\/tags?post=313842"}],"curies":[{"name":"wp","href":"https:\/\/api.w.org\/{rel}","templated":true}]}}