{"id":313846,"date":"2019-07-15T20:02:34","date_gmt":"2019-07-15T18:02:34","guid":{"rendered":"https:\/\/www.focolare.org\/16-juillet-1949-16-juillet-2019-la-mystique-du-paradis-de-1949-au-service-de-lhumanite-daujourdhui\/"},"modified":"2024-05-15T20:59:09","modified_gmt":"2024-05-15T18:59:09","slug":"16-juillet-1949-16-juillet-2019-la-mystique-du-paradis-de-1949-au-service-de-lhumanite-daujourdhui","status":"publish","type":"post","link":"https:\/\/www.focolare.org\/fr\/16-juillet-1949-16-juillet-2019-la-mystique-du-paradis-de-1949-au-service-de-lhumanite-daujourdhui\/","title":{"rendered":"16 juillet 1949 -16 juillet 2019 : la mystique du Paradis de 1949 au service de l\u2019humanit\u00e9 d\u2019aujourd\u2019hui"},"content":{"rendered":"<p><em>Du pacte spirituel sp\u00e9cial que Chiara Lubich et Igino Giordani scell\u00e8rent le 16 juillet 1949, est n\u00e9e une exp\u00e9rience mystique originale, ouverte \u00e0 l\u2019humanit\u00e9 et transformant l\u2019histoire des communaut\u00e9s et des peuples.<\/em>  \u00ab Toutes les pages que j\u2019ai \u00e9crites ne valent rien si l\u2019\u00e2me qui les lit n\u2019aime pas, n\u2019est pas en Dieu. Elles ont de la valeur si c\u2019est Dieu qui les lit en elle. Or ce que je d\u00e9sire laisser \u00e0 ceux qui suivront mon Id\u00e9al est la certitude que l\u2019Esprit Saint suffit \u2013 et la fid\u00e9lit\u00e9 \u00e0 qui a commenc\u00e9 \u2013 pour que l\u2019\u0152uvre continue. [\u2026] Accessoirement je peux aussi laisser ce que j\u2019ai \u00e9crit, mais cela ne vaut que si c\u2019est consid\u00e9r\u00e9 comme \u2018\u2019 accessoire \u2018\u2019. J\u00e9sus m\u00eame, tout en \u00e9tant Dieu et en ayant tout en lui-m\u00eame, n\u2019est pas venu pour d\u00e9truire et tout refaire \u00e0 z\u00e9ro mais pour compl\u00e9ter. Ainsi donc ceux qui me suivront pourront compl\u00e9ter ce que j\u2019ai fait.  Je ne veux pas aimer ceux qui viendront apr\u00e8s moi moins que moi-m\u00eame. Je d\u00e9sire donc qu\u2019ils aient l\u2019Esprit Saint jaillissant en eux, comme Dieu me le donna. Ils ne L\u2019auront pas directement, ils L\u2019auront par un interm\u00e9diaire, mais ils L\u2019auront, vivant, de la bouche m\u00eame de la personne qui Le transmettra parce qu\u2019elle vit ce qu\u2019Il enseigne \u00e0 travers moi.  Il est bon alors d\u2019\u00e9liminer r\u00e9solument tout souci pour n\u2019avoir que celui de faire la divine volont\u00e9 qui nous est manifest\u00e9e instant apr\u00e8s instant, mais sans rien sugg\u00e9rer \u00e0 Dieu. \u00bb (<em>Chiara Lubich<\/em> (Paradis de 1949, versets 237-243)  Quelles sont ces \u00ab\u00a0pages\u00a0\u00bb dont parle Chiara Lubich ? Ce sont les pages du texte connu sous le nom de Paradis de 1949, qu\u2019elle a \u00e9crites il y a soixante-dix ans, sous l&rsquo;action d&rsquo;une lumi\u00e8re spirituelle qui se prolongera les mois suivants. Dans le passage cit\u00e9, Chiara s&rsquo;adresse directement \u00e0 ceux qui, aujourd&rsquo;hui, veulent non seulement se souvenir de ce qui s&rsquo;est pass\u00e9 \u00e0 ce moment-l\u00e0, mais \u00e9galement se greffer sur l&rsquo;exp\u00e9rience mystique qu&rsquo;elle et quelques membres de la communaut\u00e9 naissante des Focolari vivaient alors. Les belles paroles, les m\u00e9taphores suggestives et la dimension conceptuelle de ces pages peuvent satisfaire le sens esth\u00e9tique du lecteur, lui faire go\u00fbter le climat religieux qui r\u00e9gnait alors, mais rien de plus.  Seuls ceux qui aiment sont en mesure de saisir le sens profond de la mystique du Paradis de 1949. Une telle signification d\u00e9coule de la compr\u00e9hension de la r\u00e9alit\u00e9 humaine et de toute cr\u00e9ature directement inspir\u00e9e par la contemplation de Dieu et en Dieu. Les fruits de cette exp\u00e9rience sont sous nos yeux : nous voyons la spiritualit\u00e9 de communion, la pens\u00e9e qui \u00e9mane du charisme de l&rsquo;unit\u00e9, la mission du Mouvement des Focolari, les initiatives et les \u0153uvres qui naissent de son engagement dans le domaine social.  Ce n&rsquo;est pas un hasard si le d\u00e9but de cette exp\u00e9rience mystique s\u2019est effectu\u00e9 gr\u00e2ce \u00e0 un pacte spirituel sp\u00e9cial que Chiara a scell\u00e9 avec Igino Giordani, \u00e9poux et p\u00e8re de famille, parlementaire et \u00e9crivain. Habituellement, la mystique est inaccessible \u00e0 qui est plong\u00e9 dans les d\u00e9fis de la vie quotidienne, \u00e0 qui a une famille, un travail, des engagements imp\u00e9ratifs et des d\u00e9fis compliqu\u00e9s \u00e0 relever.  Le fait que le Paradis de 1949 ait \u00e9t\u00e9 ouvert par l&rsquo;unit\u00e9 entre Chiara et Igino laisse entendre que la spiritualit\u00e9 de Chiara Lubich n&rsquo;est pas r\u00e9serv\u00e9e, qu\u2019elle n&rsquo;est pas destin\u00e9e \u00e0 ceux qui vivent une condition religieuse particuli\u00e8re, mais qu\u2019elle s\u2019adresse \u00e0 l&rsquo;humanit\u00e9 et est appel\u00e9e \u00e0 soutenir la marche vers l&rsquo;unit\u00e9 de tous, hommes et femmes, communaut\u00e9s et groupes, peuples et nations, quelles que soient les circonstances et les conditions. Aujourd&rsquo;hui, Chiara nous demande de continuer son \u0153uvre. <\/p>\n<p style=\"text-align: right;\"><em>Alberto Lo Presti<\/em><\/p>\n","protected":false},"excerpt":{"rendered":"<p>Du pacte spirituel sp\u00e9cial que Chiara Lubich et Igino Giordani scell\u00e8rent le 16 juillet 1949, est n\u00e9e une exp\u00e9rience mystique originale, ouverte \u00e0 l\u2019humanit\u00e9 et transformant l\u2019histoire des communaut\u00e9s et des peuples.<\/p>\n","protected":false},"author":27,"featured_media":0,"comment_status":"open","ping_status":"open","sticky":false,"template":"","format":"standard","meta":{"give_campaign_id":0,"_seopress_robots_primary_cat":"","_seopress_titles_title":"","_seopress_titles_desc":"","_seopress_robots_index":"","_et_pb_use_builder":"","_et_pb_old_content":"","_et_gb_content_width":"","footnotes":""},"categories":[47],"tags":[],"class_list":["post-313846","post","type-post","status-publish","format-standard","hentry","category-non-classifiee"],"_links":{"self":[{"href":"https:\/\/www.focolare.org\/fr\/wp-json\/wp\/v2\/posts\/313846","targetHints":{"allow":["GET"]}}],"collection":[{"href":"https:\/\/www.focolare.org\/fr\/wp-json\/wp\/v2\/posts"}],"about":[{"href":"https:\/\/www.focolare.org\/fr\/wp-json\/wp\/v2\/types\/post"}],"author":[{"embeddable":true,"href":"https:\/\/www.focolare.org\/fr\/wp-json\/wp\/v2\/users\/27"}],"replies":[{"embeddable":true,"href":"https:\/\/www.focolare.org\/fr\/wp-json\/wp\/v2\/comments?post=313846"}],"version-history":[{"count":0,"href":"https:\/\/www.focolare.org\/fr\/wp-json\/wp\/v2\/posts\/313846\/revisions"}],"wp:attachment":[{"href":"https:\/\/www.focolare.org\/fr\/wp-json\/wp\/v2\/media?parent=313846"}],"wp:term":[{"taxonomy":"category","embeddable":true,"href":"https:\/\/www.focolare.org\/fr\/wp-json\/wp\/v2\/categories?post=313846"},{"taxonomy":"post_tag","embeddable":true,"href":"https:\/\/www.focolare.org\/fr\/wp-json\/wp\/v2\/tags?post=313846"}],"curies":[{"name":"wp","href":"https:\/\/api.w.org\/{rel}","templated":true}]}}