{"id":313850,"date":"2019-07-18T20:04:46","date_gmt":"2019-07-18T18:04:46","guid":{"rendered":"https:\/\/www.focolare.org\/mariapolis-europeenne-1-pere-fabio-ciardi-redecouvrir-le-projet-de-dieu-sur-l-humanite\/"},"modified":"2024-05-15T20:59:09","modified_gmt":"2024-05-15T18:59:09","slug":"mariapolis-europeenne-1-pere-fabio-ciardi-redecouvrir-le-projet-de-dieu-sur-l-humanite","status":"publish","type":"post","link":"https:\/\/www.focolare.org\/fr\/mariapolis-europeenne-1-pere-fabio-ciardi-redecouvrir-le-projet-de-dieu-sur-l-humanite\/","title":{"rendered":"Mariapolis europ\u00e9enne\/1 \u2013 p\u00e8re Fabio Ciardi : \u2018\u2019Red\u00e9couvrir le projet de dieu sur l \u2018humanit\u00e9 \u2018\u2019"},"content":{"rendered":"<p><em>La premi\u00e8re Mariapolis europ\u00e9enne organis\u00e9e par le Mouvement des Focolari, \u00e0 Tonadico dans les Dolomites, du 14 juillet au 11 ao\u00fbt, vient de commencer.<\/em>  Dans un contexte historique et politique d\u2019une Europe divis\u00e9e et conflictuelle, l\u2019\u00e9v\u00e9nement veut t\u00e9moigner du fait que le r\u00eave de fraternit\u00e9 entre les peuples n\u2019est pas une utopie. L\u2019intuition initiale de Chiara Lubich, fondatrice des Focolari, \u00e0 cheval entre les ann\u00e9es \u201840 et \u201850 du si\u00e8cle pass\u00e9, trouve sa r\u00e9alisation dans les diff\u00e9rents domaines du savoir, comme dans le c\u0153ur des relations entre les personnes et entre les peuples. On en parle avec le P\u00e8re Fabio Ciardi, responsable du centre d\u2019\u00e9tudes interdisciplinaires du Mouvement \u2018\u2019\u00c9cole Abb\u00e0\u2019\u2019 :  <strong>Quel est le lien entre les exp\u00e9riences mystiques que Chiara Lubich eut dans les ann\u00e9es \u201849 et \u201850, pendant et apr\u00e8s la premi\u00e8re Mariapolis, et la naissance de l\u2019\u00c9cole Abb\u00e0 ?<\/strong> \u2018\u2019L\u2019\u00c9cole Abb\u00e0 est n\u00e9e afin d\u2019approfondir ce qui s\u2019est pass\u00e9 au cours de ces ann\u00e9es-l\u00e0. Chiara a eu l\u2019occasion d\u2019\u00e9crire quelque chose de cette exp\u00e9rience au fur et \u00e0 mesure qu\u2019elle avait lieu, consciente qu\u2019il y avait l\u00e0 une doctrine, des valeurs si profondes et si riches qu\u2019elles auraient pu nourrir non seulement l\u2019Oeuvre mais aussi l\u2019\u00c9glise. A un certain moment, elle a ressenti le besoin de reprendre en main ces \u00e9crits et a commenc\u00e9 \u00e0 appeler autour d\u2019elle des personnes d\u2019un certain niveau culturel afin d\u2019entrer en profondeur dans son exp\u00e9rience et \u00e0 en faire jaillir la doctrine qui est d\u00e9j\u00e0 comprise en elle\u2019\u2019.  <strong>Parmi les disciplines qui sont l\u2019objet d\u2019\u00e9tude de l\u2019\u00c9cole Abb\u00e0, il y a l\u2019histoire et la politologie. La r\u00e9flexion de l\u2019\u00c9cole dans ces domaines peut-elle aider \u00e0 comprendre les raisons fondatrices de l\u2019Union Europ\u00e9enne ?<\/strong> \u2018\u2019L\u2019exp\u00e9rience que Chiara a faite en \u201849, lui a permis d\u2019avoir une vision d\u2019en haut du dessein de Dieu sur l\u2019humanit\u00e9 et sur l\u2019histoire. On y retrouve donc des valeurs qui se trouvent \u00e0 la base aussi de l\u2019Europe. L\u2019\u00c9cole Abb\u00e0 veut les mettre en \u00e9vidence et en montrer l\u2019actualit\u00e9. Aujourd\u2019hui la Mariapolis nous aide \u00e0 red\u00e9couvrir ce dessein, \u00e0 comprendre quel est le projet de Dieu sur notre histoire, sur notre identit\u00e9\u2019\u2019.  <strong>Lors des premi\u00e8res ann\u00e9es du Mouvement, Chiara eut l\u2019intuition que l\u2019Europe \u00e9tait appel\u00e9e \u00e0 \u00eatre unie \u00e0 l\u2019int\u00e9rieur d\u2019elle-m\u00eame \u2013 Igino Giordani, cofondateur du Mouvement, souhaitait la naissance des \u00c9tats-Unis d\u2019Europe \u2013 et \u00e0 se pr\u00e9senter comme entit\u00e9 f\u00e9d\u00e9ratrice des peuples dans le contexte mondial. Aujourd\u2019hui cependant, nous sommes loin de cette vision et l\u2019Europe est travers\u00e9e par des nationalismes et des populismes. Comment retrouver cet \u00e9lan et le rendre \u2018\u2019contagieux\u2019\u2019 ?<\/strong> \u2018\u2019Il me semble personnellement que dans l\u2019exp\u00e9rience initiale de \u201849, il y ait tous les \u00e9l\u00e9ments qui permettent d\u2019\u00e9largir le c\u0153ur, afin de faire grandir le sens de fraternit\u00e9, d\u2019accueil, de partage, et de promouvoir un chemin commun. Au d\u00e9but, la r\u00e9flexion de Chiara \u00e9tait concentr\u00e9e sur l\u2019Italie : elle parlait de Sainte Catherine et de Saint Fran\u00e7ois comme \u00e9tant les patrons de l\u2019Italie. Mais bien vite, les horizons se sont ouverts car des personnes d\u2019autres pays d\u2019Europe et d\u2019autres continents se sont unies au Mouvement et Chiara voyait le charisme de l\u2019unit\u00e9 vibrait en tous, et chacun y retrouvait ses valeurs les plus profondes. Elle voyait toute l\u2019humanit\u00e9 en marche vers l\u2019unit\u00e9. Et cela me semble \u00eatre l\u2019id\u00e9al fondamental qui peut \u00eatre r\u00e9alis\u00e9 aujourd\u2019hui aussi. On a besoin d\u2019une r\u00e9flexion culturelle qui sache conjuguer le grand projet de Dieu sur l\u2019humanit\u00e9 avec la situation politique, historique, \u00e9conomique actuelle\u2019\u2019.  <strong>L\u2019exp\u00e9rience d\u2019une Mariapolis europ\u00e9enne, quel message peut-elle faire parvenir aux citoyens d\u2019Europe ?<\/strong> \u2018\u2019L\u2019id\u00e9e que l\u2019unit\u00e9 europ\u00e9enne n\u2019est pas uniformit\u00e9 ou imposition, mais elle est richesse qui vient d\u2019une grande diversit\u00e9. Non seulement des peuples historiques mais \u00e9galement des nouveaux peuples qui arrivent. L\u2019Europe se fa\u00e7onne, elle est en construction continue depuis ses origines, et devrait pouvoir conjuguer ces deux \u00e9l\u00e9ments : promouvoir la fraternit\u00e9, le partage, la communion, l\u2019unit\u00e9 et, en m\u00eame temps, valoriser la grande diversit\u00e9 culturelle, l\u2019histoire particuli\u00e8re de chaque peuple. Je pense que la Mariapolis peut \u00eatre le nouveau creuset dans lequel on apprend \u00e0 se respecter, \u00e0 s\u2019aimer, \u00e0 vivre ensemble\u2019\u2019.  La Mariapolis donc, comme \u2018\u2019laboratoire\u2019\u2019 d\u2019unit\u00e9 pour l\u2019Europe. On pourrait objecter qu\u2019il s\u2019agit d\u2019une perspective utopique\u2026 \u2018\u2019Les lieux de l\u2019utopie sont des lieux imaginaires dans lesquels quelqu\u2019un r\u00eave une r\u00e9alit\u00e9 qui n\u2019existe pas dans les faits. La Mariapolis au contraire est un lieu diff\u00e9rent, il n\u2019est pas utopique mais r\u00e9el, et je pense qu\u2019il faut reproposer des exp\u00e9riences comme celle-ci, significatives, m\u00eame si de petite dimension, qui fassent voir comment pourrait \u00eatre le monde si on pouvait r\u00e9ellement vivre la loi de la fraternit\u00e9, de l\u2019amour et de l\u2019unit\u00e9\u2019\u2019. <\/p>\n<p style=\"text-align: right;\"><em>Claudia Di Lorenzi<\/em><\/p>\n","protected":false},"excerpt":{"rendered":"<p>La premi\u00e8re Mariapolis europ\u00e9enne organis\u00e9e par le Mouvement des Focolari, \u00e0 Tonadico dans les Dolomites, du 14 juillet au 11 ao\u00fbt, vient de commencer.<\/p>\n","protected":false},"author":33,"featured_media":0,"comment_status":"open","ping_status":"open","sticky":false,"template":"","format":"standard","meta":{"give_campaign_id":0,"_seopress_robots_primary_cat":"","_seopress_titles_title":"","_seopress_titles_desc":"","_seopress_robots_index":"","_et_pb_use_builder":"","_et_pb_old_content":"","_et_gb_content_width":"","footnotes":""},"categories":[47],"tags":[],"class_list":["post-313850","post","type-post","status-publish","format-standard","hentry","category-non-classifiee"],"_links":{"self":[{"href":"https:\/\/www.focolare.org\/fr\/wp-json\/wp\/v2\/posts\/313850","targetHints":{"allow":["GET"]}}],"collection":[{"href":"https:\/\/www.focolare.org\/fr\/wp-json\/wp\/v2\/posts"}],"about":[{"href":"https:\/\/www.focolare.org\/fr\/wp-json\/wp\/v2\/types\/post"}],"author":[{"embeddable":true,"href":"https:\/\/www.focolare.org\/fr\/wp-json\/wp\/v2\/users\/33"}],"replies":[{"embeddable":true,"href":"https:\/\/www.focolare.org\/fr\/wp-json\/wp\/v2\/comments?post=313850"}],"version-history":[{"count":0,"href":"https:\/\/www.focolare.org\/fr\/wp-json\/wp\/v2\/posts\/313850\/revisions"}],"wp:attachment":[{"href":"https:\/\/www.focolare.org\/fr\/wp-json\/wp\/v2\/media?parent=313850"}],"wp:term":[{"taxonomy":"category","embeddable":true,"href":"https:\/\/www.focolare.org\/fr\/wp-json\/wp\/v2\/categories?post=313850"},{"taxonomy":"post_tag","embeddable":true,"href":"https:\/\/www.focolare.org\/fr\/wp-json\/wp\/v2\/tags?post=313850"}],"curies":[{"name":"wp","href":"https:\/\/api.w.org\/{rel}","templated":true}]}}