{"id":313852,"date":"2019-07-20T07:10:35","date_gmt":"2019-07-20T05:10:35","guid":{"rendered":"https:\/\/www.focolare.org\/leconomie-de-francois-ouverture-des-inscriptions-pour-les-moins-de-35-ans\/"},"modified":"2024-05-15T20:59:10","modified_gmt":"2024-05-15T18:59:10","slug":"leconomie-de-francois-ouverture-des-inscriptions-pour-les-moins-de-35-ans","status":"publish","type":"post","link":"https:\/\/www.focolare.org\/fr\/leconomie-de-francois-ouverture-des-inscriptions-pour-les-moins-de-35-ans\/","title":{"rendered":"L\u2019\u00c9conomie de Fran\u00e7ois &#8211; ouverture des inscriptions pour les moins de 35 ans"},"content":{"rendered":"<p><em>L&rsquo;\u00e9v\u00e9nement aura lieu du 26 au 28 mars, avec la pr\u00e9sence, entre autres, de Yunus, Frey, Meloto, Petrini, Raworth, Sachs, Sen, Shiva et Zamagni.<\/em>  ASSISI (PERUGIA), LUG \u2013 Les inscriptions pour les trois jours souhait\u00e9s par le <strong>Pape Fran\u00e7ois<\/strong> destin\u00e9s aux jeunes, \u00e9conomistes, entrepreneurs et change-makers sont ouvertes. <strong>Du 26 au 28 mars<\/strong>, Assise accueillera l&rsquo;\u00e9v\u00e9nement international The ECONOMY of FRANCESCO (L&rsquo;\u00c9conomie de Fran\u00e7ois). Les jeunes, un pacte, l&rsquo;avenir. L&rsquo;invitation \u00e0 participer vient directement du Saint-P\u00e8re et s&rsquo;adresse aux jeunes de moins de 35 ans. Vous pouvez soumettre votre candidature le 30 septembre sur le site Web <a href=\"http:\/\/www.francescoeconomy.org\/\" target=\"_blank\" rel=\"noopener noreferrer\">www.francescoeconomy.org<\/a>  <img loading=\"lazy\" decoding=\"async\" class=\"alignleft wp-image-189891\" title=\"teheof slide2\" src=\"https:\/\/www.focolare.org\/wp-content\/uploads\/2019\/07\/teheof_slide2-72x180.jpg\" alt=\"teheof slide2\" width=\"200\" height=\"500\" \/>L&rsquo;\u00e9v\u00e9nement <strong>L\u2019\u00c9conomie de Fran\u00e7ois<\/strong> sera compos\u00e9 d&rsquo;ateliers, d&rsquo;\u00e9v\u00e9nements artistiques et de s\u00e9ances pl\u00e9ni\u00e8res avec les \u00e9conomistes les plus reconnus, des experts en d\u00e9veloppement durable, des entrepreneurs et des entrepreneures qui s&rsquo;engagent aujourd&rsquo;hui dans le monde entier pour une \u00e9conomie diff\u00e9rente et qui r\u00e9fl\u00e9chiront et travailleront avec des jeunes. Les prix Nobel <strong>Muhammad Yunus et Amarthya Sen<\/strong> ont d\u00e9j\u00e0 confirm\u00e9 leur pr\u00e9sence, ainsi que <strong>Bruno Frey, Tony Meloto, Carlo Petrini, Kate Raworth, Jeffrey Sachs, Vandana Shiva et Stefano Zamagni.<\/strong>  Il ne s&rsquo;agit pas d&rsquo;une conf\u00e9rence traditionnelle, mais d&rsquo;une exp\u00e9rience o\u00f9 la th\u00e9orie et la pratique se rencontrent pour construire de nouvelles id\u00e9es et collaborations. Un programme o\u00f9 le temps ralentit pour laisser place \u00e0 la r\u00e9flexion et au silence, aux histoires et aux rencontres, \u00e0 l&rsquo;art et \u00e0 la spiritualit\u00e9, pour qu\u2019\u00e9mergent la pens\u00e9e et l&rsquo;action \u00e9conomique des jeunes.  La rencontre s&rsquo;adresse aux moins de 35 ans engag\u00e9s dans la recherche : \u00e9tudiants et chercheurs en \u00e9conomie et autres disciplines annexes (\u00e9tudiants en ma\u00eetrise, doctorants, jeunes chercheurs) ; et aux entreprises : entrepreneurs et cadres. Possibilit\u00e9 de participer aussi pour les change-makers, promoteurs d&rsquo;activit\u00e9s au service du bien commun et d&rsquo;une \u00e9conomie juste, durable et solidaire.  La proposition est de faire un pacte avec les jeunes, au-del\u00e0 des diff\u00e9rences de croyance et de nationalit\u00e9, pour changer l&rsquo;\u00e9conomie actuelle et donner une \u00e2me \u00e0 celle de demain, afin qu&rsquo;elle soit plus juste, plus durable et engage une autre fa\u00e7on de promouvoir ceux qui sont exclus aujourd&rsquo;hui.  Parmi tous les candidats, 500 jeunes seront choisis pour participer \u00e0 un pr\u00e9-\u00e9v\u00e9nement pr\u00e9vu les 24 et 25 mars : une occasion de travail et d&rsquo;\u00e9tude qui se poursuivra pendant les journ\u00e9es consacr\u00e9es \u00e0 l&rsquo;\u00e9v\u00e9nement proprement dit (26-27-28) avec l\u2019ensemble de tous les autres participants.  Toutes les informations sont disponibles sur le site <a href=\"http:\/\/www.francescoeconomy.org\/\" target=\"_blank\" rel=\"noopener noreferrer\">www.francescoeconomy.org<\/a><\/p>\n","protected":false},"excerpt":{"rendered":"<p>L&rsquo;\u00e9v\u00e9nement aura lieu du 26 au 28 mars, avec la pr\u00e9sence, entre autres, de Yunus, Frey, Meloto, Petrini, Raworth, Sachs, Sen, Shiva et Zamagni.<\/p>\n","protected":false},"author":24,"featured_media":0,"comment_status":"open","ping_status":"open","sticky":false,"template":"","format":"standard","meta":{"give_campaign_id":0,"_seopress_robots_primary_cat":"","_seopress_titles_title":"","_seopress_titles_desc":"","_seopress_robots_index":"","_et_pb_use_builder":"","_et_pb_old_content":"","_et_gb_content_width":"","footnotes":""},"categories":[47],"tags":[],"class_list":["post-313852","post","type-post","status-publish","format-standard","hentry","category-non-classifiee"],"_links":{"self":[{"href":"https:\/\/www.focolare.org\/fr\/wp-json\/wp\/v2\/posts\/313852","targetHints":{"allow":["GET"]}}],"collection":[{"href":"https:\/\/www.focolare.org\/fr\/wp-json\/wp\/v2\/posts"}],"about":[{"href":"https:\/\/www.focolare.org\/fr\/wp-json\/wp\/v2\/types\/post"}],"author":[{"embeddable":true,"href":"https:\/\/www.focolare.org\/fr\/wp-json\/wp\/v2\/users\/24"}],"replies":[{"embeddable":true,"href":"https:\/\/www.focolare.org\/fr\/wp-json\/wp\/v2\/comments?post=313852"}],"version-history":[{"count":0,"href":"https:\/\/www.focolare.org\/fr\/wp-json\/wp\/v2\/posts\/313852\/revisions"}],"wp:attachment":[{"href":"https:\/\/www.focolare.org\/fr\/wp-json\/wp\/v2\/media?parent=313852"}],"wp:term":[{"taxonomy":"category","embeddable":true,"href":"https:\/\/www.focolare.org\/fr\/wp-json\/wp\/v2\/categories?post=313852"},{"taxonomy":"post_tag","embeddable":true,"href":"https:\/\/www.focolare.org\/fr\/wp-json\/wp\/v2\/tags?post=313852"}],"curies":[{"name":"wp","href":"https:\/\/api.w.org\/{rel}","templated":true}]}}