{"id":313884,"date":"2019-08-13T20:02:38","date_gmt":"2019-08-13T18:02:38","guid":{"rendered":"https:\/\/www.focolare.org\/catholiques-et-protestants-unis-pour-la-reconciliation-en-irlande-du-nord\/"},"modified":"2024-05-15T20:59:16","modified_gmt":"2024-05-15T18:59:16","slug":"catholiques-et-protestants-unis-pour-la-reconciliation-en-irlande-du-nord","status":"publish","type":"post","link":"https:\/\/www.focolare.org\/fr\/catholiques-et-protestants-unis-pour-la-reconciliation-en-irlande-du-nord\/","title":{"rendered":"Catholiques et protestants unis pour la r\u00e9conciliation en Irlande du Nord"},"content":{"rendered":"<p><em>Histoire racont\u00e9e \u00e0 la Mariapolis europ\u00e9enne d&rsquo;une amiti\u00e9 possible semant des graines de paix.<\/em>  S\u2019ouvrir et \u00ab choisir un style de vie inclusif \u00bb. S\u2019ouvrir pour se r\u00e9concilier et d\u00e9couvrir la perle qui est en chaque homme. S\u2019ouvrir comme J\u00e9sus qui se fit rencontre \u00e0 tous et laisser agir l&rsquo;Esprit Saint \u00ab qui se r\u00e9jouit dans la diversit\u00e9 mais poursuit l&rsquo;unit\u00e9 \u00bb. C\u2019est le chemin que <strong>Ken Newell, ministre presbyt\u00e9rien \u00e0 Belfast<\/strong>, la capitale d&rsquo;Irlande du Nord, poursuit depuis de nombreuses ann\u00e9es.  Cette terre souffre encore aujourd&rsquo;hui des blessures laiss\u00e9es par le conflit qui oppose depuis 30 ans, depuis la fin des ann\u00e9es 60, les unionistes aux s\u00e9paratistes : les premiers, protestants, partisans de l&rsquo;appartenance au Royaume-Uni ; les seconds, catholiques, d\u00e9fenseurs de la r\u00e9unification de l&rsquo;Irlande du Nord et du Sud. Un conflit politique qui a empoisonn\u00e9 le tissu social, transformant les villes en champs de bataille et conduisant \u00e0 une \u00ab\u00a0s\u00e9gr\u00e9gation religieuse\u00a0\u00bb : les protestants et les catholiques vivent dans des quartiers diff\u00e9rents, les communaut\u00e9s ne se rencontrent pas, il y a m\u00e9fiance et pr\u00e9jug\u00e9s.  Ce n&rsquo;\u00e9tait pas facile pour le r\u00e9v\u00e9rend Ken d&rsquo;essayer de construire des ponts. \u00ab\u00a0J&rsquo;ai d\u00fb faire le premier travail sur moi-m\u00eame\u00a0; j\u2019ai grandi \u00e0 Belfast dans une communaut\u00e9 protestante et unioniste &#8211; dit-il \u00e0 la Mariapolis europ\u00e9enne &#8211;\u00a0; j&rsquo;ai \u00e9t\u00e9 fa\u00e7onn\u00e9 par la culture de ma communaut\u00e9 dans mes premi\u00e8res ann\u00e9es, (&#8230;) ; beaucoup de choses \u00e9taient saines, bonnes et sereines mais d&rsquo;autres aspects m&rsquo;ont influenc\u00e9 par des attitudes n\u00e9gatives envers la communaut\u00e9 catholique, irlandaise et nationaliste\u00a0; j\u2019ai mis plusieurs ann\u00e9es pour les surmonter\u00a0\u00bb.  Un chemin l&rsquo;a vu s&rsquo;ouvrir lentement et lui a fait d\u00e9couvrir la beaut\u00e9 de la diversit\u00e9. Ainsi, aux Pays-Bas o\u00f9 la rencontre avec un pr\u00eatre l&rsquo;a convaincu de participer \u00e0 une messe. Ou en Indon\u00e9sie, o\u00f9, en tant qu&rsquo;enseignant dans un s\u00e9minaire au Timor, il a pu s&rsquo;immerger dans un pays diff\u00e9rent par sa langue, sa nourriture et sa culture. \u00ab\u00a0J&rsquo;ai commenc\u00e9 \u00e0 r\u00e9aliser que, tout comme il y a diff\u00e9rentes couleurs dans un arc-en-ciel, Dieu a cr\u00e9\u00e9 la race humaine avec une incroyable diversit\u00e9 ; valoriser les cultures du Timor m&rsquo;a appris \u00e0 appr\u00e9cier le positif dans ma culture\u00a0\u00bb.  Dans sa relation avec le pr\u00eatre No\u00ebl Carrel, il fait la d\u00e9couverte d&rsquo;une amiti\u00e9 possible : \u00ab\u00a0nous nous sommes rendus compte que nous \u00e9tions au Timor pour servir l&rsquo;unique Christ, que nous avions le m\u00eame P\u00e8re du Ciel et que nous \u00e9tions fr\u00e8res. Je me suis demand\u00e9 s&rsquo;il aurait \u00e9t\u00e9 possible d&rsquo;avoir un tel ami en Irlande du Nord. D&rsquo;o\u00f9 une prise de conscience claire : L&rsquo;Esprit Saint m&rsquo;a ouvert \u00e0 la \u00ab\u00a0diversit\u00e9\u00a0\u00bb \u00e0 l&rsquo;autre bout du monde et m&rsquo;a pouss\u00e9 \u00e0 rechercher le meilleur dans la culture et dans la spiritualit\u00e9 catholique irlandaise\u00a0\u00bb.  De retour \u00e0 Belfast en 1976, il est appel\u00e9 \u00e0 diriger l&rsquo;Eglise presbyt\u00e9rienne de Fitzroy : son style de vie inclusif est \u00e0 contre-courant. Dans l&rsquo;un des moments les plus difficiles du conflit, son invitation \u00e0 construire de nouvelles relations est reprise par les membres d&rsquo;un monast\u00e8re r\u00e9demptoriste de Clonard. C\u2019est ainsi que na\u00eet l&rsquo;Association de Clonard &#8211; Fitzroy.  L&rsquo;amiti\u00e9 humaine et spirituelle avec le P\u00e8re Gerry Reynolds, \u00e0 la t\u00eate de la Communaut\u00e9 de Clonard, \u00ab\u00a0compagnon dans la construction de la paix\u00a0\u00bb, a donn\u00e9 lieu \u00e0 de nombreuses exp\u00e9riences de partage : \u00ab\u00a0Nous commen\u00e7ons \u00e0 aller ensemble aux fun\u00e9railles des policiers tu\u00e9s par des terroristes et des civils innocents tu\u00e9s par des groupes paramilitaires loyalistes ; il est rare de voir des ministres protestants et des pr\u00eatres catholiques ensemble aux obs\u00e8ques pour r\u00e9conforter les familles des disparus\u00bb.  Ils participent aux c\u00e9l\u00e9brations l&rsquo;un de l&rsquo;autre\u00a0; le P\u00e8re Gerry et le R\u00e9v\u00e9rend Ken participent ensemble \u00e0 des mariages entre personnes de diff\u00e9rentes \u00c9glises.  Une autre \u00e9tape inattendue est rendue possible : le pr\u00eatre et le ministre sont invit\u00e9s \u00e0 des rencontres avec les dirigeants politiques des partis en lutte pour parvenir \u00e0 un cessez-le-feu et adopter des politiques de paix. Lentement, les politiciens des principaux partis d&rsquo;Irlande du Nord, le DUP pro-britannique et le Sinn Fein pro-irlandais, reconnaissent l&rsquo;association Clonard &#8211; Fitzroy comme un \u00ab\u00a0espace s\u00fbr\u00a0\u00bb pour la discussion. Le d\u00e9sir de r\u00e9conciliation conduira en 2007 au \u00ab\u00a0miracle de Belfast\u00a0\u00bb. Le r\u00e9v\u00e9rend Newell dit\u00a0: \u00ab\u00a0A Stormont, qui est l&rsquo;\u00e9difice gouvernemental de l&rsquo;Irlande du Nord, \u00ab\u00a0le r\u00e9v\u00e9rend Ian Paisley, Premier ministre du pouvoir ex\u00e9cutif partag\u00e9, et le vice-premier ministre Martin McGuinness, ancien commandant de l&rsquo;IRA, descendent l&rsquo;escalier de marbre, s&rsquo;assoient c\u00f4te \u00e0 c\u00f4te devant la presse mondiale et s\u2019adressent aux habitants d&rsquo;Irlande du Nord\u00a0; ils parlent de leur d\u00e9termination \u00e0 conduire le pays vers un avenir meilleur et plus r\u00e9concili\u00e9\u00a0\u00bb. C&rsquo;est l&rsquo;aube d&rsquo;un nouveau jour.  L&rsquo;association Clonard-Fitzroy, qui existe d\u00e9sormais depuis 38 ans et a inspir\u00e9 des milliers d&rsquo;initiatives similaires, a re\u00e7u en 1999 le Prix international pour la paix Pax Christi. <\/p>\n<p style=\"text-align: right;\"><em>Claudia di Lorenzi<\/em><\/p>\n<p> &nbsp;<\/p>\n","protected":false},"excerpt":{"rendered":"<p>Histoire racont\u00e9e \u00e0 la Mariapolis europ\u00e9enne d&rsquo;une amiti\u00e9 possible semant des graines de paix.<\/p>\n","protected":false},"author":33,"featured_media":0,"comment_status":"open","ping_status":"open","sticky":false,"template":"","format":"standard","meta":{"give_campaign_id":0,"_seopress_robots_primary_cat":"","_seopress_titles_title":"","_seopress_titles_desc":"","_seopress_robots_index":"","_et_pb_use_builder":"","_et_pb_old_content":"","_et_gb_content_width":"","footnotes":""},"categories":[47],"tags":[],"class_list":["post-313884","post","type-post","status-publish","format-standard","hentry","category-non-classifiee"],"_links":{"self":[{"href":"https:\/\/www.focolare.org\/fr\/wp-json\/wp\/v2\/posts\/313884","targetHints":{"allow":["GET"]}}],"collection":[{"href":"https:\/\/www.focolare.org\/fr\/wp-json\/wp\/v2\/posts"}],"about":[{"href":"https:\/\/www.focolare.org\/fr\/wp-json\/wp\/v2\/types\/post"}],"author":[{"embeddable":true,"href":"https:\/\/www.focolare.org\/fr\/wp-json\/wp\/v2\/users\/33"}],"replies":[{"embeddable":true,"href":"https:\/\/www.focolare.org\/fr\/wp-json\/wp\/v2\/comments?post=313884"}],"version-history":[{"count":0,"href":"https:\/\/www.focolare.org\/fr\/wp-json\/wp\/v2\/posts\/313884\/revisions"}],"wp:attachment":[{"href":"https:\/\/www.focolare.org\/fr\/wp-json\/wp\/v2\/media?parent=313884"}],"wp:term":[{"taxonomy":"category","embeddable":true,"href":"https:\/\/www.focolare.org\/fr\/wp-json\/wp\/v2\/categories?post=313884"},{"taxonomy":"post_tag","embeddable":true,"href":"https:\/\/www.focolare.org\/fr\/wp-json\/wp\/v2\/tags?post=313884"}],"curies":[{"name":"wp","href":"https:\/\/api.w.org\/{rel}","templated":true}]}}