{"id":313910,"date":"2019-09-08T20:15:57","date_gmt":"2019-09-08T18:15:57","guid":{"rendered":"https:\/\/www.focolare.org\/creer-des-espaces-de-communion-entre-les-famillescharismatiques\/"},"modified":"2024-05-15T20:59:20","modified_gmt":"2024-05-15T18:59:20","slug":"creer-des-espaces-de-communion-entre-les-famillescharismatiques","status":"publish","type":"post","link":"https:\/\/www.focolare.org\/fr\/creer-des-espaces-de-communion-entre-les-famillescharismatiques\/","title":{"rendered":"Cr\u00e9er des espaces de communion entre les famillescharismatiques"},"content":{"rendered":"<p><em>Du 1er au 5 juillet 2019, 100 membres consacr\u00e9s et religieux de diverses communaut\u00e9s et mouvements appartenant \u00e0 50 ordres, congr\u00e9gations et instituts religieux de six pays et de diverses \u00c9glisesse sont r\u00e9unisdans la Cit\u00e9 pilote oecum\u00e9nique des Focolari en Allemagne. S\u0153ur Tiziana Longhitano, sfp, et le P\u00e8re Salvo D&rsquo;Orto, OMI, responsable des personnes consacr\u00e9es du Mouvement des Focolari, ont \u00e9t\u00e9 interrog\u00e9s sur la signification de cette rencontre. <\/em>  <div id=\"attachment_190917\" style=\"width: 386px\" class=\"wp-caption alignleft\"><img alt=\"\" alt=\"\" loading=\"lazy\" decoding=\"async\" aria-describedby=\"caption-attachment-190917\" class=\"wp-image-190917\" title=\"Ottmaring_tage\" src=\"https:\/\/www.focolare.org\/wp-content\/uploads\/2019\/08\/ot_saalpublikum_uh.jpg\" alt=\"\" width=\"376\" height=\"250\" \/><p id=\"caption-attachment-190917\" class=\"wp-caption-text\">Photo: Ursula Haaf<\/p><\/div>  <strong>P. Salvo<\/strong>: nous la consid\u00e9rons comme l&rsquo;\u00e9tape d&rsquo;un parcours qui a plus de dix ans d&rsquo;exp\u00e9rience. Cette ann\u00e9e, la rencontre a atteint une maturit\u00e9 eccl\u00e9siale consid\u00e9rable gr\u00e2ce \u00e0 l&rsquo;implication, d\u00e8s le d\u00e9but de sapr\u00e9paration, de la Conf\u00e9rence des Sup\u00e9rieurs des Ordres allemands (DOK).  <strong>S\u0153ur Tiziana<\/strong> : il est maintenant \u00e9vident que nous sommes en pr\u00e9sence d\u2018un\u00a0\u00bbcarrefour id\u00e9al\u00a0\u00bbo\u00f9 se rencontrent les anciens et les nouveaux charismes pour un enrichissement mutuel. Il y a un\u00e9 change vivant et cr\u00e9atif dans lequel chacun offresa propre contribution comme signe d&rsquo;une participation profonde \u00e0 la vie de tous et reste spirituellement enrichi et nourri par elle. La participation, pour la deuxi\u00e8me ann\u00e9e cons\u00e9cutive, du Pr\u00e9fet de la Congr\u00e9gation du Vatican pour les Instituts de vie consacr\u00e9e et les Soci\u00e9t\u00e9s de vie apostolique, le Cardinal Jo\u00e3o Braz De Aviz, souligne que ce t\u00e9change est n\u00e9cessaire dans la vie de l&rsquo;\u00c9glise et de l&rsquo;humanit\u00e9.  <em>Quel est le r\u00f4le du Mouvement des Focolari dans cet \u00e9v\u00e9nement ?<\/em>  <strong>P. Salvo<\/strong>: le Mouvement des Focolari a \u00e9t\u00e9 le promoteur de la rencontre dans la multiplicit\u00e9 de ses vocations, parceque se sont \u00e9galement joints aux consacr\u00e9s et aux consacr\u00e9es, des focolarines, focolarini, des hommes et des femmes volontaires de Dieu, appartenant \u00e0 diff\u00e9rentes \u00c9glises.  <strong>S\u0153ur Tiziana<\/strong>: le Mouvement propose une space de communion et d&rsquo;unit\u00e9. Il existe d&rsquo;autres organismes qui permettent aux religieux de se rencontrer, mais le Mouvement des Focolari offre un lieu charismatique o\u00f9 chaque charisme se sent \u00e0 l&rsquo;aise et accueille une harmonie relationnelle qui constitue la toile de fond de chaque mot, de chaque expression verbale et non-verbale.  <em>Des pistes ou des projets concrets de collaboration ont-ils \u00e9t\u00e9 ouverts ? En tant que responsables des personnes consacr\u00e9es du Mouvement des Focolari, comment voyez-vous l&rsquo;avenir apr\u00e8s cette rencontre ?<\/em>  <div id=\"attachment_190918\" style=\"width: 392px\" class=\"wp-caption alignright\"><img loading=\"lazy\" decoding=\"async\" aria-describedby=\"caption-attachment-190918\" class=\"wp-image-190918\" src=\"https:\/\/www.focolare.org\/wp-content\/uploads\/2019\/08\/braz_iv_mk.jpg\" alt=\"Ottmaring_tage_2\" width=\"382\" height=\"254\" \/><p id=\"caption-attachment-190918\" class=\"wp-caption-text\">Photo: Maria Kny<\/p><\/div>  <strong>P. Salvo<\/strong>: gr\u00e2ce aux nombreuses interventions d&rsquo;importants repr\u00e9sentants de diverses \u00c9glises, la rencontre a \u00e9t\u00e9 r\u00e9solument oecum\u00e9nique. Nous croyons donc que la collaboration avec eux va grandir, en s&rsquo;ouvrant, dans les prochaines \u00e9ditions, \u00e0 la participation de personnes consacr\u00e9es de diff\u00e9rentes \u00c9glises. Elle s&rsquo;ouvrira probablement aussi \u00e0 la participation de la\u00efcs qui partagent les charismes des fondateurs des ordres. La Pr\u00e9sidente de la Conf\u00e9rence des Sup\u00e9rieurs des Ordres allemands, S\u0153ur Katharina Kluitmann, a \u00e9galement souhait\u00e9 l&rsquo;implication\u00a0 d&rsquo;autres mouvements eccl\u00e9siaux pour une communion encore plus vasste de la dimension charismatique et proph\u00e9tique des Eglises, surtout en Allemagne, en Autriche et en Suisse. L&rsquo;avenir qui s&rsquo;ouvre apr\u00e8s cette rencontre est celui d&rsquo;une pleine confiance dans le potentiel du Mouvement des Focolari \u00e0 cr\u00e9er des \u00ab\u00a0espaces\u00a0\u00bb de communion et d&rsquo;enrichissement mutuel qui seront offerts aux ordres religieux. L&rsquo;ann\u00e9e prochaine, nous pr\u00e9parons, dans ce sens, un \u00e9v\u00e9nement consacr\u00e9 au Centenaire de la naissance de Chiara Lubich, sur la relation entre le Charisme de l&rsquo;Unit\u00e9 et les autres charismes, qui se tiendra \u00e0 Castelgandolfo les 8 et 9 f\u00e9vrier 2020.  <strong>S\u0153ur Tiziana<\/strong>: l\u2018\u00e9v\u00e9nement de f\u00e9vrier 2020 sera une \u00e9tape importante dans le chemin de l&rsquo;unit\u00e9 entre consacr\u00e9s et la\u00efcs qui se sentent appel\u00e9s, dans leur \u00e9tat de vie, \u00e0 partager les charismes des fondateurs et \u00e0 participer \u00e0 la m\u00eame r\u00e9alit\u00e9 charismatique que les religieux. Une plus grande famille, la \u00ab\u00a0famillec harismatique\u00a0\u00bb, se forme &#8211; dit le Pape Fran\u00e7ois &#8211; dans la quelle hommes et femmes consacr\u00e9s et la\u00efcs se reconnaissent dans le m\u00eame charisme. En f\u00e9vrier, nous voulons promouvoir une plus grande unit\u00e9 entre les familles charismatiques en encourageant la communion entre les institutions religieuses. Cela nous semble \u00eatre la proph\u00e9tie du pr\u00e9sent et de l&rsquo;avenir de l&rsquo;\u00c9glise et de l&rsquo;humanit\u00e9 sur le cheminv ers l\u2018 <em>ut omnes unum sint(que tous soient un) <\/em>que J\u00e9sus a demand\u00e9 \u00e0 son P\u00e8re. <\/p>\n<p style=\"text-align: right;\"><em>Entretienr\u00e9alis\u00e9 par Anna Lisa Innocenti<\/em><\/p>\n<p> <em>\u00a0<\/em><\/p>\n","protected":false},"excerpt":{"rendered":"<p>Du 1er au 5 juillet 2019, 100 membres consacr\u00e9s et religieux de diverses communaut\u00e9s et mouvements appartenant \u00e0 50 ordres, congr\u00e9gations et instituts religieux de six pays et de diverses \u00c9glisesse sont r\u00e9unisdans la Cit\u00e9 pilote oecum\u00e9nique des Focolari en Allemagne. S\u0153ur Tiziana Longhitano, sfp, et le P\u00e8re Salvo D&rsquo;Orto, OMI, responsable des personnes consacr\u00e9es du Mouvement des Focolari, ont \u00e9t\u00e9 interrog\u00e9s sur la signification de cette rencontre.<\/p>\n","protected":false},"author":27,"featured_media":0,"comment_status":"open","ping_status":"open","sticky":false,"template":"","format":"standard","meta":{"give_campaign_id":0,"_seopress_robots_primary_cat":"","_seopress_titles_title":"","_seopress_titles_desc":"","_seopress_robots_index":"","_et_pb_use_builder":"","_et_pb_old_content":"","_et_gb_content_width":"","footnotes":""},"categories":[47],"tags":[],"class_list":["post-313910","post","type-post","status-publish","format-standard","hentry","category-non-classifiee"],"_links":{"self":[{"href":"https:\/\/www.focolare.org\/fr\/wp-json\/wp\/v2\/posts\/313910","targetHints":{"allow":["GET"]}}],"collection":[{"href":"https:\/\/www.focolare.org\/fr\/wp-json\/wp\/v2\/posts"}],"about":[{"href":"https:\/\/www.focolare.org\/fr\/wp-json\/wp\/v2\/types\/post"}],"author":[{"embeddable":true,"href":"https:\/\/www.focolare.org\/fr\/wp-json\/wp\/v2\/users\/27"}],"replies":[{"embeddable":true,"href":"https:\/\/www.focolare.org\/fr\/wp-json\/wp\/v2\/comments?post=313910"}],"version-history":[{"count":0,"href":"https:\/\/www.focolare.org\/fr\/wp-json\/wp\/v2\/posts\/313910\/revisions"}],"wp:attachment":[{"href":"https:\/\/www.focolare.org\/fr\/wp-json\/wp\/v2\/media?parent=313910"}],"wp:term":[{"taxonomy":"category","embeddable":true,"href":"https:\/\/www.focolare.org\/fr\/wp-json\/wp\/v2\/categories?post=313910"},{"taxonomy":"post_tag","embeddable":true,"href":"https:\/\/www.focolare.org\/fr\/wp-json\/wp\/v2\/tags?post=313910"}],"curies":[{"name":"wp","href":"https:\/\/api.w.org\/{rel}","templated":true}]}}