{"id":313930,"date":"2019-09-25T20:02:34","date_gmt":"2019-09-25T18:02:34","guid":{"rendered":"https:\/\/www.focolare.org\/un-stage-pour-devenir-ambassadeurs-du-monde-uni\/"},"modified":"2024-05-15T20:59:24","modified_gmt":"2024-05-15T18:59:24","slug":"un-stage-pour-devenir-ambassadeurs-du-monde-uni","status":"publish","type":"post","link":"https:\/\/www.focolare.org\/fr\/un-stage-pour-devenir-ambassadeurs-du-monde-uni\/","title":{"rendered":"Un stage pour devenir \u00ab\u00a0Ambassadeurs du Monde Uni\u00a0\u00bb."},"content":{"rendered":"<p><em>Du 2 au 7 septembre s&rsquo;est tenue \u00e0 la Mariapolis d&rsquo;Arny, \u00e0 35 km au sud de Paris (France), la premi\u00e8re formation des \u00ab\u00a0Ambassadeurs du Monde Uni\u00a0\u00bb, \u00e0 laquelle ont particip\u00e9 16 jeunes de 14 pays du monde.<\/em>  <img loading=\"lazy\" decoding=\"async\" class=\"wp-image-191291 alignleft\" title=\"Ambasciatori MU_2019_2\" src=\"https:\/\/www.focolare.org\/wp-content\/uploads\/2019\/09\/DSC00166.jpg\" alt=\"DSC00166\" width=\"375\" height=\"211\" \/>Le slogan qui les a guid\u00e9s \u00e9tait : \u00ab\u00a0Ensemble, c\u2019est mieux\u00a0\u00bb. Le programme a \u00e9t\u00e9 promu par l&rsquo;Association internationale <a href=\"http:\/\/www.new-humanity.org\/fr\/\" target=\"_blank\" rel=\"noopener noreferrer\">Humanit\u00e9 Nouvelle,<\/a> une organisation non gouvernementale, expression du mouvement des Focolari, qui s&rsquo;inspire de l&rsquo;esprit et des valeurs qui l&rsquo;animent. L&rsquo;objectif \u00e9tait de renforcer les comp\u00e9tences d&rsquo;un groupe de jeunes acteurs du changement, b\u00e2tisseurs de paix et leaders de communaut\u00e9s, en les formant \u00e0 la culture de l&rsquo;unit\u00e9, de la paix et de la fraternit\u00e9, pour en faire de v\u00e9ritables \u00ab\u00a0ambassadeurs\u00a0\u00bb d&rsquo;un monde uni, capables de devenir les porte-paroles des ONG au niveau national et international. Les 16 jeunes participants venaient de Belgique, du Br\u00e9sil, du Cameroun, de Cor\u00e9e du Sud, de Colombie, de l&rsquo;\u00c9quateur, des Philippines, du Kenya, d&rsquo;Irak, d&rsquo;Italie, du Liban, du Mexique, du Nigeria, d&rsquo;Espagne et des \u00c9tats-Unis.  \u00ab Ce fut le premier stage de formation \u00a0\u00bb pour l&rsquo;humanit\u00e9 nouvelle \u00a0\u00bb &#8211; note Chantal Gr\u00e9vin, principale Repr\u00e9sentante d\u2019Humanit\u00e9 Nouvelle aupr\u00e8s du si\u00e8ge de l&rsquo;UNESCO \u00e0 Paris -, une exp\u00e9rience efficace qui nous a permis, en une semaine, de leur transmettre les comp\u00e9tences n\u00e9cessaires pour devenir des op\u00e9rateurs actifs de notre ONG. \u00bb  <img loading=\"lazy\" decoding=\"async\" class=\"wp-image-191294 alignright\" title=\"7fa2c653 bb6a 437c a94b 6015be1a66f7\" src=\"https:\/\/www.focolare.org\/wp-content\/uploads\/2019\/09\/7fa2c653-bb6a-437c-a94b-6015be1a66f7-e1568717541778.jpg\" alt=\"7fa2c653 bb6a 437c a94b 6015be1a66f7\" width=\"338\" height=\"212\" \/>\u00ab Nous avons parl\u00e9 de ce que nous entendons par \u00ab\u00a0monde uni\u00a0\u00bb, de ce que sont la paix et les droits de l&rsquo;homme et par cons\u00e9quent de ce \u00e0 quoi renvoie le mot \u00ab\u00a0personne\u00a0\u00bb- explique Marco Desalvo, pr\u00e9sident de l&rsquo;ONG -, nous avons essay\u00e9 de traduire dans un langage qui puisse inspirer les institutions internationales, toutes les bonnes pratiques que nos jeunes favorisent quotidiennement dans le monde pour diffuser, dans tous les domaines sociaux et \u00e0 tous les niveaux, l&rsquo;esprit de fraternit\u00e9 universelle proclam\u00e9 dans la D\u00e9claration universelle des Droits de l&rsquo;Homme \u00bb. Les jeunes ambassadeurs ont \u00e9t\u00e9 re\u00e7us par des responsables de l&rsquo;UNESCO dans le domaine des Sciences humaines et sociales (section jeunesse) et celui de l&rsquo;\u00c9ducation (citoyennet\u00e9 mondiale et culture de la paix).  \u00ab Ce fut l\u2019occasion d\u2019 un dialogue ouvert et libre qui a permis \u00e0 ces repr\u00e9sentants de mieux d\u00e9couvrir l&rsquo;action d\u2019 Humanit\u00e9 Nouvelle \u00e0 travers le t\u00e9moignage de ces jeunes ambassadeurs qui ont pu s&rsquo;impliquer ensemble en mettant en pratique ce qu&rsquo;ils avaient appris les jours pr\u00e9c\u00e9dents, tout en vivant une exp\u00e9rience positive de citoyennet\u00e9 mondiale \u00bb, a d\u00e9clar\u00e9 Chantal Gr\u00e9vin.  <img loading=\"lazy\" decoding=\"async\" class=\"wp-image-191292 alignleft\" title=\"Ambasciatori MU_2019_3\" src=\"https:\/\/www.focolare.org\/wp-content\/uploads\/2019\/09\/IMG_5211-e1568717346128.jpg\" alt=\"IMG 5211\" width=\"383\" height=\"188\" \/>Chaque jeune a eu l&rsquo;occasion de rencontrer personnellement les repr\u00e9sentants de la d\u00e9l\u00e9gation de son propre Pays aupr\u00e8s de l&rsquo;UNESCO et de pr\u00e9senter sa vision des grands d\u00e9fis concernant la paix, l&rsquo;\u00e9cologie et la fraternit\u00e9. Au cours de cette session de formation (training school) , les jeunes ont \u00e9galement pu rencontrer et de dialoguer avec Mgr Follo, Observateur permanent du Saint-Si\u00e8ge, ainsi qu\u2019avec Marie-Claude Machon, Philippe Beaussant et Patrick Gallaud, respectivement pr\u00e9sidente, vice-pr\u00e9sident et ancien pr\u00e9sident du Comit\u00e9 de liaison ONG-UNESCO.  \u00ab Gr\u00e2ce \u00e0 ce cours, j&rsquo;ai beaucoup appris sur le fonctionnement des Nations Unies et sur les activit\u00e9s des ONG \u00e0 travers le monde &#8211; a d\u00e9clar\u00e9 Luciana, avocate italienne, \u00e0 la fin de la session &#8211; mais surtout j&rsquo;ai red\u00e9couvert les v\u00e9ritables motivations qui m&rsquo;ont pouss\u00e9e \u00e0 m\u2019engager dans ce domaine . En tant qu&rsquo;ambassadrice de New Humanity, j&rsquo;aimerais promouvoir l&rsquo;id\u00e9e que s&rsquo;entraider peut faire la grande diff\u00e9rence pour construire un monde plus uni, j&rsquo;ai compris que les petites actions peuvent avoir un grand impact sur le bien-\u00eatre des gens. Voil\u00e0 pourquoi je me sens tr\u00e8s honor\u00e9e d\u2019\u00eatre associ\u00e9e \u00e0 ce projet fantastique ! \u00bb  <img loading=\"lazy\" decoding=\"async\" class=\"wp-image-191295 alignright\" title=\"DSC00136\" src=\"https:\/\/www.focolare.org\/wp-content\/uploads\/2019\/09\/DSC00136.jpg\" alt=\"DSC00136\" width=\"362\" height=\"204\" \/>Pascale, libanaise, a fait part de son v\u00e9cu : \u00ab Quand je suis arriv\u00e9e, j&rsquo;\u00e9tais d\u00e9courag\u00e9e de ne pouvoir trouver de solutions pour mon Pays. Ici, j&rsquo;ai trouv\u00e9 courage et espoir, j&rsquo;ai compris que nous pouvons nous soutenir mutuellement, que nous pouvons vraiment travailler en vue d\u2019un monde uni. Je sais que cela arrivera ! Je suis tr\u00e8s heureuse de retourner dans mon pays et de commencer \u00e0 travailler dans ce sens! \u00bb  Quant \u00e0 No\u00e9, du Mexique, il dit : \u00ab Je suis venu ici avec mon ami Josef des USA. Nous vivons \u00e0 quelques kilom\u00e8tres de la fronti\u00e8re qui s\u00e9pare nos Pays. Nous travaillons d\u00e9j\u00e0 ensemble sur des projets en faveur des migrants. \u00c0 notre retour, nous pourrons mettre en pratique ce que nous avons appris ici.\u00bb <\/p>\n<p style=\"text-align: right;\"><em>Tamara Pastorelli<\/em><\/p>\n","protected":false},"excerpt":{"rendered":"<p>Du 2 au 7 septembre s&rsquo;est tenue \u00e0 la Mariapolis d&rsquo;Arny, \u00e0 35 km au sud de Paris (France), la premi\u00e8re formation des \u00ab\u00a0Ambassadeurs du Monde Uni\u00a0\u00bb, \u00e0 laquelle ont particip\u00e9 16 jeunes de 14 pays du monde.<\/p>\n","protected":false},"author":27,"featured_media":0,"comment_status":"open","ping_status":"open","sticky":false,"template":"","format":"standard","meta":{"give_campaign_id":0,"_seopress_robots_primary_cat":"","_seopress_titles_title":"","_seopress_titles_desc":"","_seopress_robots_index":"","_et_pb_use_builder":"","_et_pb_old_content":"","_et_gb_content_width":"","footnotes":""},"categories":[47],"tags":[],"class_list":["post-313930","post","type-post","status-publish","format-standard","hentry","category-non-classifiee"],"_links":{"self":[{"href":"https:\/\/www.focolare.org\/fr\/wp-json\/wp\/v2\/posts\/313930","targetHints":{"allow":["GET"]}}],"collection":[{"href":"https:\/\/www.focolare.org\/fr\/wp-json\/wp\/v2\/posts"}],"about":[{"href":"https:\/\/www.focolare.org\/fr\/wp-json\/wp\/v2\/types\/post"}],"author":[{"embeddable":true,"href":"https:\/\/www.focolare.org\/fr\/wp-json\/wp\/v2\/users\/27"}],"replies":[{"embeddable":true,"href":"https:\/\/www.focolare.org\/fr\/wp-json\/wp\/v2\/comments?post=313930"}],"version-history":[{"count":0,"href":"https:\/\/www.focolare.org\/fr\/wp-json\/wp\/v2\/posts\/313930\/revisions"}],"wp:attachment":[{"href":"https:\/\/www.focolare.org\/fr\/wp-json\/wp\/v2\/media?parent=313930"}],"wp:term":[{"taxonomy":"category","embeddable":true,"href":"https:\/\/www.focolare.org\/fr\/wp-json\/wp\/v2\/categories?post=313930"},{"taxonomy":"post_tag","embeddable":true,"href":"https:\/\/www.focolare.org\/fr\/wp-json\/wp\/v2\/tags?post=313930"}],"curies":[{"name":"wp","href":"https:\/\/api.w.org\/{rel}","templated":true}]}}