{"id":313940,"date":"2019-10-04T20:05:25","date_gmt":"2019-10-04T18:05:25","guid":{"rendered":"https:\/\/www.focolare.org\/dieu-nous-a-pris-par-la-main-et-nous-a-sortis-de-lenfer\/"},"modified":"2024-05-15T20:59:25","modified_gmt":"2024-05-15T18:59:25","slug":"dieu-nous-a-pris-par-la-main-et-nous-a-sortis-de-lenfer","status":"publish","type":"post","link":"https:\/\/www.focolare.org\/fr\/dieu-nous-a-pris-par-la-main-et-nous-a-sortis-de-lenfer\/","title":{"rendered":"Dieu nous a pris par la main et nous a sortis de l\u2019enfer"},"content":{"rendered":"<p><em>Le Mouvement des Focolari participe \u00e0 la joie de Chiara Amirante et de la Communaut\u00e9 Nouveaux Horizons qu\u2019elle a fond\u00e9e, pour la visite surprise du Pape Fran\u00e7ois dans leur \u00ab Citadelle Ciel \u00bb pr\u00e8s de Frosinone (Italie).<\/em>  \u00ab Si je commen\u00e7ais \u00e0 r\u00e9pondre aux questions, ce serait des paroles, des paroles, des paroles&#8230;Je crois que ce serait comme salir la sacralit\u00e9 de ce que vous avez dit, parce que vous n\u2019avez pas dit des paroles, vous avez dit des vies : les v\u00f4tres. Histoires. Cheminements. Recherches, mais recherches de chair, d\u2019esprit, la personne tout enti\u00e8re \u00bb. C\u2019est ainsi que s\u2019est adress\u00e9 le Pape Fran\u00e7ois, librement, \u00e0 cinq jeunes de la Communaut\u00e9 Nouveaux Horizons qui lui ont offert leurs t\u00e9moignages forts de souffrances et de renaissance durant la visite priv\u00e9e que le Pape a faite au Si\u00e8ge de la Communaut\u00e9, dans la province de Frosinone (Italie) le 24 septembre dernier. \u00ab Vos histoires sont des histoires de regards \u2013 a continu\u00e9 le Pape \u2013 et \u00e0 un moment donn\u00e9, vous avez senti un regard \u2013 un \u2013 qui n\u2019\u00e9tait pas comme les autres, mais c\u2019\u00e9tait celui-ci seulement : un regard qui t\u2019a regard\u00e9 avec amour. Moi aussi je connais ce regard. Un regard qui t\u2019a pris par la main et t\u2019a laiss\u00e9 aller, il ne t\u2019a pas enlev\u00e9 la libert\u00e9 \u00bb.  Accueilli avec joie et \u00e9motion, le pape Fran\u00e7ois \u00e9tait arriv\u00e9 \u00e0 9:30 du matin dans la \u00ab Citadelle Ciel \u00bb, si\u00e8ge central de cette Communaut\u00e9 qui, gr\u00e2ce \u00e0 des parcours de gu\u00e9risons et de connaissance de soi bas\u00e9es sur l\u2019\u00c9vangile, permet \u00e0 de nombreux jeunes de sortir de tunnels infernaux de souffrances et de d\u00e9pendances et de devenir des t\u00e9moins d\u2019esp\u00e9rance pour d\u2019autres jeunes qui sont dans des situations graves de mal-\u00eatre. C\u2019est vraiment \u00e0 la \u00ab f\u00e9condit\u00e9 du t\u00e9moignage \u00bb qu\u2019a entre autre fait allusion le Pape dans son intervention : \u00ab Votre t\u00e9moignage, c\u2019est aussi semer, non pas une id\u00e9e, mais le fait que Dieu est amour, que Dieu nous aime, que Dieu est occup\u00e9 \u00e0 nous chercher \u00e0 chaque moment, que Dieu est \u00e0 nos c\u00f4t\u00e9s, que Dieu nous prend par la main pour nous sauver (\u2026). Nous sommes des femmes et des hommes du Magnificat, c\u2019est-\u00e0-dire du chant de Marie, d\u2019aller raconter que Dieu m\u2019a regard\u00e9, m\u2019a caress\u00e9, m\u2019a parl\u00e9, a vaincu. Et il est avec moi. Il m\u2019a pris par la main et m\u2019a retir\u00e9 de l\u2019enfer \u00bb.  Le Pape a ensuite salu\u00e9, aussi personnellement, les membres de la Communaut\u00e9 et les responsables des Centres en Italie et \u00e0 l\u2019\u00e9tranger qui se retrouvent l\u00e0 r\u00e9unis, pour l\u2019Assembl\u00e9e Centrale annuelle. Il a c\u00e9l\u00e9br\u00e9 la Messe, a d\u00e9jeun\u00e9 et plant\u00e9 un olivier dans le jardin de cette citadelle, une des cinq qui sont n\u00e9es de la Communaut\u00e9 fond\u00e9e par Chiara Amirante. Comme enfant, Chiara avait connu la spiritualit\u00e9 des Focolari et avait aussi rencontr\u00e9 personnellement la fondatrice, Chiara Lubich. Ensuite, une fois adulte, en se mettant \u00e0 l\u2019\u00e9coute du cri des jeunes de la rue et de leur demande d\u2019aide de fuir l\u2019enfer dans lequel ils vivaient, l\u2019id\u00e9e est n\u00e9e de donner vie \u00e0 une communaut\u00e9 d\u2019accueil. Cette visite du Pape Fran\u00e7ois fait suite au coup de t\u00e9l\u00e9phone du Pape et au message vid\u00e9o du mois de juin dernier pour c\u00e9l\u00e9brer cette ann\u00e9e sp\u00e9ciale au cours de laquelle la Communaut\u00e9 c\u00e9l\u00e8bre ses 25 ans d\u2019existence.  Tout en saluant le pape Fran\u00e7ois, Chiara a rappel\u00e9 les d\u00e9buts de son aventure lorsqu\u2019au contact avec le \u00ab peuple de la nuit \u00bb, l\u2019avait guid\u00e9e la certitude que la rencontre avec \u00ab Christ Ressuscit\u00e9 allait pouvoir ramener la vie l\u00e0 o\u00f9 je ne voyais que mort \u00bb. En \u201894, elle a ainsi donn\u00e9 naissance \u00e0 la premi\u00e8re communaut\u00e9 \u00e0 Trigoria (Rome) et en \u201897, \u00e0 Piglio, dans la province de Frosinone, \u00e0 une communaut\u00e9 de formation et d\u2019accueil.  Aujourd\u2019hui, ils sont au nombre de 228, les centres d\u2019accueil, de formation et d\u2019orientation, avec beaucoup d\u2019initiatives de solidarit\u00e9, de projets sociaux et d\u2019initiatives de promotion humaine dans diff\u00e9rents pays. En 2006, Chiara a lanc\u00e9 la proposition de devenir des \u00ab chevaliers de la lumi\u00e8re \u00bb, c\u2019est-\u00e0-dire, t\u00e9moigner la joie du Christ Ressuscit\u00e9 \u00e0 qui est le plus d\u00e9sesp\u00e9r\u00e9, essayer de vivre l\u2019\u00c9vangile \u00e0 la lettre, afin de renouveler le monde avec la r\u00e9volution de l\u2019Amour. A cet engagement ont adh\u00e9r\u00e9 plus de 700.000 personnes. \u00ab Les nouvelles pauvret\u00e9s constituent une r\u00e9elle urgence qui continue \u00e0 r\u00e9colter des millions de morts invisibles dans l\u2019inconscience de ceux qui sont les plus d\u00e9sesp\u00e9r\u00e9s \u00bb a encore expliqu\u00e9 Chiara devant le pape Fran\u00e7ois en parlant d\u2019utilisation et d\u2019abus d\u2019alcool et de drogues, d\u2019anorexie, de boulimie, de d\u00e9pression, de ludopathie, d\u2019addiction \u00e0 internet, d\u2019 harc\u00e8lement, d\u2019abus, de d\u00e9pendance au sexe&#8230; \u00ab Nous sentons plus fort que jamais \u2013 a t-elle conclu \u2013 l\u2019urgence de faire tout ce qui est possible de faire pour r\u00e9pondre au cri de nombreuses personnes, qui n\u2019est pas \u00e9cout\u00e9 \u00bb. <\/p>\n<p style=\"text-align: right;\"><em>Anna Lisa Innocenti<\/em><\/p>\n","protected":false},"excerpt":{"rendered":"<p>Le Mouvement des Focolari participe \u00e0 la joie de Chiara Amirante et de la Communaut\u00e9 Nouveaux Horizons qu\u2019elle a fond\u00e9e, pour la visite surprise du Pape Fran\u00e7ois dans leur \u00ab Citadelle Ciel \u00bb pr\u00e8s de Frosinone (Italie).<\/p>\n","protected":false},"author":27,"featured_media":0,"comment_status":"open","ping_status":"open","sticky":false,"template":"","format":"standard","meta":{"give_campaign_id":0,"_seopress_robots_primary_cat":"","_seopress_titles_title":"","_seopress_titles_desc":"","_seopress_robots_index":"","_et_pb_use_builder":"","_et_pb_old_content":"","_et_gb_content_width":"","footnotes":""},"categories":[47],"tags":[],"class_list":["post-313940","post","type-post","status-publish","format-standard","hentry","category-non-classifiee"],"_links":{"self":[{"href":"https:\/\/www.focolare.org\/fr\/wp-json\/wp\/v2\/posts\/313940","targetHints":{"allow":["GET"]}}],"collection":[{"href":"https:\/\/www.focolare.org\/fr\/wp-json\/wp\/v2\/posts"}],"about":[{"href":"https:\/\/www.focolare.org\/fr\/wp-json\/wp\/v2\/types\/post"}],"author":[{"embeddable":true,"href":"https:\/\/www.focolare.org\/fr\/wp-json\/wp\/v2\/users\/27"}],"replies":[{"embeddable":true,"href":"https:\/\/www.focolare.org\/fr\/wp-json\/wp\/v2\/comments?post=313940"}],"version-history":[{"count":0,"href":"https:\/\/www.focolare.org\/fr\/wp-json\/wp\/v2\/posts\/313940\/revisions"}],"wp:attachment":[{"href":"https:\/\/www.focolare.org\/fr\/wp-json\/wp\/v2\/media?parent=313940"}],"wp:term":[{"taxonomy":"category","embeddable":true,"href":"https:\/\/www.focolare.org\/fr\/wp-json\/wp\/v2\/categories?post=313940"},{"taxonomy":"post_tag","embeddable":true,"href":"https:\/\/www.focolare.org\/fr\/wp-json\/wp\/v2\/tags?post=313940"}],"curies":[{"name":"wp","href":"https:\/\/api.w.org\/{rel}","templated":true}]}}