{"id":314010,"date":"2019-12-09T03:00:21","date_gmt":"2019-12-09T02:00:21","guid":{"rendered":"https:\/\/www.focolare.org\/evangile-vecu-veillez-donc-car-vous-ne-savez-pas-quel-jour-votre-seigneur-va-venir-mt-2442\/"},"modified":"2024-05-15T20:59:37","modified_gmt":"2024-05-15T18:59:37","slug":"evangile-vecu-veillez-donc-car-vous-ne-savez-pas-quel-jour-votre-seigneur-va-venir-mt-2442","status":"publish","type":"post","link":"https:\/\/www.focolare.org\/fr\/evangile-vecu-veillez-donc-car-vous-ne-savez-pas-quel-jour-votre-seigneur-va-venir-mt-2442\/","title":{"rendered":"\u00c9vangile v\u00e9cu : \u00ab Veillez-donc, car vous ne savez pas quel jour votre Seigneur va venir \u00bb. (Mt 24,42)"},"content":{"rendered":"<p><em>Veiller: c\u2019est une invitation \u00e0 garder les yeux ouverts, \u00e0 reconna\u00eetre les signes de la pr\u00e9sence de Dieu dans l\u2019Histoire, dans le quotidien et \u00e0 aider les autres qui vivent dans les \u00e9preuves, \u00e0 trouver la voie de la vie.<\/em>  <strong>Un autre fils<\/strong> Est-ce que j\u2019\u00e9tais pr\u00eate \u00e0 avoir d\u2019autres enfants alors que j\u2019en avais d\u00e9j\u00e0 trois ? A cette question d\u2019une amie, j\u2019ai r\u00e9pondu en racontant combien chaque enfant est un don unique et l\u2019exp\u00e9rience de la maternit\u00e9 incomparable \u00e0 aucune autre, parce que la joie qui accompagne une nouvelle naissance est un bien pour toute la famille, sans parler de l\u2019aspect financier qui semble myst\u00e9rieusement souligner que chaque fils est voulu par le Ciel. Apr\u00e8s ma r\u00e9ponse, mon amie m\u2019a confi\u00e9 \u00eatre enceinte pour la seconde fois. Avec son mari, ils avaient pens\u00e9 \u00e0 l\u2019avortement, car une nouvelle cr\u00e9ature aurait compromis la situation financi\u00e8re de la famille. En partant, elle me disait : \u00ab Je me sens pr\u00eate \u00e0 une nouvelle maternit\u00e9 \u00bb. (P.A. &#8211; Italie)  <strong>Faire confiance<\/strong> Nous avions un cousin qui \u00ab faisait main basse sur des objets \u00bb : lorsqu\u2019il venait chez nous, de petits objets disparaissaient pour r\u00e9appara\u00eetre chez notre oncle et notre tante. D\u00e9licatement, Maman signala la chose \u00e0 cet oncle et \u00e0 cette tante, mais ceux-ci r\u00e9agirent comme s\u2019ils \u00e9taient offens\u00e9s et rompirent tout contact avec nous. Comme chr\u00e9tiens, nous avons essay\u00e9 de reconstruire le rapport et l\u2019occasion se pr\u00e9senta lorsque le cousin, d\u00e9sormais adolescent, fut exclu de son \u00e9cole car on avait d\u00e9couvert qu\u2019il volait ses camarades de classe. A ce moment-l\u00e0, mon p\u00e8re fit la suggestion du nom d\u2019un sp\u00e9cialiste \u00e0 mon oncle et ma tante, sp\u00e9cialiste qui allait pouvoir les aider. Tout en \u00e9tant honteux et en souffrance, l\u2019oncle et la tante admirent que leur fils \u00e9tait cleptomane. Ma m\u00e8re leur proposa de passer des vacances ensemble, et \u00e0 nous, elle nous recommanda d\u2019\u00eatre g\u00e9n\u00e9reux avec le cousin, en lui faisant confiance un maximum. Ce furent des journ\u00e9es belles et sereines. Lui aussi \u00e9tait heureux. L\u2019accompagnement psychoth\u00e9rapeutique, aid\u00e9 par des m\u00e9dicaments , fut utile pour toute la famille. Ma tante se confia un jour \u00e0 nous : \u00ab Nous \u00e9tions si orgueilleux de notre famille que nous nous sentions sup\u00e9rieurs. Nous \u00e9tions malades d\u2019orgueil \u00bb. (J.G. &#8211; Espagne)  <strong>Justice et compr\u00e9hension<\/strong> En tant que magistrat dans une localit\u00e9 \u00e0 haute densit\u00e9 mafieuse, j\u2019interrogeais depuis des heures un d\u00e9tenu qui en avait fait voir de toutes les couleurs. L\u2019heure du d\u00eener \u00e9tant d\u00e9pass\u00e9e, on me demanda si je d\u00e9sirais manger. J\u2019acceptai \u00e0 condition qu\u2019on apporte aussi quelque chose pour le d\u00e9tenu. Ce petit geste repr\u00e9senta pour lui un petit \u00ab choc \u00bb. Il n\u2019y croyait presque pas. Une peur qui me tomba dessus de me retrouver tout-\u00e0-coup face au d\u00e9tenu en ce moment de pause, me sugg\u00e9rait de m\u2019\u00e9loigner de lui. Mais puis une autre pens\u00e9e : \u00ab Non, si je suis ici pour aimer ce prochain, je n\u2019ai rien \u00e0 craindre \u00bb. L\u2019interrogatoire se poursuivit avec la m\u00eame attitude vis-\u00e0-vis de lui : j\u2019essayais de lui faire comprendre la gravit\u00e9 de ce qu\u2019il avait fait, mais sans le juger, en lui parlant sereinement. Peu de temps apr\u00e8s, une lettre de sa part me parvint. Une demande de r\u00e9duction de peine ? Non, seulement une longue lib\u00e9ration sur papier avec le r\u00e9cit des propres mis\u00e8res et la demande de compr\u00e9hension. \u00c9trange qu\u2019il l\u2019\u00e9crive \u00e0 moi qui avais \u00e9mis un jugement de condamnation en ce qui le concernait. Il avait \u00e9videmment cueilli quelque chose d\u2019autre. (Elena \u2013 Italie) <\/p>\n<p style=\"text-align: right;\"><em>Stefania Tanesini<\/em> <em>(extrait de Il Vangelo del Giorno, Citt\u00e0 Nuova, ann\u00e9e V, n.6, novembre-d\u00e9cembre 2019)<\/em><\/p>\n","protected":false},"excerpt":{"rendered":"<p>Veiller: c\u2019est une invitation \u00e0 garder les yeux ouverts, \u00e0 reconna\u00eetre les signes de la pr\u00e9sence de Dieu dans l\u2019Histoire, dans le quotidien et \u00e0 aider les autres qui vivent dans les \u00e9preuves, \u00e0 trouver la voie de la vie.<\/p>\n","protected":false},"author":33,"featured_media":0,"comment_status":"open","ping_status":"open","sticky":false,"template":"","format":"standard","meta":{"give_campaign_id":0,"_seopress_robots_primary_cat":"","_seopress_titles_title":"","_seopress_titles_desc":"","_seopress_robots_index":"","_et_pb_use_builder":"","_et_pb_old_content":"","_et_gb_content_width":"","footnotes":""},"categories":[47],"tags":[],"class_list":["post-314010","post","type-post","status-publish","format-standard","hentry","category-non-classifiee"],"_links":{"self":[{"href":"https:\/\/www.focolare.org\/fr\/wp-json\/wp\/v2\/posts\/314010","targetHints":{"allow":["GET"]}}],"collection":[{"href":"https:\/\/www.focolare.org\/fr\/wp-json\/wp\/v2\/posts"}],"about":[{"href":"https:\/\/www.focolare.org\/fr\/wp-json\/wp\/v2\/types\/post"}],"author":[{"embeddable":true,"href":"https:\/\/www.focolare.org\/fr\/wp-json\/wp\/v2\/users\/33"}],"replies":[{"embeddable":true,"href":"https:\/\/www.focolare.org\/fr\/wp-json\/wp\/v2\/comments?post=314010"}],"version-history":[{"count":0,"href":"https:\/\/www.focolare.org\/fr\/wp-json\/wp\/v2\/posts\/314010\/revisions"}],"wp:attachment":[{"href":"https:\/\/www.focolare.org\/fr\/wp-json\/wp\/v2\/media?parent=314010"}],"wp:term":[{"taxonomy":"category","embeddable":true,"href":"https:\/\/www.focolare.org\/fr\/wp-json\/wp\/v2\/categories?post=314010"},{"taxonomy":"post_tag","embeddable":true,"href":"https:\/\/www.focolare.org\/fr\/wp-json\/wp\/v2\/tags?post=314010"}],"curies":[{"name":"wp","href":"https:\/\/api.w.org\/{rel}","templated":true}]}}