{"id":314026,"date":"2019-12-23T03:00:13","date_gmt":"2019-12-23T02:00:13","guid":{"rendered":"https:\/\/www.focolare.org\/un-evenement-presque-scandaleux\/"},"modified":"2024-05-15T20:59:41","modified_gmt":"2024-05-15T18:59:41","slug":"un-evenement-presque-scandaleux","status":"publish","type":"post","link":"https:\/\/www.focolare.org\/fr\/un-evenement-presque-scandaleux\/","title":{"rendered":"Un \u00e9v\u00e9nement presque scandaleux"},"content":{"rendered":"<p><em>V\u0153ux de No\u00ebl de Maria Voce, pr\u00e9sidente du Mouvement des Focolari<\/em>  <img alt=\"\" alt=\"\" loading=\"lazy\" decoding=\"async\" class=\"wp-image-200401 alignleft\" src=\"https:\/\/www.focolare.org\/wp-content\/uploads\/2019\/12\/49177258196_05b5e716d0_c.small_-90x84.jpg\" alt=\"\" width=\"192\" height=\"179\" \/>No\u00ebl est pour nous tous qui le c\u00e9l\u00e9brons chaque ann\u00e9e un moment tr\u00e8s attendu, rempli d&rsquo;\u00e9motions, de joie, d\u2019\u00e9changes.  Mais au milieu de cette atmosph\u00e8re de No\u00ebl si joyeuse et festive, nous oublions souvent qu&rsquo;\u00e0 la base de cette f\u00eate il y a un \u00e9v\u00e9nement myst\u00e9rieux, je dirais presque scandaleux : le scandale d&rsquo;un Dieu qui s&rsquo;abaisse et devient homme, du Tout-Puissant qui devient un petit enfant, de l&rsquo;Illimit\u00e9 qui entre dans les limites de la chair humaine.  Et Dieu ne le fait pas seulement par solidarit\u00e9, pour \u00eatre proche de nous et partager notre existence. Il entre dans la condition humaine pour nous d\u00e9montrer, avec notre langage, avec nos gestes, nos \u00e9motions, sa vie m\u00eame : celle d&rsquo;un Dieu ; une vie capable de r\u00e9parer des fractures, de gu\u00e9rir des blessures, de reconstruire des relations.  Il l&rsquo;a fait il y a 2 000 ans et il veut le refaire aujourd&rsquo;hui.  Dans un mois, le 22 janvier, nous c\u00e9l\u00e9brerons le centenaire de la naissance de Chiara Lubich, la fondatrice de notre Mouvement des Focolari.  Et \u00e0 cette occasion, je ne peux manquer de rappeler le c\u0153ur de son message, de sa spiritualit\u00e9, qui est la spiritualit\u00e9 de l\u2019unit\u00e9 : la d\u00e9couverte que J\u00e9sus peut encore na\u00eetre aujourd&rsquo;hui, l\u00e0 o\u00f9 deux ou plusieurs personnes s&rsquo;aiment \u00ab par un amour de service, de compr\u00e9hension, de participation aux souffrances, aux poids, aux angoisses et aux joies de leurs fr\u00e8res, par un amour qui couvre tout, qui pardonne tout, cet amour typique du christianisme . \u00bb  D&rsquo;o\u00f9 la proposition de faire de nos rapports humains la cr\u00e8che, le berceau, qui accueille J\u00e9sus parmi nous ; J\u00e9sus qui veut recomposer notre monde, aujourd&rsquo;hui si fragment\u00e9.  Mon souhait, en ce No\u00ebl, est qu&rsquo;il soit pour tous une f\u00eate de joie profonde, dans l&rsquo;engagement \u00e0 nous entra\u00eener chaque jour afin d&rsquo;attirer, par notre amour r\u00e9ciproque, la pr\u00e9sence de J\u00e9sus parmi nous, lui permettant ainsi de transformer le monde.<\/p>\n","protected":false},"excerpt":{"rendered":"<p>V\u0153ux de No\u00ebl de Maria Voce, pr\u00e9sidente du Mouvement des Focolari<\/p>\n","protected":false},"author":33,"featured_media":0,"comment_status":"open","ping_status":"open","sticky":false,"template":"","format":"standard","meta":{"give_campaign_id":0,"_seopress_robots_primary_cat":"","_seopress_titles_title":"","_seopress_titles_desc":"","_seopress_robots_index":"","_et_pb_use_builder":"","_et_pb_old_content":"","_et_gb_content_width":"","footnotes":""},"categories":[47],"tags":[],"class_list":["post-314026","post","type-post","status-publish","format-standard","hentry","category-non-classifiee"],"_links":{"self":[{"href":"https:\/\/www.focolare.org\/fr\/wp-json\/wp\/v2\/posts\/314026","targetHints":{"allow":["GET"]}}],"collection":[{"href":"https:\/\/www.focolare.org\/fr\/wp-json\/wp\/v2\/posts"}],"about":[{"href":"https:\/\/www.focolare.org\/fr\/wp-json\/wp\/v2\/types\/post"}],"author":[{"embeddable":true,"href":"https:\/\/www.focolare.org\/fr\/wp-json\/wp\/v2\/users\/33"}],"replies":[{"embeddable":true,"href":"https:\/\/www.focolare.org\/fr\/wp-json\/wp\/v2\/comments?post=314026"}],"version-history":[{"count":0,"href":"https:\/\/www.focolare.org\/fr\/wp-json\/wp\/v2\/posts\/314026\/revisions"}],"wp:attachment":[{"href":"https:\/\/www.focolare.org\/fr\/wp-json\/wp\/v2\/media?parent=314026"}],"wp:term":[{"taxonomy":"category","embeddable":true,"href":"https:\/\/www.focolare.org\/fr\/wp-json\/wp\/v2\/categories?post=314026"},{"taxonomy":"post_tag","embeddable":true,"href":"https:\/\/www.focolare.org\/fr\/wp-json\/wp\/v2\/tags?post=314026"}],"curies":[{"name":"wp","href":"https:\/\/api.w.org\/{rel}","templated":true}]}}