{"id":314048,"date":"2020-01-17T03:00:11","date_gmt":"2020-01-17T02:00:11","guid":{"rendered":"https:\/\/www.focolare.org\/en-albanie-apres-le-tremblement-de-terre-priorite-a-la-prise-en-charge-des-victimes\/"},"modified":"2024-05-15T20:59:44","modified_gmt":"2024-05-15T18:59:44","slug":"en-albanie-apres-le-tremblement-de-terre-priorite-a-la-prise-en-charge-des-victimes","status":"publish","type":"post","link":"https:\/\/www.focolare.org\/fr\/en-albanie-apres-le-tremblement-de-terre-priorite-a-la-prise-en-charge-des-victimes\/","title":{"rendered":"En Albanie, apr\u00e8s le tremblement de terre,  priorit\u00e9  \u00e0 la prise en charge des victimes."},"content":{"rendered":"<p><em>Le mouvement des Focolari pr\u00e9sent aux c\u00f4t\u00e9s des nombreuses personnes qui ont subi des pertes et des dommages : \u00ab La personne avec son v\u00e9cu et ses besoins est au centre de nos efforts. Pour l\u2019instant il est essentiel d\u2019accueillir, d\u2019\u00e9couter et de partager. Mais un grand effort sera n\u00e9cessaire pour planifier la reconstruction.\u00bb<\/em>  Solidarit\u00e9 avec les victimes du tremblement de terre qui a frapp\u00e9 l&rsquo;Albanie le 26 novembre 2019, faisant 52 morts, plus de 2 000 bless\u00e9s et des d\u00e9g\u00e2ts mat\u00e9riels consid\u00e9rables. Environ deux mois apr\u00e8s le s\u00e9isme, des initiatives de collecte de fonds, des \u00e9v\u00e9nements comm\u00e9moratifs et des secours sur le territoire mobilisent institutions, mouvements d\u2019 \u00c9glise et de solidarit\u00e9. Une fois l&rsquo;urgence pass\u00e9e, toutes les \u00e9nergies sont orient\u00e9es pour favoriser la coordination des forces sur le terrain afin de planifier et de d\u00e9marrer la reconstruction. Dans l&rsquo;incertitude du pr\u00e9sent, un grand r\u00e9confort vient du fait de se sentir membre d&rsquo;une famille, d&rsquo;un large r\u00e9seau de personnes qui assurent soutien et proximit\u00e9. C&rsquo;est l\u00e0 que se trouve le c\u0153ur de l&rsquo;engagement du mouvement des Focolari. Nous avons entendu Fabio Fiorelli, un focolarino qui vit et travaille dans un des centres de Tirana.  <strong><img alt=\"\" alt=\"\" loading=\"lazy\" decoding=\"async\" class=\"wp-image-200879 alignleft\" src=\"https:\/\/www.focolare.org\/wp-content\/uploads\/2020\/01\/si-gioca...-90x68.jpg\" alt=\"\" width=\"297\" height=\"225\" \/>Depuis la nuit du tremblement de terre, quelles initiatives le Mouvement a-t-il pu mener \u00e0 bien pour soutenir les personnes touch\u00e9es ?<\/strong> \u00a0\u00bb Certains d&rsquo;entre nous ont \u00e9tabli des liens avec la Caritas nationale et dioc\u00e9saine en collaborant \u00e0 la pr\u00e9paration de v\u00eatements et de couvertures pour ceux qui \u00e9taient loin de chez eux, et en se rendant dans les abris temporaires pour \u00e9couter les gens et faire jouer les enfants. Sur proposition des familles du Mouvement, le 21 d\u00e9cembre nous avons pr\u00e9par\u00e9 une apr\u00e8s-midi de f\u00eate de No\u00ebl pour les plus petits &#8211; mais pas seulement &#8211; avec des chants, des jeux, la cr\u00e8che \u00a0\u00bb vivante \u00a0\u00bb et les cadeaux du P\u00e8re No\u00ebl : une pause de s\u00e9r\u00e9nit\u00e9 et de communion pour aller de l&rsquo;avant. De plus, \u00e0 Durazzo, une psychologue du Mouvement, dont la maison a \u00e9t\u00e9 endommag\u00e9e, collabore avec une \u00e9quipe qui va dans les villages p\u00e9riph\u00e9riques tr\u00e8s touch\u00e9s par le tremblement de terre, o\u00f9 les gens vivent sous des tentes et manquent des biens de premi\u00e8re n\u00e9cessit\u00e9. Sur un plan tr\u00e8s pratique, les familles du Mouvement qui ont subi de graves dommages dans leurs maisons ont \u00e9t\u00e9 interrog\u00e9es, nos ing\u00e9nieurs ont effectu\u00e9 des inspections et analys\u00e9 les co\u00fbts de r\u00e9paration. \u00bb  <strong>Quelles sont les autres activit\u00e9s que vous pr\u00e9voyez ?<\/strong> \u00ab Un \u00ab\u00a0projet\u00a0\u00bb a \u00e9t\u00e9 \u00e9labor\u00e9 avec des objectifs et la mise en \u0153uvre de strat\u00e9gies en lien avec l&rsquo;Association Monde Uni (AMU), qui fait partie du Mouvement, et nous attendons qu&rsquo;il d\u00e9marre. \u00bb D\u00e8s les premi\u00e8res heures apr\u00e8s le tremblement de terre, en pleine phase d&rsquo;urgence, Marcella Ioele, responsable d&rsquo;un des centres des Focolari \u00e0 Tirana, est arriv\u00e9e avec d&rsquo;autres personnes \u00e0 Durazzo et dans les environs pour lancer les premiers secours en lien avec la Caritas et l&rsquo;\u00c9glise locale et pour apporter un soutien aux victimes. Nous lui avons demand\u00e9 quelles exp\u00e9riences l\u2019ont frapp\u00e9e en parlant avec des personnes d\u00e9plac\u00e9es : \u00ab Une jeune femme m&rsquo;a dit qu&rsquo;au d\u00e9but des secousses, son fr\u00e8re, qui \u00e9tait \u00e0 la maison avec la famille, s&rsquo;est instinctivement enfui pour sortir du b\u00e2timent, mais est imm\u00e9diatement revenu pour s&rsquo;occuper d&rsquo;eux. Ce geste l&rsquo;a aid\u00e9e \u00e0 comprendre que dans ces moments-l\u00e0, elle ne devait pas seulement penser \u00e0 elle-m\u00eame mais aussi \u00e0 ses proches. Une autre fille aurait voulu agir pour aider les personnes en difficult\u00e9, mais devant aider sa m\u00e8re \u00e2g\u00e9e, elle ne pouvait pas s\u2019\u00e9loigner. Mais &#8211; nous a-t-elle dit &#8211; elle pouvait \u00e9couter et r\u00e9conforter les nombreux passants, et elle \u00e9tait heureuse parce qu&rsquo;elle sentait qu&rsquo;elle apportait sa contribution de cette fa\u00e7on. \u00bb  <strong>Quels sont les sentiments qui pr\u00e9valent aujourd&rsquo;hui au sein de la population ?<\/strong> \u00ab D&rsquo;une part, on sait que ce type de catastrophe met en jeu les responsabilit\u00e9s de ceux qui ont autoris\u00e9 la construction de b\u00e2timents peu s\u00fbrs et fait ressortir le manque de pr\u00e9paration dans la gestion de l&rsquo;urgence. D&rsquo;autre part, la solidarit\u00e9 manifest\u00e9e par les autres Pays d\u00e8s le d\u00e9but fait na\u00eetre l&rsquo;espoir d\u2019 une Albanie meilleure. Voir travailler ensemble des peuples, encore r\u00e9cemment divis\u00e9s par de vieilles querelles, a \u00e9t\u00e9 un signe d&rsquo;espoir. Il y a un grand sentiment de reconnaissance, surtout envers les Kosovars qui se sont manifest\u00e9s de mani\u00e8re tr\u00e8s forte, comme s&rsquo;ils voulaient restituer l\u2019amour qu&rsquo;ils avaient re\u00e7u lorsqu&rsquo;ils \u00e9taient ici au moment de la crise du Kosovo. Certains d&rsquo;entre eux sont venus pour emmener des familles chez eux. \u00ab Le tremblement de terre, m&rsquo;a confi\u00e9 un jeune homme, nous a rapproch\u00e9s plus que jamais. D&rsquo;autres nous ont dit avoir ressenti la pr\u00e9sence de Dieu, m\u00eame dans cette r\u00e9alit\u00e9 douloureuse. \u00bb <\/p>\n<p style=\"text-align: right;\"><em>Claudia Di Lorenzi<\/em><\/p>\n","protected":false},"excerpt":{"rendered":"<p>Le mouvement des Focolari pr\u00e9sent aux c\u00f4t\u00e9s des nombreuses personnes qui ont subi des pertes et des dommages : \u00ab La personne avec son v\u00e9cu et ses besoins est au centre de nos efforts. Pour l\u2019instant il est essentiel d\u2019accueillir, d\u2019\u00e9couter et de partager. Mais un grand effort sera n\u00e9cessaire pour planifier la reconstruction.\u00bb<\/p>\n","protected":false},"author":33,"featured_media":0,"comment_status":"open","ping_status":"open","sticky":false,"template":"","format":"standard","meta":{"give_campaign_id":0,"_seopress_robots_primary_cat":"","_seopress_titles_title":"","_seopress_titles_desc":"","_seopress_robots_index":"","_et_pb_use_builder":"","_et_pb_old_content":"","_et_gb_content_width":"","footnotes":""},"categories":[47],"tags":[],"class_list":["post-314048","post","type-post","status-publish","format-standard","hentry","category-non-classifiee"],"_links":{"self":[{"href":"https:\/\/www.focolare.org\/fr\/wp-json\/wp\/v2\/posts\/314048","targetHints":{"allow":["GET"]}}],"collection":[{"href":"https:\/\/www.focolare.org\/fr\/wp-json\/wp\/v2\/posts"}],"about":[{"href":"https:\/\/www.focolare.org\/fr\/wp-json\/wp\/v2\/types\/post"}],"author":[{"embeddable":true,"href":"https:\/\/www.focolare.org\/fr\/wp-json\/wp\/v2\/users\/33"}],"replies":[{"embeddable":true,"href":"https:\/\/www.focolare.org\/fr\/wp-json\/wp\/v2\/comments?post=314048"}],"version-history":[{"count":0,"href":"https:\/\/www.focolare.org\/fr\/wp-json\/wp\/v2\/posts\/314048\/revisions"}],"wp:attachment":[{"href":"https:\/\/www.focolare.org\/fr\/wp-json\/wp\/v2\/media?parent=314048"}],"wp:term":[{"taxonomy":"category","embeddable":true,"href":"https:\/\/www.focolare.org\/fr\/wp-json\/wp\/v2\/categories?post=314048"},{"taxonomy":"post_tag","embeddable":true,"href":"https:\/\/www.focolare.org\/fr\/wp-json\/wp\/v2\/tags?post=314048"}],"curies":[{"name":"wp","href":"https:\/\/api.w.org\/{rel}","templated":true}]}}