{"id":314056,"date":"2020-01-24T18:28:04","date_gmt":"2020-01-24T17:28:04","guid":{"rendered":"https:\/\/www.focolare.org\/un-telefilm-sur-chiara-lubich-pour-la-rai-la-television-italienne\/"},"modified":"2024-05-15T20:59:45","modified_gmt":"2024-05-15T18:59:45","slug":"un-telefilm-sur-chiara-lubich-pour-la-rai-la-television-italienne","status":"publish","type":"post","link":"https:\/\/www.focolare.org\/fr\/un-telefilm-sur-chiara-lubich-pour-la-rai-la-television-italienne\/","title":{"rendered":"Un t\u00e9l\u00e9film sur Chiara Lubich pour la RAI, la t\u00e9l\u00e9vision italienne"},"content":{"rendered":"<p><em>La r\u00e9alisation est confi\u00e9e \u00e0 Giacomo Campiotti. Le tournage commencera au printemps prochain et se d\u00e9roulera entre Rome et Trente, sa ville natale.<\/em>  \u00ab La force d&rsquo;une figure comme celle de Chiara aujourd&rsquo;hui est de nous faire regarder l&rsquo;autre comme une possibilit\u00e9, un don, porteur d&rsquo;une graine de v\u00e9rit\u00e9 \u00e0 valoriser et \u00e0 aimer, aussi lointaine soit-elle. La fraternit\u00e9 universelle est le fondement du dialogue et de la paix \u00bb. Nous lisons dans le communiqu\u00e9 de presse que Luca Barbareschi, producteur d&rsquo;Eliseo Fiction et de Rai Fiction se disent \u00ab fiers \u00bb d&rsquo;annoncer qu&rsquo;un t\u00e9l\u00e9film sur Chiara Lubich sera r\u00e9alis\u00e9 pour la t\u00e9l\u00e9vision italienne. La r\u00e9alisation est confi\u00e9e \u00e0 Giacomo Campiotti. Le tournage commencera au printemps prochain et se d\u00e9roulera entre Rome et Trente, sa ville natale.  La note poursuit en expliquant que \u00ab Chiara est tr\u00e8s jeune quand, dans les ann\u00e9es de la Seconde Guerre mondiale, elle se sent appel\u00e9e \u00e0 construire un monde meilleur, un monde plus uni. Elle se fixe alors pour objectif de jeter des ponts entre les hommes, quelle que soit leur race, leur nation ou leur religion. La fraternit\u00e9 universelle est le fondement du dialogue et de la paix. Le message de Chiara n&rsquo;appartient pas seulement au monde catholique et sa figure contribue \u00e0 la valorisation de la femme et de son r\u00f4le aussi et surtout en dehors de l&rsquo;institution eccl\u00e9siastique \u00bb. <\/p>\n<p style=\"text-align: right;\"><em>La r\u00e9daction de focolare.org<\/em><\/p>\n","protected":false},"excerpt":{"rendered":"<p>La r\u00e9alisation est confi\u00e9e \u00e0 Giacomo Campiotti. Le tournage commencera au printemps prochain et se d\u00e9roulera entre Rome et Trente, sa ville natale.<\/p>\n","protected":false},"author":33,"featured_media":0,"comment_status":"open","ping_status":"open","sticky":false,"template":"","format":"standard","meta":{"give_campaign_id":0,"_seopress_robots_primary_cat":"","_seopress_titles_title":"","_seopress_titles_desc":"","_seopress_robots_index":"","_et_pb_use_builder":"","_et_pb_old_content":"","_et_gb_content_width":"","footnotes":""},"categories":[47],"tags":[],"class_list":["post-314056","post","type-post","status-publish","format-standard","hentry","category-non-classifiee"],"_links":{"self":[{"href":"https:\/\/www.focolare.org\/fr\/wp-json\/wp\/v2\/posts\/314056","targetHints":{"allow":["GET"]}}],"collection":[{"href":"https:\/\/www.focolare.org\/fr\/wp-json\/wp\/v2\/posts"}],"about":[{"href":"https:\/\/www.focolare.org\/fr\/wp-json\/wp\/v2\/types\/post"}],"author":[{"embeddable":true,"href":"https:\/\/www.focolare.org\/fr\/wp-json\/wp\/v2\/users\/33"}],"replies":[{"embeddable":true,"href":"https:\/\/www.focolare.org\/fr\/wp-json\/wp\/v2\/comments?post=314056"}],"version-history":[{"count":0,"href":"https:\/\/www.focolare.org\/fr\/wp-json\/wp\/v2\/posts\/314056\/revisions"}],"wp:attachment":[{"href":"https:\/\/www.focolare.org\/fr\/wp-json\/wp\/v2\/media?parent=314056"}],"wp:term":[{"taxonomy":"category","embeddable":true,"href":"https:\/\/www.focolare.org\/fr\/wp-json\/wp\/v2\/categories?post=314056"},{"taxonomy":"post_tag","embeddable":true,"href":"https:\/\/www.focolare.org\/fr\/wp-json\/wp\/v2\/tags?post=314056"}],"curies":[{"name":"wp","href":"https:\/\/api.w.org\/{rel}","templated":true}]}}