{"id":314064,"date":"2020-02-03T03:00:43","date_gmt":"2020-02-03T02:00:43","guid":{"rendered":"https:\/\/www.focolare.org\/levangile-vecu-se-sentir-membre-dune-grande-famille\/"},"modified":"2024-05-15T20:59:47","modified_gmt":"2024-05-15T18:59:47","slug":"levangile-vecu-se-sentir-membre-dune-grande-famille","status":"publish","type":"post","link":"https:\/\/www.focolare.org\/fr\/levangile-vecu-se-sentir-membre-dune-grande-famille\/","title":{"rendered":"L&rsquo;\u00c9vangile v\u00e9cu : se sentir membre d&rsquo;une grande famille"},"content":{"rendered":"<p><em>Une grande partie de la culture dans laquelle nous sommes immerg\u00e9s exalte l&rsquo;agressivit\u00e9 sous toutes ses formes comme l&rsquo;arme gagnante pour atteindre le succ\u00e8s. L&rsquo;\u00c9vangile, en revanche, nous pr\u00e9sente un paradoxe : reconna\u00eetre notre faiblesse, nos limites, notre fragilit\u00e9 comme point de d\u00e9part pour entrer en relation avec Dieu et participer avec lui \u00e0 la plus grande des conqu\u00eates : la fraternit\u00e9 universelle.<\/em>  <strong>R\u00e9cession<\/strong> En raison de la situation de crise dans notre pays, je voyais mon travail diminuer et mes revenus se rar\u00e9fier. Nos clients ne faisaient plus de commandes. \u00c0 la maison, nous avons r\u00e9duit nos d\u00e9penses, en essayant de vivre avec moins. J&rsquo;ai appris \u00e0 m&rsquo;endormir malgr\u00e9 les dettes, \u00e0 passer plus de temps avec les enfants pour que la situation ne p\u00e8se pas trop sur eux. J&rsquo;ai recommenc\u00e9 \u00e0 prier, \u00e0 croire fermement en l&rsquo;\u00c9vangile qui dit : \u00ab Donne et il te sera donn\u00e9 \u00bb. Nous l&rsquo;avons v\u00e9cu sans r\u00e9serve tous les jours. Entre-temps, nous avons fait tout ce que nous pouvions : collecter des journaux, des cartons, des bo\u00eetes de conserve et des bouteilles en verre pour les vendre\u2026 Les enfants sont all\u00e9s vendre des sachets de bonbons&#8230; De nombreuses personnes venaient nous demander de quoi manger et il nous est arriv\u00e9 de leur donner la seule chose qui nous restait. Un jour, ma femme leur a donn\u00e9 un kilo de riz et le soir m\u00eame, nous avons re\u00e7u deux kilos de lentilles. Un de nos voisins a laiss\u00e9 une voiture devant notre porte : \u00ab R\u00e9parez-la, vous la paierez quand vous le pourrez \u00bb. D\u00e9sormais nous pouvons conduire notre troisi\u00e8me fille, n\u00e9e avec le syndrome de Down, au centre de soins qui assure son traitement. (M.T. &#8211; Chili)  <strong>Grandir en tant que parents<\/strong> Nous avions remarqu\u00e9 quelques changements chez notre fils. Un jour, avec une infinie d\u00e9licatesse, je lui ai demand\u00e9 s&rsquo;il y avait un probl\u00e8me. Il m&rsquo;a confi\u00e9 qu&rsquo;il s&rsquo;\u00e9tait drogu\u00e9. J&rsquo;en ai parl\u00e9 \u00e0 mon mari. Nous n&rsquo;avons pas ferm\u00e9 l&rsquo;\u0153il de la nuit. En tant que parents nous nous sommes sentis impuissants et en situation d\u2019\u00e9chec. Joao a aussi ramen\u00e9 ses amis \u00e0 la maison. Nous avons souffert \u00e0 cause de leur fa\u00e7on d\u2019agir. Mon mari et moi \u00e9tions devant un choix : nous avons d\u00e9cid\u00e9 d&rsquo;aimer et de nous mettre au service de ces jeunes. Par amour pour notre fils, nous ne sommes plus partis en vacances pour ne pas le laisser seul. Entre-temps, nous avons eu, mon mari et moi, la certitude toujours plus grande que l&rsquo;amour serait plus fort. Un jour, Joao nous a dit qu&rsquo;il ne voulait pas quitter la maison et nous a demand\u00e9 d&rsquo;aider aussi ses amis. Une nouvelle vie a commenc\u00e9. Avec cette exp\u00e9rience, bien que n\u2019ayant pas d&rsquo;autre formation que la vie de l&rsquo;\u00c9vangile v\u00e9cu, nous avons fond\u00e9 dans notre ville le groupe Familles Anonymes, confront\u00e9es \u00e0 ce probl\u00e8me, pour les aider. De nombreux jeunes ont pu s\u2019en sortir. (O.P. &#8211; Portugal)  <strong>R\u00e9fugi\u00e9s<\/strong> Ayant appris qu&rsquo;un jeune r\u00e9fugi\u00e9 albanais cherche un logement, nous l&rsquo; aidons dans ses recherches et, entre-temps, nous l&rsquo; accueillons chez nous. Nos proches ne sont pas d&rsquo;accord, ils nous posent beaucoup de probl\u00e8mes et nous disent que nous sommes inconscients. Mais cet isolement momentan\u00e9, nous incite \u00e0 trouver dans l&rsquo;unit\u00e9 entre nous la force de continuer quand m\u00eame. Apr\u00e8s quelques jours, nous trouvons un appartement. Avec B., un artisan qui avait d\u00e9cid\u00e9 d&#8217;embaucher un Albanais, nous nous rendons \u00e0 la caserne pour concr\u00e9tiser les choses. P\u00e9n\u00e9trer dans ce lieu o\u00f9 des centaines de personnes attendent un logement, est un v\u00e9ritable choc. Nous nous sentons impuissants, mais B. d\u00e9cide finalement d&rsquo;engager non pas un mais trois Albanais, dont un mineur, qu&rsquo;il h\u00e9bergera lui-m\u00eame comme famille d&rsquo;accueil. Quelques mois suffisent pour que les trois jeunes se mettent au travail et s&rsquo;int\u00e8grent dans la vie du village, o\u00f9 nous avons essay\u00e9 d&rsquo;impliquer le plus de personnes possible pour qu&rsquo;ils se sentent membres d&rsquo;une grande famille. (S.E. &#8211; Italie)  <strong>Confirmation<\/strong> Ma fianc\u00e9e, Giorgia, veut se marier \u00e0 l\u2019\u00e9glise. Il y a besoin d&rsquo;un certificat de confirmation que je n&rsquo;ai pas et pour cela il me faut suivre une pr\u00e9paration. Au d\u00e9but, tout semble simple, mais quand je me retrouve au cat\u00e9chisme avec des gar\u00e7ons beaucoup plus jeunes que moi, cela me semble trop. J&rsquo;ai envie de tout envoyer balader. Giorgia ne change pas d&rsquo;avis, elle est convaincue du sacrement de mariage. Notre relation s\u2019enfonce dans un tunnel. Concr\u00e8tement nous reportons la date de notre mariage. Suivent des mois d\u2019\u00e9preuve et de questionnements. Mon \u00e9ducation m\u2019 a port\u00e9 \u00e0 voir l&rsquo;\u00c9glise comme une institution r\u00e9trograde et maintenant me voil\u00e0 en train de mendier un certificat ! Ce qui me met en col\u00e8re, c&rsquo;est que pour Giorgia, ce n&rsquo;est pas une formalit\u00e9, mais une fa\u00e7on de fonder une famille. Notre relation part en fum\u00e9e. C\u2019est alors qu\u2019\u00e0 la suite d\u2019un accident ma m\u00e8re devient paralys\u00e9e. Giorgia lui rend visite tous les jours et ma m\u00e8re trouve en elle non seulement de l&rsquo;amiti\u00e9, mais aussi une sorte de pr\u00e9sence qui l&rsquo;aide \u00e0 accueillir son \u00e9tat avec s\u00e9r\u00e9nit\u00e9. Je comprends que Giorgia a de profondes raisons d&rsquo;agir ainsi. Tous mes doutes disparaissent: quoi qu&rsquo;il advienne, elle est la femme de ma vie. (M.A. &#8211; Italie) <\/p>\n<p style=\"text-align: right;\"><em>D\u2019apr\u00e8s Stefania Tanesini<\/em> <em>(extrait de Il Vangelo del Giorno, citt\u00e0 Nuova,<\/em> <em>anno VI, n.1, janvier-f\u00e9vrier 2020)<\/em><\/p>\n","protected":false},"excerpt":{"rendered":"<p>Une grande partie de la culture dans laquelle nous sommes immerg\u00e9s exalte l&rsquo;agressivit\u00e9 sous toutes ses formes comme l&rsquo;arme gagnante pour atteindre le succ\u00e8s. L&rsquo;\u00c9vangile, en revanche, nous pr\u00e9sente un paradoxe : reconna\u00eetre notre faiblesse, nos limites, notre fragilit\u00e9 comme point de d\u00e9part pour entrer en relation avec Dieu et participer avec lui \u00e0 la plus grande des conqu\u00eates : la fraternit\u00e9 universelle.<\/p>\n","protected":false},"author":33,"featured_media":0,"comment_status":"open","ping_status":"open","sticky":false,"template":"","format":"standard","meta":{"give_campaign_id":0,"_seopress_robots_primary_cat":"","_seopress_titles_title":"","_seopress_titles_desc":"","_seopress_robots_index":"","_et_pb_use_builder":"","_et_pb_old_content":"","_et_gb_content_width":"","footnotes":""},"categories":[47],"tags":[],"class_list":["post-314064","post","type-post","status-publish","format-standard","hentry","category-non-classifiee"],"_links":{"self":[{"href":"https:\/\/www.focolare.org\/fr\/wp-json\/wp\/v2\/posts\/314064","targetHints":{"allow":["GET"]}}],"collection":[{"href":"https:\/\/www.focolare.org\/fr\/wp-json\/wp\/v2\/posts"}],"about":[{"href":"https:\/\/www.focolare.org\/fr\/wp-json\/wp\/v2\/types\/post"}],"author":[{"embeddable":true,"href":"https:\/\/www.focolare.org\/fr\/wp-json\/wp\/v2\/users\/33"}],"replies":[{"embeddable":true,"href":"https:\/\/www.focolare.org\/fr\/wp-json\/wp\/v2\/comments?post=314064"}],"version-history":[{"count":0,"href":"https:\/\/www.focolare.org\/fr\/wp-json\/wp\/v2\/posts\/314064\/revisions"}],"wp:attachment":[{"href":"https:\/\/www.focolare.org\/fr\/wp-json\/wp\/v2\/media?parent=314064"}],"wp:term":[{"taxonomy":"category","embeddable":true,"href":"https:\/\/www.focolare.org\/fr\/wp-json\/wp\/v2\/categories?post=314064"},{"taxonomy":"post_tag","embeddable":true,"href":"https:\/\/www.focolare.org\/fr\/wp-json\/wp\/v2\/tags?post=314064"}],"curies":[{"name":"wp","href":"https:\/\/api.w.org\/{rel}","templated":true}]}}