{"id":314102,"date":"2020-03-02T16:47:36","date_gmt":"2020-03-02T15:47:36","guid":{"rendered":"https:\/\/www.focolare.org\/cest-le-professeur-giuseppe-argiolas-le-nouveau-recteur-de-linstitut-universitaire-sophia\/"},"modified":"2024-05-15T20:59:54","modified_gmt":"2024-05-15T18:59:54","slug":"cest-le-professeur-giuseppe-argiolas-le-nouveau-recteur-de-linstitut-universitaire-sophia","status":"publish","type":"post","link":"https:\/\/www.focolare.org\/fr\/cest-le-professeur-giuseppe-argiolas-le-nouveau-recteur-de-linstitut-universitaire-sophia\/","title":{"rendered":"C\u2019est le Professeur Giuseppe Argiolas, le nouveau Recteur de l\u2019Institut Universitaire Sophia"},"content":{"rendered":"<p><em>Apr\u00e8s douze ann\u00e9e de pr\u00e9sidence, le Professeur Piero Coda, qui a conduit l\u2019Institut Universitaire Sophia depuis sa fondation, passe le relais au Professeur Giuseppe Argiolas, professeur de Management dans le m\u00eame Institut.<\/em>  C\u2019est la premi\u00e8re rel\u00e8ve de la garde pour l\u2019Institut Universitaire Sophia (I.U.S.), qui co\u00efncide aussi avec l\u2019attribution de la part de la Congr\u00e9gation pour l\u2019\u00c9ducation Catholique, du titre de \u00ab Recteur \u00bb \u00e0 celui qui avant, \u00e9tait le Directeur de l\u2019Institut. Donc, le Professeur Giuseppe Argiolas est le nouveau Recteur de Sophia . Il succ\u00e8de au Professeur Piero Coda qui a conduit l\u2019Institut depuis sa fondation, avec sagesse et esprit de proph\u00e9tie.  L\u2019\u00e9lection a eu lieu le 9 janvier dernier, de la part du Conseil Acad\u00e9mique de l\u2019Institut. Le 20 f\u00e9vrier 2020, avec une lettre, la Congr\u00e9gation pour l\u2019\u00c9ducation Catholique a nomm\u00e9 le Professeur Giuseppe Argiolas, Recteur de l\u2019Institut Universitaire Sophia, pour un mandat de quatre ans. Ce matin a eu lieu, dans la Grande Salle d\u2019audience de l\u2019Institut Universitaire Sophia, la c\u00e9r\u00e9monie de l\u2019installation du nouveau Recteur.  <img alt=\"\" alt=\"\" loading=\"lazy\" decoding=\"async\" class=\"wp-image-218084 alignleft\" src=\"https:\/\/www.focolare.org\/wp-content\/uploads\/2020\/03\/Cerimonia-nomina-Rettore-1-453x340.jpeg\" alt=\"\" width=\"300\" height=\"225\" \/>Argiolas est n\u00e9 \u00e0 Cagliari en 1969 . Il est professeur stable de l\u2019Institut Universitaire Sophia depuis 2016, lorsqu\u2019il a quitt\u00e9 son r\u00f4le aupr\u00e8s de l\u2019Universit\u00e9 de Cagliari afin de se consacrer au projet de d\u00e9veloppement du cours de ma\u00eetrise en Management et diriger l\u2019\u00c9cole du Doctorat de l\u2019Institut. Son activit\u00e9 de recherche se concentre principalement sur les th\u00e8mes de la Responsabilit\u00e9 Sociale des Entreprises et des Organisations et du Management des Entreprises \u00ab Mission-Driven \u00bb (voir la Biographie).  \u00ab Avant toute chose, je veux exprimer ma profonde admiration pour le Professeur Piero Coda et un grand remerciement pour ce qu\u2019il a fait jusqu\u2019\u00e0 aujourd\u2019hui \u2013 a comment\u00e9 le professeur Argiolas \u2013 et pour ma part, j\u2019essaierai de faire de mon mieux dans l\u2019exercice de la t\u00e2che qui m\u2019est confi\u00e9e, en interpr\u00e9tant cette responsabilit\u00e9 comme un service d\u2019unit\u00e9 \u00bb. Puis il continue : \u00ab La phase de fondation se termine et celle de la consolidation et du d\u00e9veloppement commence avec le passage g\u00e9n\u00e9rationnel. Mais ce qui ne devra pas manquer, ce sera la dimension charismatique. Sophia continuera \u00e0 accomplir, avec la fid\u00e9lit\u00e9 cr\u00e9ative, la mission pour laquelle elle a \u00e9t\u00e9 fond\u00e9e par Chiara Lubich, en parcourant ensemble avec de nombreux compagnons de voyage \u2013 comme nous l\u2019a dit le Pape Fran\u00e7ois \u2013 avec \u00ab joie, vision et d\u00e9cision \u00bb toujours nouvelles \u00ab le chemin \u00e0 peine entam\u00e9 \u00bb.  Le Professeur Piero Coda ajoute, qu\u2019il quitte apr\u00e8s douze ann\u00e9es la pr\u00e9sidence : \u00ab Je suis heureux de la nouvelle \u00e9tape dans le cheminement de Sophia qui commence sous la responsabilit\u00e9 experte et inspir\u00e9e de Giuseppe Argiolas, fruit d\u2019une maturation constante et consolid\u00e9e \u00e0 tous les niveaux. La nomination, non plus \u00e0 celle de Directeur mais bien \u00e0 celle de Recteur de la part de la Congr\u00e9gation pour l\u2019\u00c9ducation Catholique arrive inattendue et bienvenue comme sceau et ult\u00e9rieure impulsion. L\u2019occasion est propice pour renouveler avec \u00e9lan et joie avec le Recteur et avec toute la communaut\u00e9 acad\u00e9mique, ce pacte d\u2019unit\u00e9 qui qualifie l\u2019esprit qui nous anime et qui est relanc\u00e9 aujourd\u2019hui avec vigueur par le Global Compact on Education du Pape Fran\u00e7ois \u00bb.  Maria Voce, Vice Grande Chanceli\u00e8re de l\u2019Institut et Pr\u00e9sidente du Mouvement des Focolari a souhait\u00e9 : \u00ab Je suis heureuse de renouveler mes f\u00e9licitations au Professeur Giuseppe Argiolas, nouveau Recteur de l\u2019Institut Universitaire Sophia. Son \u00e9lection constitue sans nul doute un passage de g\u00e9n\u00e9ration et de dimension acad\u00e9mique par rapport \u00e0 la pr\u00e9sidence sortante. Je suis certaine que le Professeur Argiolas vous portera le cadeau de ses caract\u00e9ristiques personnelles, tout en restant fid\u00e8le \u00e0 l\u2019origine charismatique de la culture de l\u2019unit\u00e9 et en l\u2019actualisant afin de r\u00e9pondre au mieux aux questions de notre temps \u00bb.  <em>Fonte: Ufficio Stampa Istituto Universitario Sophia<\/em><\/p>\n","protected":false},"excerpt":{"rendered":"<p>Apr\u00e8s douze ann\u00e9e de pr\u00e9sidence, le Professeur Piero Coda, qui a conduit l\u2019Institut Universitaire Sophia depuis sa fondation, passe le relais au Professeur Giuseppe Argiolas, professeur de Management dans le m\u00eame Institut.<\/p>\n","protected":false},"author":24,"featured_media":0,"comment_status":"open","ping_status":"open","sticky":false,"template":"","format":"standard","meta":{"give_campaign_id":0,"_seopress_robots_primary_cat":"","_seopress_titles_title":"","_seopress_titles_desc":"","_seopress_robots_index":"","_et_pb_use_builder":"","_et_pb_old_content":"","_et_gb_content_width":"","footnotes":""},"categories":[47],"tags":[],"class_list":["post-314102","post","type-post","status-publish","format-standard","hentry","category-non-classifiee"],"_links":{"self":[{"href":"https:\/\/www.focolare.org\/fr\/wp-json\/wp\/v2\/posts\/314102","targetHints":{"allow":["GET"]}}],"collection":[{"href":"https:\/\/www.focolare.org\/fr\/wp-json\/wp\/v2\/posts"}],"about":[{"href":"https:\/\/www.focolare.org\/fr\/wp-json\/wp\/v2\/types\/post"}],"author":[{"embeddable":true,"href":"https:\/\/www.focolare.org\/fr\/wp-json\/wp\/v2\/users\/24"}],"replies":[{"embeddable":true,"href":"https:\/\/www.focolare.org\/fr\/wp-json\/wp\/v2\/comments?post=314102"}],"version-history":[{"count":0,"href":"https:\/\/www.focolare.org\/fr\/wp-json\/wp\/v2\/posts\/314102\/revisions"}],"wp:attachment":[{"href":"https:\/\/www.focolare.org\/fr\/wp-json\/wp\/v2\/media?parent=314102"}],"wp:term":[{"taxonomy":"category","embeddable":true,"href":"https:\/\/www.focolare.org\/fr\/wp-json\/wp\/v2\/categories?post=314102"},{"taxonomy":"post_tag","embeddable":true,"href":"https:\/\/www.focolare.org\/fr\/wp-json\/wp\/v2\/tags?post=314102"}],"curies":[{"name":"wp","href":"https:\/\/api.w.org\/{rel}","templated":true}]}}