{"id":314152,"date":"2020-04-11T01:10:23","date_gmt":"2020-04-10T23:10:23","guid":{"rendered":"https:\/\/www.focolare.org\/le-temps-de-paques-isoles-mais-toujours-projetes-vers-un-monde-plus-uni\/"},"modified":"2024-05-15T21:00:02","modified_gmt":"2024-05-15T19:00:02","slug":"le-temps-de-paques-isoles-mais-toujours-projetes-vers-un-monde-plus-uni","status":"publish","type":"post","link":"https:\/\/www.focolare.org\/fr\/le-temps-de-paques-isoles-mais-toujours-projetes-vers-un-monde-plus-uni\/","title":{"rendered":"Le temps de P\u00e2ques: isol\u00e9s mais toujours projet\u00e9s vers un monde plus uni."},"content":{"rendered":"<p><em>La crise du Corona virus a impos\u00e9 diff\u00e9rentes restrictions dans de nombreux pays et on ne peut sortir de la maison. L&rsquo;isolement peut \u00eatre un probl\u00e8me mais la force de la solidarit\u00e9 et l&rsquo;envie de rester unis et reli\u00e9s gr\u00e2ce aux r\u00e9seaux sociaux sont plus forts. Voil\u00e0 les v\u0153ux de P\u00e2ques qui se souhaitent dans le monde.<\/em>  https:\/\/vimeo.com\/406341297<\/p>\n","protected":false},"excerpt":{"rendered":"<p>La crise du Corona virus a impos\u00e9 diff\u00e9rentes restrictions dans de nombreux pays et on ne peut sortir de la maison. L&rsquo;isolement peut \u00eatre un probl\u00e8me mais la force de la solidarit\u00e9 et l&rsquo;envie de rester unis et reli\u00e9s gr\u00e2ce aux r\u00e9seaux sociaux sont plus forts. Voil\u00e0 les v\u0153ux de P\u00e2ques qui se souhaitent dans le monde.<\/p>\n","protected":false},"author":33,"featured_media":0,"comment_status":"open","ping_status":"open","sticky":false,"template":"","format":"standard","meta":{"give_campaign_id":0,"_seopress_robots_primary_cat":"","_seopress_titles_title":"","_seopress_titles_desc":"","_seopress_robots_index":"","_et_pb_use_builder":"","_et_pb_old_content":"","_et_gb_content_width":"","footnotes":""},"categories":[47],"tags":[],"class_list":["post-314152","post","type-post","status-publish","format-standard","hentry","category-non-classifiee"],"_links":{"self":[{"href":"https:\/\/www.focolare.org\/fr\/wp-json\/wp\/v2\/posts\/314152","targetHints":{"allow":["GET"]}}],"collection":[{"href":"https:\/\/www.focolare.org\/fr\/wp-json\/wp\/v2\/posts"}],"about":[{"href":"https:\/\/www.focolare.org\/fr\/wp-json\/wp\/v2\/types\/post"}],"author":[{"embeddable":true,"href":"https:\/\/www.focolare.org\/fr\/wp-json\/wp\/v2\/users\/33"}],"replies":[{"embeddable":true,"href":"https:\/\/www.focolare.org\/fr\/wp-json\/wp\/v2\/comments?post=314152"}],"version-history":[{"count":0,"href":"https:\/\/www.focolare.org\/fr\/wp-json\/wp\/v2\/posts\/314152\/revisions"}],"wp:attachment":[{"href":"https:\/\/www.focolare.org\/fr\/wp-json\/wp\/v2\/media?parent=314152"}],"wp:term":[{"taxonomy":"category","embeddable":true,"href":"https:\/\/www.focolare.org\/fr\/wp-json\/wp\/v2\/categories?post=314152"},{"taxonomy":"post_tag","embeddable":true,"href":"https:\/\/www.focolare.org\/fr\/wp-json\/wp\/v2\/tags?post=314152"}],"curies":[{"name":"wp","href":"https:\/\/api.w.org\/{rel}","templated":true}]}}