{"id":314158,"date":"2020-04-18T13:00:15","date_gmt":"2020-04-18T11:00:15","guid":{"rendered":"https:\/\/www.focolare.org\/le-50e-anniversaire-de-la-journee-de-la-terre-se-deplace-sur-le-net\/"},"modified":"2024-05-15T21:00:02","modified_gmt":"2024-05-15T19:00:02","slug":"le-50e-anniversaire-de-la-journee-de-la-terre-se-deplace-sur-le-net","status":"publish","type":"post","link":"https:\/\/www.focolare.org\/fr\/le-50e-anniversaire-de-la-journee-de-la-terre-se-deplace-sur-le-net\/","title":{"rendered":"Le 50e anniversaire de la \u00ab\u00a0Journ\u00e9e de la Terre\u00a0\u00bb se d\u00e9place sur le Net"},"content":{"rendered":"<p><em>En Italie, la c\u00e9l\u00e9bration du \u00ab\u00a0Village pour la Terre\u00a0\u00bb se transforme en un marathon multim\u00e9dia<\/em>  <img alt=\"\" alt=\"\" loading=\"lazy\" decoding=\"async\" class=\"wp-image-223962 alignleft\" src=\"https:\/\/www.focolare.org\/wp-content\/uploads\/2020\/04\/logoconvillaggio.001-453x340.png\" alt=\"\" width=\"296\" height=\"222\" \/>Tout est interconnect\u00e9. C&rsquo;est la cl\u00e9 qui unit les c\u00e9l\u00e9brations du 50e anniversaire de <em>l\u2019Earth Day<\/em>, le 22 avril, \u00e0 la pand\u00e9mie de coronavirus qui d\u00e9fie l&rsquo;humanit\u00e9 aujourd&rsquo;hui. En cette Journ\u00e9e pour la Terre, l&rsquo;urgence sanitaire soul\u00e8ve une communaut\u00e9 mondiale qui r\u00e9clame des mod\u00e8les \u00e9conomiques et sociaux plus justes. Les c\u00e9l\u00e9brations ont lieu \u00e0 l&rsquo;occasion du 5e anniversaire de l&rsquo;Encyclique <em>Laudato Si<\/em> du Pape Fran\u00e7ois sur le th\u00e8me de l&rsquo;\u00e9cologie int\u00e9grale. Le<em> web<\/em> accueillera des \u00e9v\u00e9nements dans 193 pays. En Italie, le <strong>Village pour la Terre <\/strong>qui se tient selon la tradition \u00e0 la Villa Borghese, \u00e0 Rome, se transforme en un marathon multim\u00e9dia en direct sur la <em>Rai Play<\/em> et avec des incursions dans d&rsquo;autres diffuseurs. Nous en avons parl\u00e9 avec <strong>Pierluigi Sassi,<\/strong> pr\u00e9sident de <strong><em>Earth Day Italia.<\/em><\/strong>  <strong>Le 50e anniversaire de <em>l\u2019Earth Day<\/em> a lieu, alors que l&rsquo;humanit\u00e9 est confront\u00e9e au d\u00e9fi du coronavirus qui nous am\u00e8ne \u00e0 revoir nos priorit\u00e9s, nos valeurs et nos objectifs&#8230;<\/strong> Aujourd&rsquo;hui plus que jamais, nous ressentons l&rsquo;urgence de changer le mod\u00e8le \u00e9conomique et social qui a r\u00e9gi le d\u00e9veloppement au cours des derni\u00e8res d\u00e9cennies et nous voulons donner un message d&rsquo;espoir, offrir une cl\u00e9 de lecture qui met en \u00e9vidence la centralit\u00e9 de l&rsquo;homme et la n\u00e9cessit\u00e9 de respecter la plan\u00e8te. Nous avons attir\u00e9 l&rsquo;attention du monde sur ces questions et c\u2019est ce que fit la d\u00e9cisive Encyclique du Pape Fran\u00e7ois <em>Laudato Si<\/em> sur le principe de l&rsquo;\u00e9cologie int\u00e9grale. Une sensibilit\u00e9 mondiale s&rsquo;est cr\u00e9\u00e9e aujourd&rsquo;hui, mais il faut passer \u00e0 l&rsquo;action. Le coronavirus alimente cette exigence de changement.  <div id=\"attachment_223961\" style=\"width: 417px\" class=\"wp-caption alignright\"><img alt=\"\" alt=\"\" loading=\"lazy\" decoding=\"async\" aria-describedby=\"caption-attachment-223961\" class=\"wp-image-223961\" src=\"https:\/\/www.focolare.org\/wp-content\/uploads\/2020\/04\/Villaggio_Per_La_Terra_palco-509x340.jpg\" alt=\"\" width=\"407\" height=\"272\" \/><p id=\"caption-attachment-223961\" class=\"wp-caption-text\">VILLAGGIO PER LA TERRA, Earth Day Italia, Villa Borghese, Roma 21 avril 2018<br \/>\u00a9 Lorenzo Gobbi\/Smile Vision Srls<\/p><\/div>  <strong>Ce qui ressort de l&rsquo;observation du d\u00e9veloppement de la pand\u00e9mie, c&rsquo;est l&rsquo;interd\u00e9pendance des probl\u00e8mes et des solutions, \u00e9l\u00e9ment cl\u00e9 dans la bataille pour la protection de la terre&#8230; <\/strong> Le grand concept que le Pape a transmis au monde est qu&rsquo;il n&rsquo;y a pas une question environnementale, une question sociale et une question \u00e9conomique, mais qu&rsquo;il y a une question humaine dans laquelle tous ces facteurs sont interd\u00e9pendants. Cette conscience devient op\u00e9rationnelle quand on se rend compte qu&rsquo;il suffit de peu de choses pour qu&rsquo;une crise sanitaire comme celle-ci mette en lumi\u00e8re des probl\u00e8mes qui semblaient d\u00e9connect\u00e9s. L&rsquo;importance des relations humaines et de l&rsquo;engagement en faveur de la solidarit\u00e9 \u00e9conomique et sociale appara\u00eet ici.  <strong>Cette journ\u00e9e a une port\u00e9e mondiale. Quel est le lien entre les c\u00e9l\u00e9brations en Italie et celles dans d&rsquo;autres pays ?<\/strong> Le coronavirus nous a tous oblig\u00e9s \u00e0 num\u00e9riser les c\u00e9l\u00e9brations en les mettant sur le Net. Nous avons vu qu&rsquo;en cr\u00e9ant un marathon num\u00e9rique, de nombreuses connexions ont \u00e9t\u00e9 cr\u00e9\u00e9es. C&rsquo;est la beaut\u00e9 d&rsquo;un pas en avant qui, presque miraculeusement, dans l&rsquo;urgence, s&rsquo;est produit dans un esprit d&rsquo;unit\u00e9, et qui aujourd&rsquo;hui, dans les 193 pays o\u00f9 la Journ\u00e9e de la Terre est c\u00e9l\u00e9br\u00e9e, nous fait sentir plus reli\u00e9s et nous am\u00e8ne \u00e0 unir nos efforts pour un plus grand respect de l&rsquo;homme et de la plan\u00e8te.  <strong>Comment se d\u00e9rouleront les c\u00e9l\u00e9brations en Italie?<\/strong> Nous avons organis\u00e9 un marathon multim\u00e9dia appel\u00e9 \u00ab\u00a0<em>OnePeople, OnePlanet\u00a0\u00bb<\/em> pour rappeler que nous appartenons \u00e0 une seule famille humaine et que nous vivons sur une unique plan\u00e8te. Nous le r\u00e9aliserons avec de nombreux partenaires m\u00e9diatiques dont la <em>Rai<\/em> qui le diffusera int\u00e9gralement de 8 \u00e0 20 heures sur <em>Rai Play<\/em>, mais aussi par des insertions dans d&rsquo;autres m\u00e9dias, dans des conteneurs <em>Rai<\/em> et par des connexions internationales avec de nombreux pays o\u00f9 nous parlerons de peuples indig\u00e8nes, de d\u00e9forestation, de la beaut\u00e9 de notre plan\u00e8te. <\/p>\n<p style=\"text-align: right;\"><em>Claudia Di Lorenzi<\/em><\/p>\n","protected":false},"excerpt":{"rendered":"<p>En Italie, la c\u00e9l\u00e9bration du \u00ab\u00a0Village pour la Terre\u00a0\u00bb se transforme en un marathon multim\u00e9dia<\/p>\n","protected":false},"author":33,"featured_media":0,"comment_status":"open","ping_status":"open","sticky":false,"template":"","format":"standard","meta":{"give_campaign_id":0,"_seopress_robots_primary_cat":"","_seopress_titles_title":"","_seopress_titles_desc":"","_seopress_robots_index":"","_et_pb_use_builder":"","_et_pb_old_content":"","_et_gb_content_width":"","footnotes":""},"categories":[47],"tags":[],"class_list":["post-314158","post","type-post","status-publish","format-standard","hentry","category-non-classifiee"],"_links":{"self":[{"href":"https:\/\/www.focolare.org\/fr\/wp-json\/wp\/v2\/posts\/314158","targetHints":{"allow":["GET"]}}],"collection":[{"href":"https:\/\/www.focolare.org\/fr\/wp-json\/wp\/v2\/posts"}],"about":[{"href":"https:\/\/www.focolare.org\/fr\/wp-json\/wp\/v2\/types\/post"}],"author":[{"embeddable":true,"href":"https:\/\/www.focolare.org\/fr\/wp-json\/wp\/v2\/users\/33"}],"replies":[{"embeddable":true,"href":"https:\/\/www.focolare.org\/fr\/wp-json\/wp\/v2\/comments?post=314158"}],"version-history":[{"count":0,"href":"https:\/\/www.focolare.org\/fr\/wp-json\/wp\/v2\/posts\/314158\/revisions"}],"wp:attachment":[{"href":"https:\/\/www.focolare.org\/fr\/wp-json\/wp\/v2\/media?parent=314158"}],"wp:term":[{"taxonomy":"category","embeddable":true,"href":"https:\/\/www.focolare.org\/fr\/wp-json\/wp\/v2\/categories?post=314158"},{"taxonomy":"post_tag","embeddable":true,"href":"https:\/\/www.focolare.org\/fr\/wp-json\/wp\/v2\/tags?post=314158"}],"curies":[{"name":"wp","href":"https:\/\/api.w.org\/{rel}","templated":true}]}}