{"id":314222,"date":"2020-06-04T01:00:02","date_gmt":"2020-06-03T23:00:02","guid":{"rendered":"https:\/\/www.focolare.org\/la-fraternite-universelle-en-dialogue-avec-les-personnes-de-convictions-non-religieuses-1ere-partie\/"},"modified":"2024-05-15T21:00:14","modified_gmt":"2024-05-15T19:00:14","slug":"la-fraternite-universelle-en-dialogue-avec-les-personnes-de-convictions-non-religieuses-1ere-partie","status":"publish","type":"post","link":"https:\/\/www.focolare.org\/fr\/la-fraternite-universelle-en-dialogue-avec-les-personnes-de-convictions-non-religieuses-1ere-partie\/","title":{"rendered":"La fraternit\u00e9 universelle en dialogue avec les personnes de convictions non religieuses &#8211; 1\u00e8re PARTIE"},"content":{"rendered":"<p><em>Construire un monde uni sans distinction de race, de religion, de conditions \u00e9conomiques et sociales.<\/em>  <em>\u00ab\u00a0En tant que Mouvement, en tant que nouvelle \u0152uvre n\u00e9e dans l&rsquo;Eglise, nous avons une vocation universelle, puisque notre devise est : \u00ab\u00a0Que tous soient un\u00a0\u00bb. Nous ne pouvons pas nous passer de vous, parce que vous \u00eates dans le monde entier, sinon nous enl\u00e8verions la moiti\u00e9 ou au moins un tiers de l\u2019humanit\u00e9 et nous l&rsquo;exclurions, alors que nous disons \u00ab\u00a0que tous soient un\u00a0\u00bb.<\/em> C\u2019est ainsi que la fondatrice du mouvement des Focolari, <strong>Chiara Lubich<\/strong>, explique en mai 1995 les raisons qui ont conduit le Mouvement \u00e0 rechercher et \u00e0 d\u00e9velopper un dialogue avec les personnes qui ne se reconnaissent pas dans <strong>une croyance religieuse. <\/strong>  Nous en parlons avec<strong> Luciana Scalacci<\/strong>, 73 ans, de Abbadia San Salvatore (Italie). Non croyante, elle est membre de la Commission internationale et italienne du Centre pour le Dialogue avec les personnes de convictions non religieuses des Focolari.  <strong>Dans le Mouvement, la recherche du dialogue avec les personnes de convictions non religieuses est profond\u00e9ment enracin\u00e9e. Quelles sont les \u00e9tapes les plus importantes ? <\/strong> Le \u00ab\u00a0Centre pour le dialogue avec les non-croyants\u00a0\u00bb na\u00eet en 1978 et en 1979, pour la premi\u00e8re fois, des personnes de convictions non religieuses participent \u00e0 des rencontres promues par les Focolari. Chiara invite l&rsquo;ensemble du Mouvement \u00e0 s&rsquo;ouvrir aux non-croyants, estimant que nous sommes tous des \u00ab\u00a0p\u00e9cheurs\u00a0\u00bb et que nous pouvons donc faire un chemin commun de lib\u00e9ration et construire ensemble la fraternit\u00e9 universelle. En 1992, le Centre promeut la premi\u00e8re conf\u00e9rence internationale intitul\u00e9e \u00ab\u00a0Construire ensemble un monde uni\u00a0\u00bb. \u00ab\u00a0<em>Votre participation \u00e0 notre \u0152uvre est essentielle pour nous\u00a0\u00bb,<\/em> d\u00e9clare Chiara. \u00ab\u00a0S<em>ans vous (comme sans ses autres composantes), elle perdrait son identit\u00e9\u00a0\u00bb<\/em>. En 1994 a lieu la deuxi\u00e8me conf\u00e9rence. Dans son message, Chiara d\u00e9clare : <em>\u00ab\u00a0Notre but est de contribuer \u00e0 l&rsquo;unit\u00e9 de tous, en partant de l&rsquo;Amour pour chaque personne. Nous verrons donc combien l&rsquo;aspiration \u00e0 la fraternit\u00e9 universelle et \u00e0 l&rsquo;unit\u00e9 \u00a0\u00bb est grande dans l&rsquo;Humanit\u00e9, \u00e0 tous les niveaux. <\/em>  Apr\u00e8s la mort de Chiara en 2008, la pr\u00e9sidente, Maria Voce, confirme \u00e0 plusieurs reprises que les personnes de convictions non religieuses sont un groupe essentiel du Mouvement.  <strong>Dans les ann\u00e9es 1970, il n&rsquo;est pas courant qu&rsquo;un Mouvement d&rsquo;inspiration chr\u00e9tienne ouvre ses portes aux non-croyants&#8230; quels \u00e9taient ses objectifs ?<\/strong> L&rsquo;unit\u00e9 du genre humain, concr\u00e9tiser \u00ab\u00a0Que tous soient un\u00a0\u00bb, car le monde uni se construit avec les autres et non contre les autres.  <strong>Sur quelle base repose la possibilit\u00e9 de construire un dialogue entre croyants et non-croyants ?<\/strong> Sur l&rsquo;existence de valeurs communes, telles que la fraternit\u00e9, la solidarit\u00e9, la justice, l&rsquo;aide aux pauvres. Le point commun est aussi le fait que nous avons tous une conscience personnelle qui nous permet de r\u00e9fl\u00e9chir individuellement \u00e0 ces valeurs mais aussi de mani\u00e8re collective, pour qu\u2019il devienne le patrimoine de tous.  <strong>Avez-vous rencontr\u00e9 des difficult\u00e9s sur ce chemin ?<\/strong> Dialoguer \u00e0 partir de diff\u00e9rentes positions n&rsquo;est pas toujours facile. Il est plus facile de se r\u00e9f\u00e9rer \u00e0 un contenu concret et de r\u00e9aliser quelque chose de pratique car la pratique ne fait aucune distinction de couleur, de religion, d&rsquo;id\u00e9es. Les difficult\u00e9s surviennent lorsque nous passons de la pratique aux valeurs, aux id\u00e9ologies, aux superstructures. Le dialogue peut \u00e9chouer. Mais ce n&rsquo;est pas le cas. Chiara a demand\u00e9 aux croyants et \u00e0 nous \u00ab\u00a0amis\u00a0\u00bb d&rsquo;\u00eatre aussi ouverts d&rsquo;esprit que possible, non pas pour faire un acte de charit\u00e9, mais pour s&rsquo;enrichir mutuellement et faire le voyage ensemble vers un monde meilleur. <\/p>\n<p style=\"text-align: right;\"><em>Claudia Di Lorenzi<\/em><\/p>\n","protected":false},"excerpt":{"rendered":"<p>Construire un monde uni sans distinction de race, de religion, de conditions \u00e9conomiques et sociales.<\/p>\n","protected":false},"author":33,"featured_media":0,"comment_status":"open","ping_status":"open","sticky":false,"template":"","format":"standard","meta":{"give_campaign_id":0,"_seopress_robots_primary_cat":"","_seopress_titles_title":"","_seopress_titles_desc":"","_seopress_robots_index":"","_et_pb_use_builder":"","_et_pb_old_content":"","_et_gb_content_width":"","footnotes":""},"categories":[47],"tags":[],"class_list":["post-314222","post","type-post","status-publish","format-standard","hentry","category-non-classifiee"],"_links":{"self":[{"href":"https:\/\/www.focolare.org\/fr\/wp-json\/wp\/v2\/posts\/314222","targetHints":{"allow":["GET"]}}],"collection":[{"href":"https:\/\/www.focolare.org\/fr\/wp-json\/wp\/v2\/posts"}],"about":[{"href":"https:\/\/www.focolare.org\/fr\/wp-json\/wp\/v2\/types\/post"}],"author":[{"embeddable":true,"href":"https:\/\/www.focolare.org\/fr\/wp-json\/wp\/v2\/users\/33"}],"replies":[{"embeddable":true,"href":"https:\/\/www.focolare.org\/fr\/wp-json\/wp\/v2\/comments?post=314222"}],"version-history":[{"count":0,"href":"https:\/\/www.focolare.org\/fr\/wp-json\/wp\/v2\/posts\/314222\/revisions"}],"wp:attachment":[{"href":"https:\/\/www.focolare.org\/fr\/wp-json\/wp\/v2\/media?parent=314222"}],"wp:term":[{"taxonomy":"category","embeddable":true,"href":"https:\/\/www.focolare.org\/fr\/wp-json\/wp\/v2\/categories?post=314222"},{"taxonomy":"post_tag","embeddable":true,"href":"https:\/\/www.focolare.org\/fr\/wp-json\/wp\/v2\/tags?post=314222"}],"curies":[{"name":"wp","href":"https:\/\/api.w.org\/{rel}","templated":true}]}}