{"id":314224,"date":"2020-06-05T01:00:13","date_gmt":"2020-06-04T23:00:13","guid":{"rendered":"https:\/\/www.focolare.org\/en-dialogue-avec-croyants-et-les-personnes-de-convictions-non-religieuses-2eme-partie\/"},"modified":"2024-05-15T21:00:15","modified_gmt":"2024-05-15T19:00:15","slug":"en-dialogue-avec-croyants-et-les-personnes-de-convictions-non-religieuses-2eme-partie","status":"publish","type":"post","link":"https:\/\/www.focolare.org\/fr\/en-dialogue-avec-croyants-et-les-personnes-de-convictions-non-religieuses-2eme-partie\/","title":{"rendered":"En dialogue avec croyants et  les personnes de convictions non religieuses &#8211; 2\u00e8me PARTIE"},"content":{"rendered":"<p><em>\u00a0<\/em><em>La vocation universelle du mouvement des Focolari consiste \u00e0 construire la fraternit\u00e9 universelle sans distinction de race, de religion, de conditions \u00e9conomiques et sociales<\/em>.  Nous vous proposons la deuxi\u00e8me partie de l&rsquo;interview de <strong>Luciana Scalacci,<\/strong> membre non-croyante de la Commission internationale et italienne du Centre pour le Dialogue avec les personnes de convictions non religieuses des Focolari.  <strong>Comment as-tu abord\u00e9 les Focolari en tant que non-croyante et comment ont-t-il chang\u00e9 ta vie ?<\/strong> Un jour, notre fille nous a \u00e9crit qu&rsquo;elle avait trouv\u00e9 un endroit pour mettre en pratique les valeurs que nous lui avions transmises : elle avait rencontr\u00e9 la communaut\u00e9 des Focolari \u00e0 Arezzo. Nous ne connaissions pas le Mouvement, nous \u00e9tions inquiets, nous voulions voir de quoi il s&rsquo;agissait. Nous avons tout de suite eu l&rsquo;impression d&rsquo;\u00eatre dans un endroit o\u00f9 l&rsquo;on respecte les id\u00e9es des autres, nous avons trouv\u00e9 une ouverture que nous n&rsquo;avions jamais rencontr\u00e9e auparavant. La rencontre avec le Mouvement a \u00e9t\u00e9 comme une lumi\u00e8re qui m&rsquo;a redonn\u00e9 espoir dans la possibilit\u00e9 de construire un monde meilleur.  <strong>Tu as rencontr\u00e9 Chiara Lubich \u00e0 plusieurs reprises : quelle valeur a eu cette relation personnelle ? <\/strong> En 2000, lors d&rsquo;une rencontre publique, elle a r\u00e9pondu \u00e0 la question que je lui avais pos\u00e9e\u00a0: <em>\u00ab\u00a0&#8230;pour nous aussi, l&rsquo;homme est un rem\u00e8de pour l&rsquo;homme, mais quel homme ? Pour nous, c\u2019est J\u00e9sus, un homme. Prenez-le-vous aussi car il est l&rsquo;un des v\u00f4tres, c&rsquo;est un homme\u00a0\u00bb.<\/em> C&rsquo;est alors que j&rsquo;ai compris que le Mouvement \u00e9tait le lieu o\u00f9 je pouvais m&rsquo;engager et j&rsquo;ai compris pourquoi, m\u00eame en tant que non-croyante, j&rsquo;avais toujours \u00e9t\u00e9 fascin\u00e9e par la figure de J\u00e9sus de Nazareth. C&rsquo;est alors que Chiara m&rsquo;a invit\u00e9e \u00e0 la rejoindre pour une rencontre personnelle, moi qui ne suis personne. Cette rencontre m\u2019a p\u00e9n\u00e9tr\u00e9e toute enti\u00e8re, je sentais \u00e0 quel point elle m\u2019aimait. Dans une lettre qu\u2019elle m\u2019\u00e9crivait, je percevais des paroles proph\u00e9tiques : \u00ab\u00a0<em>Tr\u00e8s ch\u00e8re Luciana&#8230; nous avons fait de nombreux pas ensemble et nous nous sommes enrichies mutuellement. Maintenant, comme tu le dis, nous devons rendre ce chemin plus visible afin que beaucoup d&rsquo;autres personnes puissent le trouver. Nous connaissons le secret : Continuons \u00e0 aimer\u00a0\u00bb.<\/em>  <strong>En ces ann\u00e9es de dialogue, comment sommes-nous pass\u00e9s de la confrontation entre \u00ab\u00a0nous\u00a0\u00bb et \u00ab\u00a0vous\u00a0\u00bb \u00e0 \u00eatre \u00ab\u00a0unis en un Nous\u00a0\u00bb ?<\/strong> Le scepticisme initial a \u00e9t\u00e9 la premi\u00e8re chose \u00e0 surmonter. D\u2019un c\u00f4t\u00e9, les non-croyants craignaient qu&rsquo;il s&rsquo;agissait d&rsquo;un geste de pros\u00e9lytisme ; de l\u2019autre, les croyants craignaient, je crois, que les non-croyants tentent de remettre en question leurs certitudes, leur foi. Chiara est la seule personne qui n&rsquo;a jamais eu de tels soucis. Nous avons constat\u00e9 que le dialogue est la grande ressource pour marcher vers l&rsquo;objectif de la fraternit\u00e9 universelle. Peu \u00e0 peu, la confiance entre les \u00ab\u00a0deux parties\u00a0\u00bb s&rsquo;est accrue et nous nous sommes sentis non plus \u00ab\u00a0nous-vous\u00a0\u00bb mais \u00ab\u00a0unis en nous\u00a0\u00bb.  <strong>Un d\u00e9fi d\u00e9cisif consiste \u00e0 enthousiasmer les jeunes. Quelles sensibilit\u00e9s rencontrez-vous ?<\/strong> Les jeunes ne sont pas tous inform\u00e9s de l&rsquo;ouverture aux personnes qui ne se reconnaissent dans une foi religieuse\u00a0; ceux que j&rsquo;ai eu l&rsquo;occasion de conna\u00eetre ont montr\u00e9 un int\u00e9r\u00eat pour cette r\u00e9alit\u00e9. Une fille, apr\u00e8s nous avoir rencontr\u00e9s, a \u00e9crit : \u00ab\u00a0J&rsquo;ai ressenti ce dialogue comme une facette de ce pr\u00e9cieux diamant que Chiara nous a donn\u00e9&#8230; ne l&rsquo;encrassons pas\u00a0\u00bb.  <a href=\"https:\/\/www.focolare.org\/fr\/news\/2020\/06\/04\/la-fraternite-universelle-en-dialogue-avec-les-personnes-de-convictions-non-religieuses\/?preview_id=224559&amp;preview_nonce=cb0f4e898d&amp;post_format=standard&amp;_thumbnail_id=224566&amp;preview=true\" target=\"_blank\" rel=\"noopener noreferrer\">Cliquez ici pour lire la 1\u00e8re partie de l&rsquo;interview<\/a> <\/p>\n<p style=\"text-align: right;\"><em>Claudia Di Lorenzi<\/em><\/p>\n","protected":false},"excerpt":{"rendered":"<p>\u00a0La vocation universelle du mouvement des Focolari consiste \u00e0 construire la fraternit\u00e9 universelle sans distinction de race, de religion, de conditions \u00e9conomiques et sociales.<\/p>\n","protected":false},"author":33,"featured_media":0,"comment_status":"open","ping_status":"open","sticky":false,"template":"","format":"standard","meta":{"give_campaign_id":0,"_seopress_robots_primary_cat":"","_seopress_titles_title":"","_seopress_titles_desc":"","_seopress_robots_index":"","_et_pb_use_builder":"","_et_pb_old_content":"","_et_gb_content_width":"","footnotes":""},"categories":[47],"tags":[],"class_list":["post-314224","post","type-post","status-publish","format-standard","hentry","category-non-classifiee"],"_links":{"self":[{"href":"https:\/\/www.focolare.org\/fr\/wp-json\/wp\/v2\/posts\/314224","targetHints":{"allow":["GET"]}}],"collection":[{"href":"https:\/\/www.focolare.org\/fr\/wp-json\/wp\/v2\/posts"}],"about":[{"href":"https:\/\/www.focolare.org\/fr\/wp-json\/wp\/v2\/types\/post"}],"author":[{"embeddable":true,"href":"https:\/\/www.focolare.org\/fr\/wp-json\/wp\/v2\/users\/33"}],"replies":[{"embeddable":true,"href":"https:\/\/www.focolare.org\/fr\/wp-json\/wp\/v2\/comments?post=314224"}],"version-history":[{"count":0,"href":"https:\/\/www.focolare.org\/fr\/wp-json\/wp\/v2\/posts\/314224\/revisions"}],"wp:attachment":[{"href":"https:\/\/www.focolare.org\/fr\/wp-json\/wp\/v2\/media?parent=314224"}],"wp:term":[{"taxonomy":"category","embeddable":true,"href":"https:\/\/www.focolare.org\/fr\/wp-json\/wp\/v2\/categories?post=314224"},{"taxonomy":"post_tag","embeddable":true,"href":"https:\/\/www.focolare.org\/fr\/wp-json\/wp\/v2\/tags?post=314224"}],"curies":[{"name":"wp","href":"https:\/\/api.w.org\/{rel}","templated":true}]}}