{"id":314228,"date":"2020-06-07T01:00:28","date_gmt":"2020-06-06T23:00:28","guid":{"rendered":"https:\/\/www.focolare.org\/lengagement-des-focolari-pour-un-monde-libere-de-toute-forme-de-racisme\/"},"modified":"2024-05-15T21:00:15","modified_gmt":"2024-05-15T19:00:15","slug":"lengagement-des-focolari-pour-un-monde-libere-de-toute-forme-de-racisme","status":"publish","type":"post","link":"https:\/\/www.focolare.org\/fr\/lengagement-des-focolari-pour-un-monde-libere-de-toute-forme-de-racisme\/","title":{"rendered":"L&rsquo;engagement des Focolari pour un monde lib\u00e9r\u00e9 de toute forme de racisme"},"content":{"rendered":"<p><em>Apr\u00e8s les \u00e9v\u00e9nements de Minneapolis et les manifestations dans le monde, nous nous sentons impuissants et indign\u00e9s mais nous continuons \u00e0 croire et \u00e0 travailler dans un esprit d&rsquo;ouverture et de participation pour r\u00e9pondre aux attentes les plus profondes de notre \u00e9poque.<\/em>  <div id=\"attachment_224749\" style=\"width: 305px\" class=\"wp-caption alignleft\"><img alt=\"\" alt=\"\" loading=\"lazy\" decoding=\"async\" aria-describedby=\"caption-attachment-224749\" class=\"wp-image-224749 size-medium\" src=\"https:\/\/www.focolare.org\/wp-content\/uploads\/2020\/06\/WhatsApp-Image-2020-06-07-at-10.57.03-e1591525848304-295x340.jpeg\" alt=\"\" width=\"295\" height=\"340\" \/><p id=\"caption-attachment-224749\" class=\"wp-caption-text\">Foto: Josh Hild (Pexels)<\/p><\/div>  \u00ab\u00a0Alors que nous avons encore sous les yeux les \u00e9v\u00e9nements r\u00e9cents qui mettent une fois de plus en \u00e9vidence la r\u00e9alit\u00e9 haineuse de l&rsquo;injustice raciale et de la violence, nous avons le c\u0153ur bris\u00e9.  Nous nous sentons impuissants et indign\u00e9s. Pourtant, nous continuons \u00e0 esp\u00e9rer\u00a0\u00bb.  Ce sont l\u00e0 quelques-unes des premi\u00e8res expressions de la <a href=\"https:\/\/www.focolare.org\/usa\/files\/2020\/06\/Focolare-Statement-on-Racial-Justice.pdf\" target=\"_blank\" rel=\"noopener noreferrer\"><u>d\u00e9claration <\/u><\/a>de la communaut\u00e9 des Focolari aux USA qui a exprim\u00e9 son engagement en faveur d&rsquo;une justice raciale \u00e0 la suite des \u00e9v\u00e9nements de Minneapolis et des protestations auxquelles nous assistons dans le monde entier. <strong>Cet engagement est partag\u00e9 \u00e0 l&rsquo;\u00e9chelle mondiale et nous le r\u00e9affirmons ici au nom de tous les membres du mouvement des Focolari dans le monde.<\/strong>  Avec le <a href=\"http:\/\/www.vatican.va\/content\/francesco\/fr\/audiences\/2020\/documents\/papa-francesco_20200603_udienza-generale.html\" target=\"_blank\" rel=\"noopener noreferrer\"><u>Pape Fran\u00e7ois <\/u><\/a>et avec de nombreux dirigeants religieux et civils, nous affirmons \u00e9galement que \u00ab\u00a0nous ne pouvons tol\u00e9rer ou fermer les yeux sur aucune forme de racisme ou d&rsquo;exclusion\u00a0\u00bb et nous nous engageons \u00e0 \u00ab\u00a0soutenir les actions positives et justes les plus difficiles au lieu des torts faciles de l&rsquo;indiff\u00e9rence\u00a0\u00bb, comme le pr\u00e9tendent les <u>\u00e9v\u00eaques am\u00e9ricains<\/u>. \u00ab\u00a0Nous ne pouvons pas fermer les yeux sur ces atrocit\u00e9s tout en professant le respect de chaque vie humaine. Nous servons un Dieu d&rsquo;amour, de mis\u00e9ricorde et de justice\u00a0\u00bb.  <img alt=\"\" alt=\"\" loading=\"lazy\" decoding=\"async\" class=\"wp-image-224750 alignright\" src=\"https:\/\/www.focolare.org\/wp-content\/uploads\/2020\/06\/WhatsApp-Image-2020-06-07-at-10.57.04-1-510x340.jpeg\" alt=\"\" width=\"425\" height=\"283\" \/>  Dans un moment comme celui-ci, \u00ab\u00a0le r\u00eave de notre fondatrice, Chiara Lubich, de voir des pas r\u00e9alis\u00e9s dans la r\u00e9alisation de la pri\u00e8re de J\u00e9sus au P\u00e8re, \u00ab\u00a0que tous soient un\u00a0\u00bb (Jn 17, 21) semble lointain, presque hors de port\u00e9e<a href=\"#_ftn1\" name=\"_ftnref1\">[1]<\/a>\u00a0\u00bb. <strong>Nous nous demandons ce que nous pouvons faire \u00e0 la fois personnellement et au niveau communautaire<\/strong>. Quel changement devons-nous op\u00e9rer en chacun de nous ? Comment pouvons-nous faire entendre notre voix dans le d\u00e9bat public pour soutenir ceux qui souffrent du racisme et au-del\u00e0 ?  \u00ab\u00a0Notre objectif est de promouvoir un profond esprit d&rsquo;ouverture et une participation dynamique dans nos communaut\u00e9s culturellement diverses et interg\u00e9n\u00e9rationnelles. Nous nous inspirons des paroles de Chiara Lubich : \u00ab\u00a0Soyez une famille\u00a0\u00bb <a href=\"#_ftn2\" name=\"_ftnref2\">[2]<\/a>\u00a0\u00bb.  Nous croyons et nous continuons l\u2019engagement \u00e0 donner vie \u00e0 des <strong>communaut\u00e9s locales authentiquement fond\u00e9es sur la loi \u00e9vang\u00e9lique de la fraternit\u00e9<\/strong> ; un principe et une action qui nous unissent aussi aux fr\u00e8res et aux s\u0153urs de toutes les religions et \u00e0 ceux qui ne se reconnaissent pas dans un credo pr\u00e9cis. Nous voulons consacrer nos efforts en particulier aux plus jeunes qui peuvent ressentir une peur et une appr\u00e9hension particuli\u00e8res pour leur avenir.  Face \u00e0 des clivages aussi profonds et enracin\u00e9s, les projets et les initiatives que nous menons peuvent sembler petits ou inefficaces et il reste encore beaucoup \u00e0 faire. Des projets tels que <a href=\"https:\/\/www.edc-online.org\/fr\/\"><u>l&rsquo;\u00c9conomie de communion ,<\/u><\/a> le <u><a href=\"http:\/\/www.mppu.org\/fr\/\">Mouvement politique pour l\u2019unit\u00e9 (Mppu<\/a><\/u><a href=\"http:\/\/www.mppu.org\/fr\/\" target=\"_blank\" rel=\"noopener noreferrer\">)<\/a> et le <a href=\"http:\/\/www.unitedworldproject.org\/fr\/le-projet\/nature-et-valeurs\/\" target=\"_blank\" rel=\"noopener noreferrer\"><u>Projet Monde Uni<\/u><\/a>, la strat\u00e9gie globale propos\u00e9e par les jeunes du Mouvement des Focolari pour faire face aux d\u00e9fis mondiaux sur le terrain, peuvent sembler des gouttes d&rsquo;eau dans la mer, mais <strong>nous sommes convaincus qu&rsquo;ils contiennent des id\u00e9es puissantes capables d&rsquo;aider \u00e0 r\u00e9pondre aux besoins les plus profonds de notre temps,<\/strong> \u00e9tant \u00e9paul\u00e9s par de nombreuses personnes, organisations et communaut\u00e9s qui constituent ce r\u00e9seau invisible capable de sauver l&rsquo;humanit\u00e9. <\/p>\n<p style=\"text-align: right;\"><em>Stefania Tanesini<\/em><\/p>\n<p> <a href=\"#_ftnref1\" name=\"_ftn1\">[1]<\/a> Statement of U.S. Focolare Movement: our commitment to racial justice &#8211; <a href=\"https:\/\/www.focolare.org\/usa\/files\/2020\/06\/Focolare-Statement-on-Racial-Justice.pdf\">https:\/\/www.focolare.org\/usa\/files\/2020\/06\/Focolare-Statement-on-Racial-Justice.pdf<\/a>  <a href=\"#_ftnref2\" name=\"_ftn2\">[2]<\/a> Ibid.<\/p>\n","protected":false},"excerpt":{"rendered":"<p>Apr\u00e8s les \u00e9v\u00e9nements de Minneapolis et les manifestations dans le monde, nous nous sentons impuissants et indign\u00e9s mais nous continuons \u00e0 croire et \u00e0 travailler dans un esprit d&rsquo;ouverture et de participation pour r\u00e9pondre aux attentes les plus profondes de notre \u00e9poque.<\/p>\n","protected":false},"author":33,"featured_media":0,"comment_status":"open","ping_status":"open","sticky":false,"template":"","format":"standard","meta":{"give_campaign_id":0,"_seopress_robots_primary_cat":"","_seopress_titles_title":"","_seopress_titles_desc":"","_seopress_robots_index":"","_et_pb_use_builder":"","_et_pb_old_content":"","_et_gb_content_width":"","footnotes":""},"categories":[47],"tags":[],"class_list":["post-314228","post","type-post","status-publish","format-standard","hentry","category-non-classifiee"],"_links":{"self":[{"href":"https:\/\/www.focolare.org\/fr\/wp-json\/wp\/v2\/posts\/314228","targetHints":{"allow":["GET"]}}],"collection":[{"href":"https:\/\/www.focolare.org\/fr\/wp-json\/wp\/v2\/posts"}],"about":[{"href":"https:\/\/www.focolare.org\/fr\/wp-json\/wp\/v2\/types\/post"}],"author":[{"embeddable":true,"href":"https:\/\/www.focolare.org\/fr\/wp-json\/wp\/v2\/users\/33"}],"replies":[{"embeddable":true,"href":"https:\/\/www.focolare.org\/fr\/wp-json\/wp\/v2\/comments?post=314228"}],"version-history":[{"count":0,"href":"https:\/\/www.focolare.org\/fr\/wp-json\/wp\/v2\/posts\/314228\/revisions"}],"wp:attachment":[{"href":"https:\/\/www.focolare.org\/fr\/wp-json\/wp\/v2\/media?parent=314228"}],"wp:term":[{"taxonomy":"category","embeddable":true,"href":"https:\/\/www.focolare.org\/fr\/wp-json\/wp\/v2\/categories?post=314228"},{"taxonomy":"post_tag","embeddable":true,"href":"https:\/\/www.focolare.org\/fr\/wp-json\/wp\/v2\/tags?post=314228"}],"curies":[{"name":"wp","href":"https:\/\/api.w.org\/{rel}","templated":true}]}}