{"id":314258,"date":"2020-06-26T11:00:15","date_gmt":"2020-06-26T09:00:15","guid":{"rendered":"https:\/\/www.focolare.org\/report-de-lassemblee-generale-ordinaire-de-loeuvre-de-marie\/"},"modified":"2024-05-15T21:00:20","modified_gmt":"2024-05-15T19:00:20","slug":"report-de-lassemblee-generale-ordinaire-de-loeuvre-de-marie","status":"publish","type":"post","link":"https:\/\/www.focolare.org\/fr\/report-de-lassemblee-generale-ordinaire-de-loeuvre-de-marie\/","title":{"rendered":"Report de l&rsquo;Assembl\u00e9e G\u00e9n\u00e9rale ordinaire de l&rsquo;\u0152uvre de Marie"},"content":{"rendered":"<p><em>Elle aura lieu du 24 janvier au 7 f\u00e9vrier 2021.<\/em>  En raison de l&rsquo;urgence sanitaire provoqu\u00e9e par le Covid-19, avec l&rsquo;approbation du Dicast\u00e8re pour les La\u00efcs, la Famille et la Vie, l&rsquo;Assembl\u00e9e G\u00e9n\u00e9rale de l&rsquo;\u0152uvre de Marie (Mouvement des Focolari) &#8211; qui \u00e9tait pr\u00e9vue pour le mois de septembre 2020 &#8211; a \u00e9t\u00e9 report\u00e9e du 24 janvier au 7 f\u00e9vrier 2021.  Il convient de rappeler que l&rsquo;Assembl\u00e9e g\u00e9n\u00e9rale est convoqu\u00e9e ordinairement tous les six ans ou de mani\u00e8re extraordinaire lorsque des raisons n\u00e9cessitent ses d\u00e9lib\u00e9rations (Statuts G\u00e9n\u00e9raux, art. 73, 75).  <strong><em>Ce qui se passe \u00e0 l&rsquo;Assembl\u00e9e g\u00e9n\u00e9rale\u00a0:<\/em><\/strong>  <strong>Quatre t\u00e2ches principales<\/strong> (SG, art. 74) sont confi\u00e9es \u00e0 l&rsquo;Assembl\u00e9e G\u00e9n\u00e9rale\u00a0: <\/p>\n<ul>\n<li>Elire la Pr\u00e9sidente, le Copr\u00e9sident, les Conseillers et les Conseillers g\u00e9n\u00e9raux ;<\/li>\n<li>D\u00e9lib\u00e9rer sur les modifications des Statuts g\u00e9n\u00e9raux de l&rsquo;\u0152uvre de Marie qui sont ensuite soumises \u00e0 l&rsquo;approbation du Dicast\u00e8re pour les La\u00efcs, la Famille et la Vie ;<\/li>\n<li>D\u00e9lib\u00e9rer sur la modification des R\u00e8glements des subdivisions et du R\u00e8glement de l&rsquo;Assembl\u00e9e G\u00e9n\u00e9rale;<\/li>\n<li>D\u00e9lib\u00e9rer sur des th\u00e8mes recueillis et ordonn\u00e9s par le Centre de l&rsquo;\u0152uvre de Marie, qui lui sont pr\u00e9sent\u00e9s \u00e0 l&rsquo;initiative du Pr\u00e9sident, du Conseil g\u00e9n\u00e9ral, d&rsquo;une section, d&rsquo;une branche ou d&rsquo;un mouvement. Chaque participant \u00e0 l&rsquo;Assembl\u00e9e peut proposer que d&rsquo;autres th\u00e8mes relatifs \u00e0 la vie de l&rsquo;\u0152uvre soient examin\u00e9s.<\/li>\n<\/ul>\n<p> <strong><em>Le pr\u00e9ambule de Chiara<\/em><\/strong>  Chiara Lubich a voulu \u00e9crire un <strong>pr\u00e9ambule<\/strong> aux Statuts G\u00e9n\u00e9raux, pour donner un sens aux contenus des Statuts, et donc aussi \u00e0 l&rsquo;Assembl\u00e9e G\u00e9n\u00e9rale : \u00ab\u00a0Le pr\u00e9ambule de toute autre r\u00e8gle &#8211; l<strong>a charit\u00e9 mutuelle et constante,<\/strong> qui rend possible l\u2019unit\u00e9 et apporte la pr\u00e9sence de J\u00e9sus dans la collectivit\u00e9, fonde dans tous ses aspects la vie des personnes qui font partie de l\u2019\u0152uvre de Marie. Norme des normes, elle est le pr\u00e9ambule de toute r\u00e8gle. \u00bb (SG, p.7). <\/p>\n<p style=\"text-align: right;\"><em>Bureau de Communication des Focolari<\/em><\/p>\n<p> <em>\u00a0<\/em><\/p>\n","protected":false},"excerpt":{"rendered":"<p>Elle aura lieu du 24 janvier au 7 f\u00e9vrier 2021.<\/p>\n","protected":false},"author":33,"featured_media":0,"comment_status":"open","ping_status":"open","sticky":false,"template":"","format":"standard","meta":{"give_campaign_id":0,"_seopress_robots_primary_cat":"","_seopress_titles_title":"","_seopress_titles_desc":"","_seopress_robots_index":"","_et_pb_use_builder":"","_et_pb_old_content":"","_et_gb_content_width":"","footnotes":""},"categories":[47],"tags":[],"class_list":["post-314258","post","type-post","status-publish","format-standard","hentry","category-non-classifiee"],"_links":{"self":[{"href":"https:\/\/www.focolare.org\/fr\/wp-json\/wp\/v2\/posts\/314258","targetHints":{"allow":["GET"]}}],"collection":[{"href":"https:\/\/www.focolare.org\/fr\/wp-json\/wp\/v2\/posts"}],"about":[{"href":"https:\/\/www.focolare.org\/fr\/wp-json\/wp\/v2\/types\/post"}],"author":[{"embeddable":true,"href":"https:\/\/www.focolare.org\/fr\/wp-json\/wp\/v2\/users\/33"}],"replies":[{"embeddable":true,"href":"https:\/\/www.focolare.org\/fr\/wp-json\/wp\/v2\/comments?post=314258"}],"version-history":[{"count":0,"href":"https:\/\/www.focolare.org\/fr\/wp-json\/wp\/v2\/posts\/314258\/revisions"}],"wp:attachment":[{"href":"https:\/\/www.focolare.org\/fr\/wp-json\/wp\/v2\/media?parent=314258"}],"wp:term":[{"taxonomy":"category","embeddable":true,"href":"https:\/\/www.focolare.org\/fr\/wp-json\/wp\/v2\/categories?post=314258"},{"taxonomy":"post_tag","embeddable":true,"href":"https:\/\/www.focolare.org\/fr\/wp-json\/wp\/v2\/tags?post=314258"}],"curies":[{"name":"wp","href":"https:\/\/api.w.org\/{rel}","templated":true}]}}