{"id":314322,"date":"2020-08-07T01:00:01","date_gmt":"2020-08-06T23:00:01","guid":{"rendered":"https:\/\/www.focolare.org\/evangile-vecu-1-ancrage\/"},"modified":"2024-05-15T21:00:35","modified_gmt":"2024-05-15T19:00:35","slug":"evangile-vecu-1-ancrage","status":"publish","type":"post","link":"https:\/\/www.focolare.org\/fr\/evangile-vecu-1-ancrage\/","title":{"rendered":"\u00c9vangile v\u00e9cu\/1 &#8211; Ancrage"},"content":{"rendered":"<p><em>Tout peut arriver dans la vie : des situations heureuses ou difficiles, des deuils, des victoires ou des d\u00e9faites. Mais nous pouvons faire face \u00e0 toutes les circonstances sous la banni\u00e8re d&rsquo;un seul d\u00e9nominateur commun : la relation avec Dieu. Les circonstances seront toujours diff\u00e9rentes, mais Lui sera toujours pr\u00e9sent, toujours avec nous. <\/em>  <strong>Quarantaine<\/strong> \u00ab\u00a0Demain\u00a0\u00bb, disait le m\u00e9decin, \u00ab\u00a0nous vous mettrons en quarantaine\u00a0\u00bb. J&rsquo;avais l&rsquo;impression d\u2019\u00eatre une pestif\u00e9r\u00e9e\u00a0! Je savais que quelqu&rsquo;un \u00e9tait mort de ce mal. Mourir ! Je n&rsquo;avais pas eu peur de la douleur de la derni\u00e8re bataille pour la vie, mais je sentais dans mon c\u0153ur le d\u00e9tachement des miens, aiguis\u00e9 comme une \u00e9p\u00e9e. Je ne leur avais pas dit au revoir. Et maintenant&#8230; je ne les reverrai peut-\u00eatre jamais. J&rsquo;ai pleur\u00e9. Et pourtant, mourir signifiait rencontrer le J\u00e9sus que j&rsquo;aimais. Mais il m&rsquo;a sembl\u00e9 que l&rsquo;amour donn\u00e9 et re\u00e7u ici sur terre par tant de personnes m&rsquo;attachait ici et l\u2019envol vers le ciel me semblait laborieux. Je connaissais ces derniers, ainsi que celui que je ne connaissais pas encore bien. Pourtant, j&rsquo;avais toujours essay\u00e9 d&rsquo;aimer J\u00e9sus dans chaque prochain : parents, amis, connaissances, inconnus ! \u00ab\u00a0C&rsquo;\u00e9tait toi, J\u00e9sus, que j&rsquo;ai aim\u00e9 et trouv\u00e9 en chacun, le m\u00eame que &#8211; si je meurs maintenant &#8211; je rencontrerai\u00a0\u00bb. Cette derni\u00e8re pens\u00e9e m&rsquo;a lentement donn\u00e9 la paix. Je suis rest\u00e9e longtemps isol\u00e9e avec les hauts et les bas de la maladie, mais envelopp\u00e9e par une pr\u00e9sence myst\u00e9rieuse avec la possibilit\u00e9 de parler \u00e0 Celui qui m&rsquo;\u00e9coutait et que je pouvais \u00e9couter. <em>M. &#8211; Italie<\/em>  <strong>Grossi\u00e8ret\u00e9 \u00e0 l&rsquo;\u00e9cole <\/strong> Je ne sais pas si j&rsquo;ai vieilli ou si la g\u00e9n\u00e9ration a d\u00e9finitivement chang\u00e9. J&rsquo;en ai parl\u00e9 avec mes coll\u00e8gues enseignants et nous sommes tous arriv\u00e9s \u00e0 la conclusion que, malheureusement, l&rsquo;\u00e9ducation de base fait d\u00e9faut. Il ne s&rsquo;agit pas seulement d&rsquo;un manque de respect envers les enseignants, o\u00f9 l&rsquo;on constate une attitude de jugement effront\u00e9 envers les enseignants de la part des parents \u00e9galement, mais un manque total d&rsquo;attention envers les autres.  Dans une des classes les plus difficiles, apr\u00e8s un malheureux succ\u00e8s, j&rsquo;ai fait remarquer que dans chaque culture et tradition il y a une r\u00e8gle de base de la coexistence : \u00ab\u00a0Faites aux autres ce que vous voudriez qu&rsquo;on vous fasse\u00a0\u00bb. Et j&rsquo;ai demand\u00e9 aux \u00e9l\u00e8ves si une telle r\u00e8gle leur semblait acceptable. Apr\u00e8s un grand silence, un \u00e9l\u00e8ve a commenc\u00e9 \u00e0 parler, puis une autre&#8230; et \u00e0 la fin un vrai dialogue s&rsquo;est instaur\u00e9. Depuis ce jour, quelque chose a chang\u00e9 : presque invisiblement, mais quelque chose a chang\u00e9. Une fois de plus, il fallait que je croie \u00e0 nouveau. Les jeunes ont besoin de points d\u2019ancrages r\u00e9els et solides. <em>C. &#8211; Espagne<\/em>  <strong>J&rsquo;\u00e9tais tent\u00e9 d&rsquo;\u00e9migrer&#8230; <\/strong> Sp\u00e9cialiste des maladies infectieuses, en raison de la carence des structures sanitaires, du manque d&rsquo;hygi\u00e8ne et des salaires insignifiants, j&rsquo;\u00e9tais tent\u00e9 d&rsquo;\u00e9migrer comme de nombreux coll\u00e8gues. Cependant, apr\u00e8s avoir r\u00e9fl\u00e9chi avec ma femme, j&rsquo;ai d\u00e9cid\u00e9 de continuer \u00e0 servir mes fr\u00e8res dans notre pays. Avec le soutien d&rsquo;amis chr\u00e9tiens \u00e0 l&rsquo;\u00e9tranger, il a \u00e9t\u00e9 possible de construire une structure sanitaire compl\u00e8te avec un laboratoire d&rsquo;analyse et de garantir des m\u00e9dicaments sp\u00e9cifiques m\u00eame pour les plus pauvres. Outre le d\u00e9veloppement d&rsquo;activit\u00e9s productives visant \u00e0 am\u00e9liorer l&rsquo;alimentation de base, on a \u00e9galement essay\u00e9 d&rsquo;assurer un soutien psychosocial aux malades et \u00e0 leurs familles. <em>M.- R\u00e9publique D\u00e9mocratique du Congo<\/em> <\/p>\n<p style=\"text-align: right;\"><em>Stefania Tanesini<\/em><\/p>\n","protected":false},"excerpt":{"rendered":"<p>Tout peut arriver dans la vie : des situations heureuses ou difficiles, des deuils, des victoires ou des d\u00e9faites. Mais nous pouvons faire face \u00e0 toutes les circonstances sous la banni\u00e8re d&rsquo;un seul d\u00e9nominateur commun : la relation avec Dieu. Les circonstances seront toujours diff\u00e9rentes, mais Lui sera toujours pr\u00e9sent, toujours avec nous.<\/p>\n","protected":false},"author":33,"featured_media":0,"comment_status":"open","ping_status":"open","sticky":false,"template":"","format":"standard","meta":{"give_campaign_id":0,"_seopress_robots_primary_cat":"","_seopress_titles_title":"","_seopress_titles_desc":"","_seopress_robots_index":"","_et_pb_use_builder":"","_et_pb_old_content":"","_et_gb_content_width":"","footnotes":""},"categories":[47],"tags":[],"class_list":["post-314322","post","type-post","status-publish","format-standard","hentry","category-non-classifiee"],"_links":{"self":[{"href":"https:\/\/www.focolare.org\/fr\/wp-json\/wp\/v2\/posts\/314322","targetHints":{"allow":["GET"]}}],"collection":[{"href":"https:\/\/www.focolare.org\/fr\/wp-json\/wp\/v2\/posts"}],"about":[{"href":"https:\/\/www.focolare.org\/fr\/wp-json\/wp\/v2\/types\/post"}],"author":[{"embeddable":true,"href":"https:\/\/www.focolare.org\/fr\/wp-json\/wp\/v2\/users\/33"}],"replies":[{"embeddable":true,"href":"https:\/\/www.focolare.org\/fr\/wp-json\/wp\/v2\/comments?post=314322"}],"version-history":[{"count":0,"href":"https:\/\/www.focolare.org\/fr\/wp-json\/wp\/v2\/posts\/314322\/revisions"}],"wp:attachment":[{"href":"https:\/\/www.focolare.org\/fr\/wp-json\/wp\/v2\/media?parent=314322"}],"wp:term":[{"taxonomy":"category","embeddable":true,"href":"https:\/\/www.focolare.org\/fr\/wp-json\/wp\/v2\/categories?post=314322"},{"taxonomy":"post_tag","embeddable":true,"href":"https:\/\/www.focolare.org\/fr\/wp-json\/wp\/v2\/tags?post=314322"}],"curies":[{"name":"wp","href":"https:\/\/api.w.org\/{rel}","templated":true}]}}