{"id":314396,"date":"2020-09-30T01:00:53","date_gmt":"2020-09-29T23:00:53","guid":{"rendered":"https:\/\/www.focolare.org\/myriam-martyre-de-la-paix\/"},"modified":"2024-05-15T21:00:47","modified_gmt":"2024-05-15T19:00:47","slug":"myriam-martyre-de-la-paix","status":"publish","type":"post","link":"https:\/\/www.focolare.org\/fr\/myriam-martyre-de-la-paix\/","title":{"rendered":"Myriam, martyre de la paix"},"content":{"rendered":"<p><em>Son sourire, sa joie de vivre, son engagement pour la justice et la paix. Ce sont les mots qui reviennent pour \u00e9voquer Myriam Dessaivre, 26 ans, qui a perdu la vie le dimanche 9 ao\u00fbt au Niger.<\/em>  Avec elle, cinq autres jeunes Fran\u00e7ais ont \u00e9t\u00e9 tu\u00e9s ainsi que le chauffeur et le guide nig\u00e9riens qui les accompagnaient ce jour-l\u00e0 pour visiter la r\u00e9serve de girafes \u00e0 Kour\u00e9, situ\u00e9 \u00e0 60 km au sud-est de la capitale Niamey. Les jeunes Fran\u00e7ais \u00e9taient en mission humanitaire avec l\u2019<a href=\"https:\/\/www.acted.org\/fr\/\">ONG Acted<\/a>\u00a0dans un pays qui subit des crises multiples, class\u00e9 dernier en termes de d\u00e9veloppement humain. Dipl\u00f4m\u00e9e d\u2019une licence de communication et d\u2019information \u00e0 l\u2019Institut catholique de Toulouse et d\u2019un master en \u00e9tudes de paix \u00e0 Paris-Dauphine, Myriam, martyre de la paix, se sp\u00e9cialise dans la r\u00e9solution des conflits politiques. Son th\u00e8me de m\u00e9moire de licence porte sur \u00ab L\u2019\u00c9tat colombien et les Farc : vers une possible r\u00e9conciliation ? \u00bb. Sa formation se d\u00e9veloppe aussi sur le terrain puisqu\u2019elle travaille en Colombie, en Tunisie et au Tchad. Le 18 juin 2016, elle explique son choix d\u2019\u00e9tudes lors du conseil national de l\u2019association Mouvement de la paix. Elle a alors 21 ans. On est frapp\u00e9s par la force de ses mots et la r\u00e9sonance qu\u2019ils prennent aujourd\u2019hui. Nous citons la fin de son discours. \u00ab Personnellement, j\u2019ai l\u2019impression qu\u2019une partie grandissante de notre g\u00e9n\u00e9ration veut promouvoir la paix. Puis je pense que les r\u00e9seaux sociaux aident aussi \u00e0 cette tendance : non seulement en raison de la profusion de bad news, mais on remarque quand m\u00eame un essor d\u2019une sorte de \u201csolidarit\u00e9 mondiale\u201d. L\u2019indignation face aux horreurs actuelles (attentats terroristes, guerres au Moyen-Orient, famine) se transmet instantan\u00e9ment sur les r\u00e9seaux sociaux, et on se retrouve directement touch\u00e9s par ces nouvelles, allant m\u00eame jusqu\u2019\u00e0 se dire \u201cQuand est-ce que moi, je vais y passer ?\u201d C\u2019est pour \u00e7a que \u00e7a ne m\u2019\u00e9tonne pas que l\u2019on soit de plus en plus nombreux \u00e0 vouloir se diriger vers des m\u00e9tiers de paix, peut-\u00eatre simplement pour se donner les moyens de vivre dans un monde meilleur. \u00bb  Ce monde meilleur, elle avait appris \u00e0 le construire en partie gr\u00e2ce \u00e0 la spiritualit\u00e9 des Focolari et \u00e0 son engagement avec les jeunes du Mouvement. Son p\u00e8re, Jean-Marie, d\u00e9c\u00e9d\u00e9 en 2014, \u00e9tait\u00a0<a href=\"https:\/\/www.focolare.org\/fr\/news\/2017\/08\/09\/qui-sont-les-volontaires-de-dieu\/\">volontaire<\/a>. \u00ab C\u2019\u00e9tait ma meilleure amie \u00bb, t\u00e9moigne Sophie, boulevers\u00e9e. \u00ab Je l\u2019ai rencontr\u00e9 \u00e0 13 ans lors d\u2019une\u00a0<a href=\"https:\/\/www.focolari.fr\/les-mariapolis\/\">Mariapolis<\/a>\u00a0\u00e0 Lourdes. On pouvait rigoler de tout et de rien avec elle \u00bb, confie-t-elle. \u00ab Elle avait de grandes convictions et d\u00e9fendait les valeurs de paix et de justice sociale. Ce n\u2019\u00e9tait pas facile comme travail mais elle \u00e9tait passionn\u00e9e, \u00e0 sa place, \u00e9panouie \u00bb, t\u00e9moigne son amie. \u00ab \u00c7a me fait chaud au c\u0153ur de savoir qu\u2019aussi injuste, terrible et violente ait \u00e9t\u00e9 sa mort, elle n\u2019a pas \u00e9t\u00e9 vide de sens. Elle a donn\u00e9 sa vie pour ce qu\u2019elle croyait juste.\u00bb  Un autre ami, Carl, voyait en Myriam \u00ab une personne rayonnante, humble et belle qui donnait sa vie au service de la vie, de la paix, des autres \u00bb. Pour lui, voil\u00e0 ce que signifie sa mort : \u00ab Je me rends compte que toute sa vie, elle a construit un message qui nous est livr\u00e9 gr\u00e2ce \u00e0 son d\u00e9part pour le paradis. Elle est martyre du mal que d\u2019une mani\u00e8re ou d\u2019une autre chacun de nous alimente par de mauvaises actions et\/ou de l\u2019inaction au quotidien. \u00bb  \u00ab Myriam a concr\u00e9tis\u00e9 son r\u00eave, sa passion en alliant ses comp\u00e9tences et son engagement sur le terrain \u00bb, partage Anne-Marie, une focolarine qui l\u2019a connue. \u00ab Il est apparu \u00e9vident aux 120 repr\u00e9sentants des\u00a0<a href=\"https:\/\/www.focolare.org\/fr\/movimento-dei-focolari\/scelte-e-impegno\/gen\/\">Gen<\/a>\u00a0du monde entier, rassembl\u00e9s pour un congr\u00e8s en ligne du 7 au 14 ao\u00fbt, que Myriam sera le pr\u00e9cieux ange gardien du\u00a0<a href=\"https:\/\/www.focolare.org\/fr\/news\/2020\/06\/16\/daretocare-oser-et-en-prendre-soin\/\">projet #Daretocare<\/a>\u00a0<a href=\"https:\/\/www.nouvellecite.fr\/oser-prendre-soin-edito-de-la-revue-nouvelle-cite-de-sept-oct-2020\/\">(oser prendre soin)<\/a>\u00a0visant \u00e0 promouvoir toutes les initiatives sur la citoyennet\u00e9 active dans les domaines de la justice sociale, la politique et l\u2019\u00e9conomie. \u00bb Pour Anne-Marie, \u00ab c\u2019est comme si elle nous disait maintenant : \u201cAllez de l\u2019avant ! Ne vous encombrez pas de choses inutiles !\u201d \u00bb. <\/p>\n<p style=\"text-align: right;\"><em>Emilie T\u00e9van\u00e9, <\/em><em>per Nouvelle Cit\u00e9 <\/em><\/p>\n","protected":false},"excerpt":{"rendered":"<p>Son sourire, sa joie de vivre, son engagement pour la justice et la paix. Ce sont les mots qui reviennent pour \u00e9voquer Myriam Dessaivre, 26 ans, qui a perdu la vie le dimanche 9 ao\u00fbt au Niger.<\/p>\n","protected":false},"author":33,"featured_media":0,"comment_status":"open","ping_status":"open","sticky":false,"template":"","format":"standard","meta":{"give_campaign_id":0,"_seopress_robots_primary_cat":"","_seopress_titles_title":"","_seopress_titles_desc":"","_seopress_robots_index":"","_et_pb_use_builder":"","_et_pb_old_content":"","_et_gb_content_width":"","footnotes":""},"categories":[47],"tags":[],"class_list":["post-314396","post","type-post","status-publish","format-standard","hentry","category-non-classifiee"],"_links":{"self":[{"href":"https:\/\/www.focolare.org\/fr\/wp-json\/wp\/v2\/posts\/314396","targetHints":{"allow":["GET"]}}],"collection":[{"href":"https:\/\/www.focolare.org\/fr\/wp-json\/wp\/v2\/posts"}],"about":[{"href":"https:\/\/www.focolare.org\/fr\/wp-json\/wp\/v2\/types\/post"}],"author":[{"embeddable":true,"href":"https:\/\/www.focolare.org\/fr\/wp-json\/wp\/v2\/users\/33"}],"replies":[{"embeddable":true,"href":"https:\/\/www.focolare.org\/fr\/wp-json\/wp\/v2\/comments?post=314396"}],"version-history":[{"count":0,"href":"https:\/\/www.focolare.org\/fr\/wp-json\/wp\/v2\/posts\/314396\/revisions"}],"wp:attachment":[{"href":"https:\/\/www.focolare.org\/fr\/wp-json\/wp\/v2\/media?parent=314396"}],"wp:term":[{"taxonomy":"category","embeddable":true,"href":"https:\/\/www.focolare.org\/fr\/wp-json\/wp\/v2\/categories?post=314396"},{"taxonomy":"post_tag","embeddable":true,"href":"https:\/\/www.focolare.org\/fr\/wp-json\/wp\/v2\/tags?post=314396"}],"curies":[{"name":"wp","href":"https:\/\/api.w.org\/{rel}","templated":true}]}}