{"id":314428,"date":"2020-10-20T11:19:58","date_gmt":"2020-10-20T09:19:58","guid":{"rendered":"https:\/\/www.focolare.org\/bartholomee-ier-patriarche-oecumenique-de-constantinople-visite-le-centre-international-des-focolari\/"},"modified":"2024-05-15T21:00:53","modified_gmt":"2024-05-15T19:00:53","slug":"bartholomee-ier-patriarche-oecumenique-de-constantinople-visite-le-centre-international-des-focolari","status":"publish","type":"post","link":"https:\/\/www.focolare.org\/fr\/bartholomee-ier-patriarche-oecumenique-de-constantinople-visite-le-centre-international-des-focolari\/","title":{"rendered":"Bartholom\u00e9e Ier, Patriarche \u0152cum\u00e9nique de Constantinople, visite le Centre international des Focolari"},"content":{"rendered":"<p><em>Ce matin, Sa Saintet\u00e9 Bartholom\u00e9e Ier, Patriarche \u0152cum\u00e9nique de Constantinople, a visit\u00e9 le Centre international des Focolari \u00e0 Rocca di Papa.\u00a0 La Pr\u00e9sidente Maria Voce l\u2019a accueilli et ils ont visit\u00e9 la maison o\u00f9 vivait Chiara Lubich. Il s\u2019est recueilli en pri\u00e8re sur sa tombe. \u00c0 l\u2019\u00e9change de saluts et de cadeaux se trouvait \u00e9galement le Copr\u00e9sident Jes\u00fas Mor\u00e1n et une petite d\u00e9l\u00e9gation du Mouvement. Le Patriarche est \u00e0 Rome pour la Rencontre internationale de <\/em><em><u>Pri\u00e8re pour la paix<\/u><\/em><em> promue aujourd&rsquo;hui au Campidoglio par la Communaut\u00e9 Sant Egidio. Il recevra demain le doctorat honoris causa en philosophie \u00e0 l&rsquo;Universit\u00e9 Antonianum. Le Patriarche aura \u00e9galement une rencontre avec le Pape Fran\u00e7ois.<\/em>  <div id=\"attachment_237441\" style=\"width: 451px\" class=\"wp-caption alignleft\"><img alt=\"\" alt=\"\" loading=\"lazy\" decoding=\"async\" aria-describedby=\"caption-attachment-237441\" class=\"wp-image-237441\" src=\"https:\/\/www.focolare.org\/wp-content\/uploads\/2020\/10\/1-1-510x340.png\" alt=\"\" width=\"441\" height=\"294\" \/><p id=\"caption-attachment-237441\" class=\"wp-caption-text\">\u00a9J. Garc\u00eda &#8211; CSC Audiovisivi<\/p><\/div>  <em>\u00ab\u00a0Chiara a pris l\u2019engagement pour la fraternit\u00e9, l&rsquo;unit\u00e9 et la paix dans tous les domaines de la vie humaine, d\u00e9livrant un message, \u00e0 travers sa vie et ses \u00e9crits, que nous ne pouvons pas ignorer\u00a0\u00bb<\/em>. C&rsquo;est par ces paroles que le Patriarche Bartholom\u00e9e ce matin s\u2019est rappel\u00e9 de Chiara Lubich, fondatrice des Focolari, en visitant leur Centre international \u00e0 Rocca di Papa.  La d\u00e9l\u00e9gation comprenait \u00e9galement Son Eminence Emmanuel, le M\u00e9tropolite de France, Son Excellence Cassianos, Higoum\u00e8ne du Monast\u00e8re de Chalki (Gr\u00e8ce), le R\u00e9v\u00e9rend Iakovos, Diacre Patriarcal. L&rsquo;archev\u00eaque Andrea Palmieri, Sous-secr\u00e9taire du Conseil pontifical pour l&rsquo;Unit\u00e9 des Chr\u00e9tiens (CPPUC), les accompagnait.  <em>\u00ab\u00a0Le Mouvement et toutes les \u0153uvres qui existent aujourd&rsquo;hui gr\u00e2ce \u00e0 son charisme &#8211; <\/em>a-t-il dit<em> &#8211; sont le t\u00e9moignage d&rsquo;une vie v\u00e9cue pour le Seigneur, pass\u00e9e aussi par la Croix, mais toujours orient\u00e9e vers la R\u00e9surrection\u00a0\u00bb.<\/em>  La visite du Patriarche s&rsquo;inscrit dans le cadre du <a href=\"https:\/\/centrochiaralubich.org\/fr\/centenaire\/\" target=\"_blank\" rel=\"noopener noreferrer\"><u>Centenaire de la naissance de Chiara Lubich<\/u><\/a> : \u00ab\u00a0<em>Combien d&rsquo;autres choses aurait fait Chiara si elle \u00e9tait encore parmi nous\u00a0\u00bb ! &#8211;<\/em> a dit S.S. Bartholom\u00e9e Ier, en se rappelant d\u2019elle: <em>\u00ab\u00a0Mais ce ne sont pas les ann\u00e9es qui donnent sens \u00e0 la vie, ce n&rsquo;est pas la quantit\u00e9, la longueur, mais la fa\u00e7on dont nous d\u00e9veloppons les talents qu&rsquo;Il nous a offert, c&rsquo;est la qualit\u00e9 de la vie, d\u00e9pens\u00e9e pour t\u00e9moigner de Celui qui est la Vie\u00a0\u00bb.<\/em>  <div id=\"attachment_237442\" style=\"width: 457px\" class=\"wp-caption alignright\"><img alt=\"\" alt=\"\" loading=\"lazy\" decoding=\"async\" aria-describedby=\"caption-attachment-237442\" class=\"wp-image-237442\" src=\"https:\/\/www.focolare.org\/wp-content\/uploads\/2020\/10\/2-7-510x340.png\" alt=\"\" width=\"447\" height=\"298\" \/><p id=\"caption-attachment-237442\" class=\"wp-caption-text\">\u00a9J. Garc\u00eda &#8211; CSC Audiovisivi<\/p><\/div>  Le Patriarche est arriv\u00e9 en fin de matin\u00e9e \u00e0 Rocca di Papa, accueilli par la Pr\u00e9sidente du Mouvement, Maria Voce, et le Copr\u00e9sident, Jes\u00fas Mor\u00e1n. Il a visit\u00e9 avec eux la maison o\u00f9 vivait Chiara Lubich et la chapelle du Centre international o\u00f9 se trouve la tombe de la fondatrice des Focolari. Il a \u00e9crit une longue d\u00e9dicace en grec dans le livre des visiteurs. <em>\u00c0<\/em> l&rsquo;Auditorium, conform\u00e9ment aux r\u00e8gles d\u2019hygi\u00e8ne et de s\u00e9curit\u00e9, une br\u00e8ve rencontre a eu lieu entre le Patriarche et des membres du Conseil g\u00e9n\u00e9ral des Focolari, des membres du Mouvement appartenant \u00e0 l&rsquo;\u00c9glise orthodoxe et une petite d\u00e9l\u00e9gation de jeunes.  Le Patriarche a adress\u00e9 des paroles d&rsquo;affection et d&rsquo;estime \u00e0 Maria Voce, qu&rsquo;il a appel\u00e9e \u00ab\u00a0<em>sa tr\u00e8s ch\u00e8re s\u0153ur<\/em>\u00a0\u00bb, \u00ab\u00a0<em>dont l&rsquo;amiti\u00e9 avec nous et avec notre Patriarcat \u0152cum\u00e9nique est longue et solide, depuis les ann\u00e9es de son s\u00e9jour \u00e0 Constantinople o\u00f9 elle a vraiment laiss\u00e9 une marque ind\u00e9l\u00e9bile de minist\u00e8re de la fraternit\u00e9, de l&rsquo;unit\u00e9 et de l&rsquo;amour pour tous\u00a0\u00bb. \u00ab\u00a0Arriv\u00e9e au terme de son mandat de Pr\u00e9sidente &#8211; a-t-il dit en s\u2019adressant \u00e0 Maria Voce &#8211; nous voulons la remercier nous aussi pour sa grande contribution \u00e0 l&rsquo;\u0152uvre; le souvenir que nous avons d&rsquo;elle, comme vous tous, est dans nos c\u0153urs, et elle continuera certainement le charisme l\u00e0 o\u00f9 le Seigneur l&rsquo;appellera\u00a0\u00bb. <\/em>  <div id=\"attachment_237443\" style=\"width: 433px\" class=\"wp-caption alignleft\"><img alt=\"\" alt=\"\" loading=\"lazy\" decoding=\"async\" aria-describedby=\"caption-attachment-237443\" class=\"wp-image-237443\" src=\"https:\/\/www.focolare.org\/wp-content\/uploads\/2020\/10\/3-7-510x340.png\" alt=\"\" width=\"423\" height=\"282\" \/><p id=\"caption-attachment-237443\" class=\"wp-caption-text\">\u00a9J. Garc\u00eda &#8211; CSC Audiovisivi<\/p><\/div>  Quelques \u00e9v\u00e9nements organis\u00e9s \u00e0 l&rsquo;occasion du centenaire de Chiara Lubich ont \u00e9t\u00e9 pr\u00e9sent\u00e9s au Patriarche\u00a0 et quelques jeunes des Focolari lui ont parl\u00e9 du projet \u00ab\u00a0<a href=\"http:\/\/www.unitedworldproject.org\/fr\/daretocare\/\" target=\"_blank\" rel=\"noopener noreferrer\">United World Project\u00a0<\/a>\u00bb, qui, sous le slogan \u00ab\u00a0oser prendre soin\u00a0\u00bb, se concentre cette ann\u00e9e sur la protection de l&rsquo;environnement et sur les secteurs les plus fragiles des soci\u00e9t\u00e9s dans le monde entier. Le Patriarche a comment\u00e9 : <em>\u00ab\u00a0Id\u00e9es et action, th\u00e9orie et pratique.\u00a0 J&rsquo;esp\u00e8re que des jeunes orthodoxes seront inclus dans ce projet afin de travailler avec vous pour le bien de l&rsquo;humanit\u00e9\u00a0\u00bb. <\/em>  A la conclusion de la rencontre, Maria Voce lui a fait don d&rsquo;une sculpture repr\u00e9sentant la Vierge Marie avec l&rsquo;Enfant J\u00e9sus, qui se trouvait dans la maison de Chiara Lubich en Suisse, et le Patriarche a fait don \u00e0 Maria Voce d&rsquo;une magnifique ic\u00f4ne. <\/p>\n<p style=\"text-align: right;\"><em>Stefania Tanesini<\/em><\/p>\n<p> Pour lire l&rsquo;hom\u00e9lie de Sa Saintet\u00e9 Bartholom\u00e9e, archev\u00eaque de Constantinople, <a href=\"https:\/\/www.focolare.org\/fr\/news\/2020\/10\/20\/bartholomee-ier-patriarche-oecumenique-de-constantinople-visite-le-centre-international-des-focolari\/?highlight=bartolomeo\" target=\"_blank\" rel=\"noopener noreferrer\">cliquez ici<\/a>  &nbsp;  https:\/\/vimeo.com\/470583650<\/p>\n","protected":false},"excerpt":{"rendered":"<p>Ce matin, Sa Saintet\u00e9 Bartholom\u00e9e Ier, Patriarche \u0152cum\u00e9nique de Constantinople, a visit\u00e9 le Centre international des Focolari \u00e0 Rocca di Papa.<\/p>\n","protected":false},"author":33,"featured_media":0,"comment_status":"open","ping_status":"open","sticky":false,"template":"","format":"standard","meta":{"give_campaign_id":0,"_seopress_robots_primary_cat":"","_seopress_titles_title":"","_seopress_titles_desc":"","_seopress_robots_index":"","_et_pb_use_builder":"","_et_pb_old_content":"","_et_gb_content_width":"","footnotes":""},"categories":[47],"tags":[],"class_list":["post-314428","post","type-post","status-publish","format-standard","hentry","category-non-classifiee"],"_links":{"self":[{"href":"https:\/\/www.focolare.org\/fr\/wp-json\/wp\/v2\/posts\/314428","targetHints":{"allow":["GET"]}}],"collection":[{"href":"https:\/\/www.focolare.org\/fr\/wp-json\/wp\/v2\/posts"}],"about":[{"href":"https:\/\/www.focolare.org\/fr\/wp-json\/wp\/v2\/types\/post"}],"author":[{"embeddable":true,"href":"https:\/\/www.focolare.org\/fr\/wp-json\/wp\/v2\/users\/33"}],"replies":[{"embeddable":true,"href":"https:\/\/www.focolare.org\/fr\/wp-json\/wp\/v2\/comments?post=314428"}],"version-history":[{"count":0,"href":"https:\/\/www.focolare.org\/fr\/wp-json\/wp\/v2\/posts\/314428\/revisions"}],"wp:attachment":[{"href":"https:\/\/www.focolare.org\/fr\/wp-json\/wp\/v2\/media?parent=314428"}],"wp:term":[{"taxonomy":"category","embeddable":true,"href":"https:\/\/www.focolare.org\/fr\/wp-json\/wp\/v2\/categories?post=314428"},{"taxonomy":"post_tag","embeddable":true,"href":"https:\/\/www.focolare.org\/fr\/wp-json\/wp\/v2\/tags?post=314428"}],"curies":[{"name":"wp","href":"https:\/\/api.w.org\/{rel}","templated":true}]}}