{"id":314478,"date":"2020-11-26T12:20:45","date_gmt":"2020-11-26T11:20:45","guid":{"rendered":"https:\/\/www.focolare.org\/prix-international-decerne-aux-focolari-pour-lengagement-en-faveur-de-lenvironnement\/"},"modified":"2025-08-28T12:41:30","modified_gmt":"2025-08-28T10:41:30","slug":"prix-international-decerne-aux-focolari-pour-lengagement-en-faveur-de-lenvironnement","status":"publish","type":"post","link":"https:\/\/www.focolare.org\/fr\/prix-international-decerne-aux-focolari-pour-lengagement-en-faveur-de-lenvironnement\/","title":{"rendered":"Prix international d\u00e9cern\u00e9 aux Focolari pour l&rsquo;engagement en faveur de l&rsquo;environnement"},"content":{"rendered":"<p><em>Le Mouvement des Focolari a re\u00e7u aujourd&rsquo;hui le prix international \u2018\u2019Je fais ma part\u2019\u2019 de l\u2019 Universit\u00e9 Kronos pour son engagement en faveur de la plan\u00e8te \u00e0 travers EcoOne, l&rsquo;initiative environnementale des Focolari. Parmi les laur\u00e9ats de cette \u00e9dition 2020 figurent le pape Fran\u00e7ois et, \u00e0 titre posthume, l&rsquo;explorateur et anthropologue norv\u00e9gien, Thor Heyerdahl.<\/em> <img alt=\"\" alt=\"\" loading=\"lazy\" decoding=\"async\" class=\"wp-image-238063 alignright\" src=\"https:\/\/www.focolare.org\/wp-content\/uploads\/2020\/11\/CM__3385-510x340.jpeg\" alt=\"\" width=\"384\" height=\"256\" \/>Une ancienne fable africaine raconte que lors d&rsquo;un incendie de for\u00eat, un colibri, le plus petit des oiseaux, s&rsquo;est envol\u00e9 vers le feu tandis que tous les animaux s&rsquo;enfuyaient. \u00c0 la demande du lion sur ce qu&rsquo;il faisait, le colibri, montrant une goutte d&rsquo;eau dans son bec, r\u00e9pondit : \u2018\u2019Je fais ma part \u2018\u2019! C&rsquo;est de cette histoire que d\u00e9coule le prix international, qui en est \u00e0 sa quatri\u00e8me \u00e9dition et que l&rsquo; Universit\u00e9 Kronos d\u00e9cerne chaque ann\u00e9e aux personnes, entit\u00e9s et nations qui ont montr\u00e9 qu&rsquo;elles \u2018\u2019ont fait leur part\u2019\u2019 pour prot\u00e9ger l&rsquo;environnement et le climat de la Terre. Parmi les huit laur\u00e9ats de cette ann\u00e9e figure \u00e9galement EcoOne, l&rsquo;initiative internationale du Mouvement des Focolari, promue par un r\u00e9seau de professeurs, d&rsquo; universitaires, de chercheurs et de professionnels qui travaillent dans les sciences de l&rsquo;environnement et s&rsquo;efforcent d&rsquo;enrichir leurs connaissances scientifiques par une lecture humaniste approfondie des probl\u00e8mes \u00e9cologiques contemporains (www.ecoone.org). <img alt=\"\" alt=\"\" loading=\"lazy\" decoding=\"async\" class=\"wp-image-238064 alignleft\" src=\"https:\/\/www.focolare.org\/wp-content\/uploads\/2020\/11\/CM__3373-510x340.jpeg\" alt=\"\" width=\"410\" height=\"273\" \/>En raison de la pand\u00e9mie, il n&rsquo;a pas \u00e9t\u00e9 possible de remettre les prix, comme pr\u00e9vu, dans la salle du Capitole \u00e0 Rome (Italie). La remise du prix au Mouvement des Focolari a eu lieu aujourd&rsquo;hui, jeudi 26 novembre 2020, au si\u00e8ge international du Mouvement des Focolari \u00e0 Rocca di Papa (Rome-Italie) par Vincenzo Avalle, membre du Conseil national de l&rsquo; Universit\u00e9 Kronos, accompagn\u00e9 d&rsquo;Armando Bruni, coordinateur de l&rsquo;Italie centrale de l&rsquo; Universit\u00e9 et de trois gardes de l&rsquo;environnement. Au nom du Mouvement des Focolari, le professeur Luca Fiorani, pr\u00e9sident d&rsquo;EcoOne, a recueilli la sculpture d&rsquo;un colibri, r\u00e9alis\u00e9e avec des mat\u00e9riaux m\u00e9talliques recycl\u00e9s par l&rsquo;artiste Renato Mancini, ainsi que le dipl\u00f4me qui lui a \u00e9t\u00e9 remis. \u00ab\u00a0Ce prix veut donner une impulsion, une motivation \u00e0 tous ceux qui s&rsquo;engagent pour la protection de l&rsquo;environnement &#8211; a expliqu\u00e9 Vincenzo Avalle &#8211; J&rsquo;ai \u00e9t\u00e9 frapp\u00e9 par l&rsquo;activit\u00e9 complexe du Mouvement des Focolari pour l&rsquo;environnement telle qu&rsquo;elle s&rsquo;exprime dans EcoOne, soutenue par la science et l&rsquo;interaction avec la politique\u00a0\u00bb. <img alt=\"\" alt=\"\" loading=\"lazy\" decoding=\"async\" class=\"wp-image-238062 alignright\" src=\"https:\/\/www.focolare.org\/wp-content\/uploads\/2020\/11\/CM__3386-510x340.jpeg\" alt=\"\" width=\"391\" height=\"261\" \/>\u00ab\u00a0Je vois une grande synergie entre nous, l\u2019 Universit\u00e9 Kronos \u00a0et le mouvement des Focolari\/EcoOne &#8211; a expliqu\u00e9 Fiorani en recevant le prix &#8211; parce que nous sommes compl\u00e9mentaires : Kronos na\u00eet de l&rsquo;action, EcoOne na\u00eet de la r\u00e9flexion. Nous avons besoin les uns des autres.\u00a0En tant que Mouvement des Focolari, nous pouvons contribuer \u00e0 diff\u00e9rents domaines d&rsquo;approfondissement culturel. L&rsquo;\u00e9conomie et la politique, qui sont d\u00e9cisives pour l&rsquo;environnement, doivent \u00eatre mises en avant. Et nous pouvons \u00e9galement offrir notre dimension internationale\u00a0\u00bb. \u00ab\u00a0Je vois &#8211; a-t-il ajout\u00e9 &#8211; une possibilit\u00e9 de collaboration, de tr\u00e8s forte synergie. Il existe une galaxie d&rsquo;entit\u00e9s qui travaillent pour l&rsquo;environnement. Je pense que le temps est venu pour toutes ces organisations de travailler ensemble\u00a0\u00bb. L&rsquo; Universit\u00e9 Kronos (<a href=\"https:\/\/accademiakronos.it-html.com\/\" target=\"_blank\" rel=\"noopener\">https:\/\/accademiakronos.it-html.com\/<\/a>) est la continuation et l&rsquo;h\u00e9ritier spirituel de l&rsquo;une des premi\u00e8res organisations environnementales, la \u2018\u2019Kronos 1991\u2019\u2019. Avec environ 10 000 membres en Italie et des bureaux et r\u00e9f\u00e9rences internationaux, elle s&rsquo;engage en faveur de la protection de l&rsquo;environnement et de la qualit\u00e9 de vie. En collaboration avec des instituts scientifiques et des universit\u00e9s, Kronos propose un cursus universitaire en \u2018\u2019\u00c9ducateur et Diffuseur environnemental\u2019\u2019et deux masters universitaires en \u2018\u2019Sant\u00e9 et Environnement\u2019\u2019 et soutient un organe de supervision pour la pr\u00e9vention et l&rsquo;information en mati\u00e8re d&rsquo;environnement. Mais surtout, elle invite les gens du monde entier \u00e0 \u2018\u2019faire leur part\u2019\u2019 pour prot\u00e9ger l&rsquo;environnement.<\/p>\n<p style=\"text-align: right;\"><em>\u00a0\u00a0\u00a0\u00a0\u00a0\u00a0\u00a0\u00a0\u00a0\u00a0\u00a0\u00a0\u00a0\u00a0\u00a0\u00a0\u00a0\u00a0\u00a0\u00a0\u00a0\u00a0\u00a0\u00a0\u00a0\u00a0\u00a0\u00a0\u00a0\u00a0\u00a0\u00a0\u00a0\u00a0\u00a0\u00a0\u00a0\u00a0\u00a0\u00a0\u00a0\u00a0\u00a0\u00a0\u00a0\u00a0\u00a0\u00a0\u00a0\u00a0\u00a0\u00a0\u00a0\u00a0\u00a0\u00a0\u00a0\u00a0\u00a0\u00a0\u00a0\u00a0\u00a0\u00a0\u00a0\u00a0\u00a0\u00a0\u00a0\u00a0\u00a0\u00a0\u00a0\u00a0\u00a0\u00a0\u00a0\u00a0\u00a0\u00a0\u00a0\u00a0\u00a0\u00a0\u00a0\u00a0\u00a0\u00a0\u00a0\u00a0\u00a0\u00a0\u00a0\u00a0\u00a0\u00a0\u00a0\u00a0\u00a0\u00a0\u00a0\u00a0\u00a0\u00a0\u00a0\u00a0\u00a0\u00a0\u00a0\u00a0\u00a0\u00a0\u00a0\u00a0\u00a0\u00a0\u00a0 Joachim Schwind<\/em><\/p>\n","protected":false},"excerpt":{"rendered":"<p>Le Mouvement des Focolari a re\u00e7u aujourd&rsquo;hui le prix international \u2018\u2019Je fais ma part\u2019\u2019 de l\u2019 Universit\u00e9 Kronos pour son engagement en faveur de la plan\u00e8te \u00e0 travers EcoOne, l&rsquo;initiative environnementale des Focolari. Parmi les laur\u00e9ats de cette \u00e9dition 2020 figurent le pape Fran\u00e7ois et, \u00e0 titre posthume, l&rsquo;explorateur et anthropologue norv\u00e9gien, Thor Heyerdahl.<\/p>\n","protected":false},"author":33,"featured_media":0,"comment_status":"open","ping_status":"open","sticky":false,"template":"","format":"standard","meta":{"give_campaign_id":0,"_seopress_robots_primary_cat":"","_seopress_titles_title":"","_seopress_titles_desc":"","_seopress_robots_index":"","_et_pb_use_builder":"","_et_pb_old_content":"","_et_gb_content_width":"","footnotes":""},"categories":[3147,47],"tags":[3032,3197],"class_list":["post-314478","post","type-post","status-publish","format-standard","hentry","category-centro-internazionale-5","category-non-classifiee","tag-movimento-dei-focolari-5","tag-ppg-fr"],"_links":{"self":[{"href":"https:\/\/www.focolare.org\/fr\/wp-json\/wp\/v2\/posts\/314478","targetHints":{"allow":["GET"]}}],"collection":[{"href":"https:\/\/www.focolare.org\/fr\/wp-json\/wp\/v2\/posts"}],"about":[{"href":"https:\/\/www.focolare.org\/fr\/wp-json\/wp\/v2\/types\/post"}],"author":[{"embeddable":true,"href":"https:\/\/www.focolare.org\/fr\/wp-json\/wp\/v2\/users\/33"}],"replies":[{"embeddable":true,"href":"https:\/\/www.focolare.org\/fr\/wp-json\/wp\/v2\/comments?post=314478"}],"version-history":[{"count":1,"href":"https:\/\/www.focolare.org\/fr\/wp-json\/wp\/v2\/posts\/314478\/revisions"}],"predecessor-version":[{"id":386934,"href":"https:\/\/www.focolare.org\/fr\/wp-json\/wp\/v2\/posts\/314478\/revisions\/386934"}],"wp:attachment":[{"href":"https:\/\/www.focolare.org\/fr\/wp-json\/wp\/v2\/media?parent=314478"}],"wp:term":[{"taxonomy":"category","embeddable":true,"href":"https:\/\/www.focolare.org\/fr\/wp-json\/wp\/v2\/categories?post=314478"},{"taxonomy":"post_tag","embeddable":true,"href":"https:\/\/www.focolare.org\/fr\/wp-json\/wp\/v2\/tags?post=314478"}],"curies":[{"name":"wp","href":"https:\/\/api.w.org\/{rel}","templated":true}]}}