{"id":314490,"date":"2020-12-05T03:00:40","date_gmt":"2020-12-05T02:00:40","guid":{"rendered":"https:\/\/www.focolare.org\/migrants-en-amerique-du-sud-une-histoire-que-nous-vivons-aujourdhui\/"},"modified":"2024-05-15T21:01:04","modified_gmt":"2024-05-15T19:01:04","slug":"migrants-en-amerique-du-sud-une-histoire-que-nous-vivons-aujourdhui","status":"publish","type":"post","link":"https:\/\/www.focolare.org\/fr\/migrants-en-amerique-du-sud-une-histoire-que-nous-vivons-aujourdhui\/","title":{"rendered":"Migrants en Am\u00e9rique du sud : une histoire que nous vivons aujourd&rsquo;hui"},"content":{"rendered":"<p><em>Les aides des communaut\u00e9s des Focolari dans les pays d&rsquo;Am\u00e9rique latine sont des gestes concrets pour \u00eatre \u00ab\u00a0tous fr\u00e8res\u00a0\u00bb, comme l&rsquo;invoque le pape Fran\u00e7ois dans sa derni\u00e8re encyclique.<\/em>  <img alt=\"\" alt=\"\" loading=\"lazy\" decoding=\"async\" class=\"wp-image-238269 alignright\" src=\"https:\/\/www.focolare.org\/wp-content\/uploads\/2020\/12\/WhatsApp-Image-2020-08-02-at-11.47.30-PM-455x340.jpeg\" alt=\"\" width=\"341\" height=\"255\" \/>Au P\u00e9rou et dans d&rsquo;autres pays d&rsquo;Am\u00e9rique latine, nous assistons \u00e0 l&rsquo;arriv\u00e9e incessante de migrants, surtout des V\u00e9n\u00e9zu\u00e9liens, mais aussi des Cubains, des habitants d\u2019Am\u00e9rique Centrale, des Ha\u00eftiens, des Arabes. Les communaut\u00e9s du mouvement des Focolari s&rsquo;engagent chaque jour \u00e0 aider ces personnes.  \u00ab\u00a0Notre aventure au <strong>P\u00e9rou<\/strong> commence quelques jours avant No\u00ebl 2017\u00a0\u00bb, dit Silvano Roggero, focolarino au P\u00e9rou. Nous avions invit\u00e9 \u00e0 d\u00e9jeuner chez nous des V\u00e9n\u00e9zu\u00e9liens que nous avions rencontr\u00e9s. Au d\u00e9but, ils \u00e9taient cinq, puis nous nous sommes d\u00e9plac\u00e9s au Centre <em>Juan Carlos Duque<\/em> parce que les invitations d\u00e9passaient les 120 personnes !  Je me souviens de la rencontre de Geno avec Karlin et ses trois jeunes enfants. Accroupie sur le trottoir, elle vendait des bonbons. Geno a entendu en lui une voix forte: \u201cC&rsquo;est J\u00e9sus ! \u201d. Sur le chemin du retour, il lui ach\u00e8te des bonbons et l&rsquo;invite \u00e0 d\u00e9jeuner. Ce dimanche-l\u00e0, elle est venue avec ses 3 enfants et a \u00e9galement amen\u00e9 sa s\u0153ur avec ses 2 enfants\u00a0\u00bb.  En<strong> Colombie<\/strong>, pr\u00e8s de Bogot\u00e1, Alba, arriv\u00e9e en tant que migrante du Venezuela en 2014, est devenue une r\u00e9f\u00e9rence pour les \u00ab\u00a0<em>Caminantes\u00a0<\/em>\u00bb (migrants) qui passent tous les jours.  Un jour, alors qu&rsquo;elle n&rsquo;avait pas encore d\u00e9jeun\u00e9, une femme enceinte avec son partenaire est pass\u00e9e, ayant besoin d&rsquo;une visite. Au dispensaire, une infirmi\u00e8re tr\u00e8s attentive et aimable pouvait les aider. Malgr\u00e9 le froid, la faim, le souci de laisser ses coll\u00e8gues b\u00e9n\u00e9voles seuls et m\u00eame ses enfants \u00e0 la maison sans d\u00e9jeuner, Alba est rest\u00e9e \u00e0 les attendre. \u00c0 la fin de la visite, elle a raccompagn\u00e9 les deux jeunes parents. Que s&rsquo;est-il pass\u00e9 ? Les <em>Caminantes<\/em>, sachant ce qu&rsquo;Alba avait fait pour eux, ont r\u00e9uni deux sous pour acheter deux cartons d&rsquo;\u0153ufs pour elle, ses enfants et ses coll\u00e8gues ! Le centuple, vraiment! De qui ? De ceux qui en ont le plus besoin !  <img alt=\"\" alt=\"\" loading=\"lazy\" decoding=\"async\" class=\" wp-image-238270 alignleft\" src=\"https:\/\/www.focolare.org\/wp-content\/uploads\/2020\/12\/WhatsApp-Image-2020-08-02-at-11.44.37-PM-453x340.jpeg\" alt=\"\" width=\"346\" height=\"260\" \/>Fin 2018, la communaut\u00e9 des Focolari de <strong>Mexico <\/strong>s&rsquo;est jointe \u00e0 \u00ab\u00a0l&rsquo;accueil humanitaire\u00a0\u00bb des caravanes de migrants. Cette association civile, inspir\u00e9e par le charisme des Focolari, a apport\u00e9 sa contribution technique et sa coordination avec les autorit\u00e9s. Un canal a \u00e9t\u00e9 activ\u00e9 pour faciliter l&rsquo;arriv\u00e9e de nourriture, de v\u00eatements, de produits d&rsquo;hygi\u00e8ne personnelle et de dizaines de couvertures. On peut imaginer la gratitude des migrants.  Le <strong>Br\u00e9sil <\/strong>a \u00e9galement accueilli de nombreux migrants. \u00ab\u00a0La multiplication des dons nous surprend\u00a0\u00bb, raconte la communaut\u00e9 locale. \u00ab\u00a0Nous faisons une demande pour un po\u00eale et soudain nous en obtenons plusieurs. Quelqu&rsquo;un nous demande un \u00e9vier et le lendemain, une personne que nous ne connaissons pas se rend disponible et en donne cinq.  Un jour, un ami va acheter quelque chose \u00e0 nous donner. Il explique au vendeur les raisons de l&rsquo;achat et est surpris par la remise et la livraison gratuite. Une autre fois, une personne que nous ne connaissons pas nous dit : \u00ab\u00a0Je vais organiser un \u00e9v\u00e9nement et commander de la nourriture que vous enverrez \u00e0 ceux qui en ont besoin\u00a0\u00bb. <\/p>\n<p style=\"text-align: right;\"><em>Lorenzo Russo<\/em><\/p>\n","protected":false},"excerpt":{"rendered":"<p>Les aides des communaut\u00e9s des Focolari dans les pays d&rsquo;Am\u00e9rique latine sont des gestes concrets pour \u00eatre \u00ab\u00a0tous fr\u00e8res\u00a0\u00bb, comme l&rsquo;invoque le pape Fran\u00e7ois dans sa derni\u00e8re encyclique.<\/p>\n","protected":false},"author":33,"featured_media":0,"comment_status":"open","ping_status":"open","sticky":false,"template":"","format":"standard","meta":{"give_campaign_id":0,"_seopress_robots_primary_cat":"","_seopress_titles_title":"","_seopress_titles_desc":"","_seopress_robots_index":"","_et_pb_use_builder":"","_et_pb_old_content":"","_et_gb_content_width":"","footnotes":""},"categories":[47],"tags":[],"class_list":["post-314490","post","type-post","status-publish","format-standard","hentry","category-non-classifiee"],"_links":{"self":[{"href":"https:\/\/www.focolare.org\/fr\/wp-json\/wp\/v2\/posts\/314490","targetHints":{"allow":["GET"]}}],"collection":[{"href":"https:\/\/www.focolare.org\/fr\/wp-json\/wp\/v2\/posts"}],"about":[{"href":"https:\/\/www.focolare.org\/fr\/wp-json\/wp\/v2\/types\/post"}],"author":[{"embeddable":true,"href":"https:\/\/www.focolare.org\/fr\/wp-json\/wp\/v2\/users\/33"}],"replies":[{"embeddable":true,"href":"https:\/\/www.focolare.org\/fr\/wp-json\/wp\/v2\/comments?post=314490"}],"version-history":[{"count":0,"href":"https:\/\/www.focolare.org\/fr\/wp-json\/wp\/v2\/posts\/314490\/revisions"}],"wp:attachment":[{"href":"https:\/\/www.focolare.org\/fr\/wp-json\/wp\/v2\/media?parent=314490"}],"wp:term":[{"taxonomy":"category","embeddable":true,"href":"https:\/\/www.focolare.org\/fr\/wp-json\/wp\/v2\/categories?post=314490"},{"taxonomy":"post_tag","embeddable":true,"href":"https:\/\/www.focolare.org\/fr\/wp-json\/wp\/v2\/tags?post=314490"}],"curies":[{"name":"wp","href":"https:\/\/api.w.org\/{rel}","templated":true}]}}