{"id":314500,"date":"2020-12-11T03:00:02","date_gmt":"2020-12-11T02:00:02","guid":{"rendered":"https:\/\/www.focolare.org\/turn-around-changer-de-cap-pour-sauver-la-terre\/"},"modified":"2024-05-15T21:01:05","modified_gmt":"2024-05-15T19:01:05","slug":"turn-around-changer-de-cap-pour-sauver-la-terre","status":"publish","type":"post","link":"https:\/\/www.focolare.org\/fr\/turn-around-changer-de-cap-pour-sauver-la-terre\/","title":{"rendered":"Turn Around : changer de cap pour sauver la terre"},"content":{"rendered":"<p><em>Le nouveau single du Gen Verde en faveur d&rsquo;une action concr\u00e8te et collective pour prot\u00e9ger la Cr\u00e9ation<\/em>  L&rsquo;intention avec laquelle Turn Around, le nouveau single du Gen Verde, est n\u00e9, est de r\u00e9fl\u00e9chir et de stimuler une action concr\u00e8te visant \u00e0 sauvegarder la terre en nous laissant inspirer par la contemplation de sa beaut\u00e9.  <img loading=\"lazy\" decoding=\"async\" class=\"alignright\" src=\"https:\/\/www.focolare.org\/wp-content\/uploads\/2020\/12\/Gen-Verde-Turn-Around4-632x340.png\" width=\"372\" height=\"201\" \/>Un chant qui est \u00e0 la fois pri\u00e8re et cri choral, r\u00e9flexion et action, et qui insuffle l&rsquo;espoir et le d\u00e9sir de changement. Du discours \u00e0 l&rsquo;ONU de la jeune <strong>Greta Thunberg<\/strong> aux paroles du<strong> Pape Fran\u00e7ois<\/strong> dans \u2018\u2019<em>Laudato Si&rsquo;\u2019\u2019<\/em>, de l&rsquo;astronaute <strong>James Buchli<\/strong> \u00e0<strong> Chiara Lubich<\/strong>&#8230; ce sont les principales personnes qui inspirent la nouvelle chanson \u00e9crite par Nancy Uelmen qui parle ouvertement des probl\u00e8mes climatiques et appelle \u00e0 un changement de cap en donnant la parole aux plus jeunes : \u00ab\u00a0Cela me fait une grande impression de voir ces jeunes qui essaient de faire quelque chose car leur futur est en danger\u00a0; avec le Gen Verde, nous nous sommes demand\u00e9 quoi faire et, parce que nous aimons nous exprimer \u00e0 travers la musique, nous avons pens\u00e9 \u00e0 une chanson qui montre la beaut\u00e9 de notre terre, qui mette au centre de notre attention le cadeau que nous avons re\u00e7u avec la Cr\u00e9ation, pour ensuite le prot\u00e9ger et le conserver ensemble\u00a0\u00bb.  Ces paroles sont encore plus intenses lorsqu&rsquo;elles sont chant\u00e9es par des jeunes de diff\u00e9rentes parties du monde dans le groupe: des \u00c9tats-Unis d&rsquo;Am\u00e9rique \u00e0 l&rsquo;Inde, de l&rsquo;Irlande au Nigeria, \u00e0 la Nouvelle-Cal\u00e9donie et \u00e0 bien d&rsquo;autres pays. \u00ab\u00a0Ce fut une exp\u00e9rience forte \u2013 raconte <strong>Colomba &#8211;<\/strong> lorsque, malgr\u00e9 la pand\u00e9mie et l&rsquo;impossibilit\u00e9 de se rencontrer physiquement dans un studio d&rsquo;enregistrement, nous avons demand\u00e9 \u00e0 de nombreux jeunes de nous donner un coup de main pour enregistrer leur contribution \u00e0 cette chanson. Lorsque nous avons nous-m\u00eames rassembl\u00e9 les diff\u00e9rentes voix, nous avons \u00e9t\u00e9 profond\u00e9ment \u00e9mues car cette chanson porte d\u00e9j\u00e0 en elle la force de renouvellement d&rsquo;un groupe qui veut inverser cette tendance n\u00e9gative et qui en a fait l\u2019exp\u00e9rience\u00a0 m\u00eame si c&rsquo;est \u00e0 distance\u00a0\u00bb.  Et cette fois-ci, la chanson, tout en conservant un style captivant surtout pour un public jeune, contient en elle une v\u00e9ritable pri\u00e8re : \u00ab\u00a0Nous nous tournons vers \u2018\u2019l&rsquo;Esprit Cr\u00e9ateur\u2019\u2019 (qui rappelle un peu le \u2018\u2019Veni Creator\u2019\u2019 de la Schola Gr\u00e9gorienne) &#8211; poursuit Nancy &#8211; parce que nous sentons le besoin de l&rsquo;aide de Dieu pour avoir la lumi\u00e8re afin de comprendre comment gu\u00e9rir notre maison commune et, surtout, changer nos c\u0153urs &#8230; il s&rsquo;agit de mettre en \u0153uvre une conversion non seulement la mienne ou celle de quelqu&rsquo;un d\u2019autre, mais celle de toute la collectivit\u00e9\u00a0\u00bb.  Et bien s\u00fbr, comme cela arrive souvent dans les textes du Gen Verde, il ne manque pas l\u2019 infusion d&rsquo;espoir, le fait de croire ardemment dans la force de l&rsquo;engagement de tant de personnes pour sauvegarder le bien commun. Cette chanson, issue du genre pop \u00e9lectronique, en conservant des \u00e9l\u00e9ments de continuit\u00e9 avec les derniers choix d&rsquo;enregistrement du groupe musical Gen Verde, \u00e0 certains moments, diff\u00e8re l\u00e9g\u00e8rement au niveau du son pour souligner une r\u00e9flexion personnelle et collective et inviter clairement \u00e0 un engagement pour sauver la terre.  Un engagement fort et pour cette raison le nouveau clip vid\u00e9o de Turn Around a \u00e9t\u00e9 lanc\u00e9 pour la premi\u00e8re fois en direct pendant la rencontre internationale <strong>L&rsquo;\u00e9conomie de Francesco<\/strong>. <\/p>\n<p style=\"text-align: left;\">Lien <a href=\"https:\/\/www.youtube.com\/watch?v=vKGyU_gxbEU\" target=\"_blank\" rel=\"noopener\"><u>YouTube Turn Around.<\/u><\/a><\/p>\n<p style=\"text-align: right;\"><em>Tiziana Nicastro <\/em><\/p>\n","protected":false},"excerpt":{"rendered":"<p>Le nouveau single du Gen Verde en faveur d&rsquo;une action concr\u00e8te et collective pour prot\u00e9ger la Cr\u00e9ation<\/p>\n","protected":false},"author":33,"featured_media":0,"comment_status":"open","ping_status":"open","sticky":false,"template":"","format":"standard","meta":{"give_campaign_id":0,"_seopress_robots_primary_cat":"","_seopress_titles_title":"","_seopress_titles_desc":"","_seopress_robots_index":"","_et_pb_use_builder":"","_et_pb_old_content":"","_et_gb_content_width":"","footnotes":""},"categories":[47],"tags":[],"class_list":["post-314500","post","type-post","status-publish","format-standard","hentry","category-non-classifiee"],"_links":{"self":[{"href":"https:\/\/www.focolare.org\/fr\/wp-json\/wp\/v2\/posts\/314500","targetHints":{"allow":["GET"]}}],"collection":[{"href":"https:\/\/www.focolare.org\/fr\/wp-json\/wp\/v2\/posts"}],"about":[{"href":"https:\/\/www.focolare.org\/fr\/wp-json\/wp\/v2\/types\/post"}],"author":[{"embeddable":true,"href":"https:\/\/www.focolare.org\/fr\/wp-json\/wp\/v2\/users\/33"}],"replies":[{"embeddable":true,"href":"https:\/\/www.focolare.org\/fr\/wp-json\/wp\/v2\/comments?post=314500"}],"version-history":[{"count":0,"href":"https:\/\/www.focolare.org\/fr\/wp-json\/wp\/v2\/posts\/314500\/revisions"}],"wp:attachment":[{"href":"https:\/\/www.focolare.org\/fr\/wp-json\/wp\/v2\/media?parent=314500"}],"wp:term":[{"taxonomy":"category","embeddable":true,"href":"https:\/\/www.focolare.org\/fr\/wp-json\/wp\/v2\/categories?post=314500"},{"taxonomy":"post_tag","embeddable":true,"href":"https:\/\/www.focolare.org\/fr\/wp-json\/wp\/v2\/tags?post=314500"}],"curies":[{"name":"wp","href":"https:\/\/api.w.org\/{rel}","templated":true}]}}