{"id":314610,"date":"2021-02-03T16:00:26","date_gmt":"2021-02-03T15:00:26","guid":{"rendered":"https:\/\/www.focolare.org\/le-vote-pour-lelection-des-conseilleres-et-des-conseillers-generauxs-est-en-cours\/"},"modified":"2024-05-15T21:01:26","modified_gmt":"2024-05-15T19:01:26","slug":"le-vote-pour-lelection-des-conseilleres-et-des-conseillers-generauxs-est-en-cours","status":"publish","type":"post","link":"https:\/\/www.focolare.org\/fr\/le-vote-pour-lelection-des-conseilleres-et-des-conseillers-generauxs-est-en-cours\/","title":{"rendered":"Le vote pour l\u2019\u00e9lection des conseill\u00e8res et des conseillers g\u00e9n\u00e9rauxs est en cours"},"content":{"rendered":"<p><strong>Journal de l&rsquo;Assembl\u00e9e g\u00e9n\u00e9rale \/10, 3 f\u00e9vrier 2021<\/strong>  <em>La journ\u00e9e d&rsquo;aujourd&rsquo;hui est \u00e0 nouveau consacr\u00e9e au vote : l&rsquo;Assembl\u00e9e g\u00e9n\u00e9rale des Focolari s&rsquo;est r\u00e9unie en s\u00e9ance pl\u00e9ni\u00e8re pour entamer le processus de vote, qui se terminera demain, en vue d\u2019\u00e9lire\u00a0 les conseill\u00e8res et les conseillers g\u00e9n\u00e9raux du Mouvement des Focolari.<\/em>  <div id=\"attachment_239974\" style=\"width: 422px\" class=\"wp-caption alignright\"><img alt=\"\" alt=\"\" loading=\"lazy\" decoding=\"async\" aria-describedby=\"caption-attachment-239974\" class=\"wp-image-239974\" src=\"https:\/\/www.focolare.org\/wp-content\/uploads\/2021\/02\/Commissione-al-lavoro-604x340.png\" alt=\"\" width=\"412\" height=\"232\" \/><p id=\"caption-attachment-239974\" class=\"wp-caption-text\">La commission \u00e9lectorale au travail<\/p><\/div>  Les conseillers sont les plus proches collaborateurs et assistants de la Pr\u00e9sidente. Leur nombre total est \u00e9galement r\u00e9parti entre focolarini et focolarines \u00e0 v\u0153ux perp\u00e9tuels et c\u2019est \u00e0 \u00a0la Pr\u00e9sidente nouvellement \u00e9lue de le pr\u00e9ciser. Margaret Karram a d\u00e9cid\u00e9 qu&rsquo;ils seront 22 et dans les prochains jours elle r\u00e9partira\u00a0 leurs charges.  Les conseillers suivent de nombreux domaines, qui vont de l&rsquo;\u00e9conomie \u00e0 la vie de pri\u00e8re, de la protection de l&rsquo;environnement et de la personne \u00e0 la communication, de la culture \u00e0 l&rsquo;\u00e9vang\u00e9lisation, \u00a0ils\u00a0 entretiennent des relations \u00e9troites avec des Pays ou des zones g\u00e9ographiques enti\u00e8res. La Pr\u00e9sidente peut \u00e9galement leur confier des missions sp\u00e9ciales.  Avec la Pr\u00e9sidente et le Co-pr\u00e9sident, ils forment le \u00ab\u00a0Centre de l&rsquo;\u0153uvre\u00a0\u00bb, qui constitue le c\u0153ur battant du Mouvement.  Demain, le vote se poursuivra et les noms des 22 conseillers seront connus. <\/p>\n<p style=\"text-align: left;\"><em>Bureau de communication des Focolari<\/em><\/p>\n<p> <a href=\"https:\/\/www.focolare.org\/wp-content\/uploads\/2021\/02\/Journal-de-lAssemblee-Generale-10-3-fevrier-2021.pdf\" target=\"_blank\" rel=\"noopener\">Texte en PDF<\/a>  &nbsp;<\/p>\n","protected":false},"excerpt":{"rendered":"<p>La journ\u00e9e d&rsquo;aujourd&rsquo;hui est \u00e0 nouveau consacr\u00e9e au vote : l&rsquo;Assembl\u00e9e g\u00e9n\u00e9rale des Focolari s&rsquo;est r\u00e9unie en s\u00e9ance pl\u00e9ni\u00e8re pour entamer le processus de vote, qui se terminera demain, en vue d\u2019\u00e9lire\u00a0 les conseill\u00e8res et les conseillers g\u00e9n\u00e9raux du Mouvement des Focolari.<\/p>\n","protected":false},"author":33,"featured_media":0,"comment_status":"open","ping_status":"open","sticky":false,"template":"","format":"standard","meta":{"give_campaign_id":0,"_seopress_robots_primary_cat":"","_seopress_titles_title":"","_seopress_titles_desc":"","_seopress_robots_index":"","_et_pb_use_builder":"","_et_pb_old_content":"","_et_gb_content_width":"","footnotes":""},"categories":[47],"tags":[],"class_list":["post-314610","post","type-post","status-publish","format-standard","hentry","category-non-classifiee"],"_links":{"self":[{"href":"https:\/\/www.focolare.org\/fr\/wp-json\/wp\/v2\/posts\/314610","targetHints":{"allow":["GET"]}}],"collection":[{"href":"https:\/\/www.focolare.org\/fr\/wp-json\/wp\/v2\/posts"}],"about":[{"href":"https:\/\/www.focolare.org\/fr\/wp-json\/wp\/v2\/types\/post"}],"author":[{"embeddable":true,"href":"https:\/\/www.focolare.org\/fr\/wp-json\/wp\/v2\/users\/33"}],"replies":[{"embeddable":true,"href":"https:\/\/www.focolare.org\/fr\/wp-json\/wp\/v2\/comments?post=314610"}],"version-history":[{"count":0,"href":"https:\/\/www.focolare.org\/fr\/wp-json\/wp\/v2\/posts\/314610\/revisions"}],"wp:attachment":[{"href":"https:\/\/www.focolare.org\/fr\/wp-json\/wp\/v2\/media?parent=314610"}],"wp:term":[{"taxonomy":"category","embeddable":true,"href":"https:\/\/www.focolare.org\/fr\/wp-json\/wp\/v2\/categories?post=314610"},{"taxonomy":"post_tag","embeddable":true,"href":"https:\/\/www.focolare.org\/fr\/wp-json\/wp\/v2\/tags?post=314610"}],"curies":[{"name":"wp","href":"https:\/\/api.w.org\/{rel}","templated":true}]}}