{"id":314646,"date":"2021-03-04T03:00:01","date_gmt":"2021-03-04T02:00:01","guid":{"rendered":"https:\/\/www.focolare.org\/au-dela-du-xxeme-siecle-chiara-lubich-en-dialogue-avec-notre-epoque\/"},"modified":"2024-05-15T21:01:34","modified_gmt":"2024-05-15T19:01:34","slug":"au-dela-du-xxeme-siecle-chiara-lubich-en-dialogue-avec-notre-epoque","status":"publish","type":"post","link":"https:\/\/www.focolare.org\/fr\/au-dela-du-xxeme-siecle-chiara-lubich-en-dialogue-avec-notre-epoque\/","title":{"rendered":"Au-del\u00e0 du XX\u00e8me si\u00e8cle. Chiara Lubich en dialogue avec notre \u00e9poque"},"content":{"rendered":"<p><em>La conf\u00e9rence sur la figure charismatique de Chiara Lubich qui a su regarder le nouveau mill\u00e9naire et le changement d&rsquo;\u00e9poque en cours, en proposant l&rsquo;id\u00e9al de la fraternit\u00e9 universelle.<\/em>  <img alt=\"\" alt=\"\" loading=\"lazy\" decoding=\"async\" class=\"wp-image-240752 alignright\" src=\"https:\/\/www.focolare.org\/wp-content\/uploads\/2021\/02\/Medaglia-presidenza-repubblica-italiana-511x340.jpg\" alt=\"\" width=\"382\" height=\"254\" \/>Le congr\u00e8s international <u>\u00ab\u00a0Au-del\u00e0 du XX<sup>\u00e8me\u00a0 <\/sup>si\u00e8cle. Chiara Lubich en dialogue avec notre temps\u00a0<\/u>\u00bb a officiellement cl\u00f4tur\u00e9 le programme bien charg\u00e9 des manifestations consacr\u00e9es au centenaire de la naissance de la fondatrice du Mouvement des Focolari. C&rsquo;\u00e9tait un titre programmatique, pour lire dans une perspective dynamique la figure charismatique d&rsquo;une protagoniste du XX<sup>\u00e8me<\/sup> si\u00e8cle qui a su regarder le nouveau mill\u00e9naire et le changement d&rsquo;\u00e9poque en cours, en proposant l&rsquo;id\u00e9al de la fraternit\u00e9 universelle, avec la certitude que \u00ab\u00a0l&rsquo;unit\u00e9 est un signe des temps\u00a0\u00bb.  Les deux journ\u00e9es d&rsquo;\u00e9tude ont eu lieu les 18 et 19 f\u00e9vrier \u00e0 la <u>Biblioteca Nazionale Centrale <\/u>de Rome (Italie) et ont \u00e9t\u00e9 consacr\u00e9es \u00e0 la figure de la fondatrice du Mouvement des Focolari sous de nombreux et diff\u00e9rents angles. L&rsquo;\u00e9v\u00e9nement a \u00e9t\u00e9 promu par le <strong>Centre Chiara Lubich <\/strong>de Rocca di Papa (Italie) et par la Biblioth\u00e8que Centrale Nationale de Rome, en collaboration avec l&rsquo;Institut universitaire Sophia, Humanit\u00e9 Nouvelle et la <u>Fondazione Museo storico <\/u>du Trentin. Le patronage a \u00e9t\u00e9 accord\u00e9 par la municipalit\u00e9 de Rome et le Dicast\u00e8re du Vatican pour le Service du D\u00e9veloppement humain int\u00e9gral.  Le <strong>Pr\u00e9sident de la R\u00e9publique italienne Sergio Mattarella<\/strong> a remis au Congr\u00e8s, la M\u00e9daille de la Repr\u00e9sentation, en reconnaissance de l&rsquo;int\u00e9r\u00eat culturel particulier de l&rsquo;initiative.  <img alt=\"\" alt=\"\" loading=\"lazy\" decoding=\"async\" class=\"wp-image-240750 alignleft\" src=\"https:\/\/www.focolare.org\/wp-content\/uploads\/2021\/02\/tavolo-Buonomo-Ferrara-Smerilli-511x340.jpg\" alt=\"\" width=\"373\" height=\"248\" \/>Le programme \u00e9tait divis\u00e9 en quatre sections : historique, litt\u00e9raire, sociopolitique, et une derni\u00e8re consacr\u00e9e \u00e0 certaines personnalit\u00e9s du XX<sup>\u00e8me<\/sup> si\u00e8cle, en analysant les similitudes et convergences possibles entre leur pens\u00e9e et celle de Chiara Lubich.  Une multiplicit\u00e9 de perspectives de lecture, avec des contributions d&rsquo;universitaires de diverses disciplines et de diff\u00e9rents milieux culturels, permettant une r\u00e9flexion plus m\u00fbre et une compr\u00e9hension plus profonde de l&rsquo;exp\u00e9rience historique et de la pens\u00e9e de Chiara Lubich, et une meilleure compr\u00e9hension de son h\u00e9ritage intellectuel, spirituel et existentiel.  Tout aussi fructueuse est la comparaison avec les figures d&rsquo;autres protagonistes de l&rsquo;\u00e9poque contemporaine &#8211; de Dietrich Bonhoeffer \u00e0 Simone Weil, en passant par le Mahatma Gandhi, Giorgio La Pira, Martin Luther King et Mikha\u00efl Gorbatchev &#8211; que Chiara Lubich n&rsquo;a pas rencontr\u00e9s directement, mais avec lesquels elle a dialogu\u00e9 \u00e0 distance, partageant une passion pour l&rsquo;homme et l&rsquo;avenir de l&rsquo;humanit\u00e9, et r\u00e9v\u00e9lant des id\u00e9aux et des intuitions aux traits communs \u00e9vidents.  Les travaux, auxquels ont particip\u00e9 des universitaires du monde entier, ont \u00e9t\u00e9 pr\u00e9sent\u00e9s par la lectio de <strong>Michel Angel Moratinos <\/strong>(Haut Repr\u00e9sentant des Nations Unies) et de l&rsquo;historien <strong>Andrea<\/strong> <strong>Riccardi<\/strong>, fondateur de la <strong>Communaut\u00e9 de Sant&rsquo;Egidio.<\/strong> La conf\u00e9rence a \u00e9t\u00e9 cl\u00f4tur\u00e9e par<strong> Piero<\/strong> <strong>Coda<\/strong>, le th\u00e9ologien et fils spirituel de Chiara.  <strong><img alt=\"\" alt=\"\" loading=\"lazy\" decoding=\"async\" class=\"wp-image-240751 alignright\" src=\"https:\/\/www.focolare.org\/wp-content\/uploads\/2021\/02\/online-relatore-511x340.jpg\" alt=\"\" width=\"386\" height=\"257\" \/>Donato Falmi,<\/strong> membre du comit\u00e9 scientifique du Congr\u00e8s, a pr\u00e9sent\u00e9 l&rsquo;\u00e9v\u00e9nement avec ces mots : \u00ab\u00a0La biographie de Chiara Lubich, dans sa dimension temporelle, spirituelle et intellectuelle, est marqu\u00e9e par quelques th\u00e8mes qui appartiennent au c\u0153ur de la contemporan\u00e9it\u00e9, au-del\u00e0 de toutes les diff\u00e9rences ethniques, sociales et religieuses. Nous pensons que parmi les plus pertinentes, il y a l&rsquo;attention constante et l&rsquo;ouverture \u00e0 la nouveaut\u00e9, la capacit\u00e9 et la disposition \u00e0 habiter le conflit, la recherche de ce qui unit, l&rsquo;aptitude consistant \u00e0 mesurer les \u00e9v\u00e9nements \u00e0 l&rsquo;aune de l&rsquo;unit\u00e9 des oppos\u00e9s. Ces dimensions profond\u00e9ment humaines, qui doivent \u00eatre consid\u00e9r\u00e9es comme des structures de soutien de l&rsquo;\u00e8re nouvelle dans laquelle nous sommes d\u00e9j\u00e0 entr\u00e9s, ouvrent les possibilit\u00e9s de confrontation, de rencontre et de dialogue qui animent le projet\u00a0\u00bb.  Le congr\u00e8s, diffus\u00e9 en direct sur le web avec des traductions en quatre langues (et d\u00e9j\u00e0 disponibles sur <a href=\"https:\/\/www.youtube.com\/watch?v=hePSudSFdbo\" target=\"_blank\" rel=\"noopener\"><u>Youtube<\/u><\/a>), a \u00e9galement \u00e9t\u00e9 l&rsquo;occasion de pr\u00e9senter la premi\u00e8re \u00e9dition critique des <em><u>M\u00e9ditations<\/u><\/em> de Chiara Lubich, \u00e9dit\u00e9e par <strong>Maria Caterina Atzori. <\/strong>Depuis sa premi\u00e8re publication en 1959, cet \u00e9crit\u00a0 a \u00e9t\u00e9 traduit en 28 langues et imprim\u00e9 \u00e0 plus d&rsquo;un million d&rsquo;exemplaires, indiquant \u00e0 l&rsquo;homme contemporain le chemin de l&rsquo;unit\u00e9 pour r\u00e9aliser sur terre le testament de J\u00e9sus : \u00ab\u00a0Que tous soient un\u00a0\u00bb. En \u00ab\u00a0corollaire\u00a0\u00bb au Congr\u00e8s, le lundi 22 f\u00e9vrier, a eu lieu la c\u00e9r\u00e9monie de cl\u00f4ture du concours national italien \u00ab\u00a0Une ville ne suffit pas\u00bb. Chiara Lubich citoyenne du monde\u00a0\u00bb, d\u00e9di\u00e9e au monde de l&rsquo;\u00e9ducation, qui a enregistr\u00e9 la participation de nombreuses \u00e9coles secondaires du premier et du deuxi\u00e8me degr\u00e9 (<u> le scuole vincitrici\u00a0<\/u>; les \u00e9coles gagnantes). <\/p>\n<p style=\"text-align: right;\"><em>Maurizio Gentilini<\/em><\/p>\n<p style=\"text-align: left;\"><em>Photo de Thomas Klann<\/em><\/p>\n","protected":false},"excerpt":{"rendered":"<p>La conf\u00e9rence sur la figure charismatique de Chiara Lubich qui a su regarder le nouveau mill\u00e9naire et le changement d&rsquo;\u00e9poque en cours, en proposant l&rsquo;id\u00e9al de la fraternit\u00e9 universelle.<\/p>\n","protected":false},"author":33,"featured_media":0,"comment_status":"open","ping_status":"open","sticky":false,"template":"","format":"standard","meta":{"give_campaign_id":0,"_seopress_robots_primary_cat":"","_seopress_titles_title":"","_seopress_titles_desc":"","_seopress_robots_index":"","_et_pb_use_builder":"","_et_pb_old_content":"","_et_gb_content_width":"","footnotes":""},"categories":[47],"tags":[],"class_list":["post-314646","post","type-post","status-publish","format-standard","hentry","category-non-classifiee"],"_links":{"self":[{"href":"https:\/\/www.focolare.org\/fr\/wp-json\/wp\/v2\/posts\/314646","targetHints":{"allow":["GET"]}}],"collection":[{"href":"https:\/\/www.focolare.org\/fr\/wp-json\/wp\/v2\/posts"}],"about":[{"href":"https:\/\/www.focolare.org\/fr\/wp-json\/wp\/v2\/types\/post"}],"author":[{"embeddable":true,"href":"https:\/\/www.focolare.org\/fr\/wp-json\/wp\/v2\/users\/33"}],"replies":[{"embeddable":true,"href":"https:\/\/www.focolare.org\/fr\/wp-json\/wp\/v2\/comments?post=314646"}],"version-history":[{"count":0,"href":"https:\/\/www.focolare.org\/fr\/wp-json\/wp\/v2\/posts\/314646\/revisions"}],"wp:attachment":[{"href":"https:\/\/www.focolare.org\/fr\/wp-json\/wp\/v2\/media?parent=314646"}],"wp:term":[{"taxonomy":"category","embeddable":true,"href":"https:\/\/www.focolare.org\/fr\/wp-json\/wp\/v2\/categories?post=314646"},{"taxonomy":"post_tag","embeddable":true,"href":"https:\/\/www.focolare.org\/fr\/wp-json\/wp\/v2\/tags?post=314646"}],"curies":[{"name":"wp","href":"https:\/\/api.w.org\/{rel}","templated":true}]}}