{"id":314734,"date":"2021-05-18T09:33:50","date_gmt":"2021-05-18T07:33:50","guid":{"rendered":"https:\/\/www.focolare.org\/campagne-mondiale-a-vaccine-for-all-un-vaccin-pour-tous\/"},"modified":"2024-05-15T21:01:48","modified_gmt":"2024-05-15T19:01:48","slug":"campagne-mondiale-a-vaccine-for-all-un-vaccin-pour-tous","status":"publish","type":"post","link":"https:\/\/www.focolare.org\/fr\/campagne-mondiale-a-vaccine-for-all-un-vaccin-pour-tous\/","title":{"rendered":"Campagne mondiale \u00ab A Vaccine for all \u2013 Un vaccin pour tous \u00bb"},"content":{"rendered":"<p><em>Le coup d\u2019envoi de la campagne \u00ab Un vaccin pour tous \u00bb, visant \u00e0 promouvoir l&rsquo;acc\u00e8s de tous aux vaccins contre le Covid-19, sera donn\u00e9 le 20 mai. En son c\u0153ur, une action concr\u00e8te de soutien socio-sanitaire aux populations indig\u00e8nes d&rsquo;Amazonie. Un r\u00e9seau international d&rsquo;organisations de diff\u00e9rentes cultures et religions porte ce projet.<\/em>  Un mal mondial ne peut \u00eatre vaincu que par un bien commun mondial : <strong>que la vaccination contre le Covid-19 soit accessible \u00e0 tous, en donnant la priorit\u00e9 aux plus vuln\u00e9rables et aux plus d\u00e9munis <\/strong>de la plan\u00e8te, ind\u00e9pendamment de leur revenu individuel et national. La d\u00e9cision de la communaut\u00e9 internationale est urgente : suspension des brevets des entreprises pharmaceutiques ou contrats pr\u00e9voyant des quantit\u00e9s et des prix plus g\u00e9n\u00e9reux pour les pays pauvres ou \u00e9mergents.  Alors que nous demandons des solutions justes et rapides, nous nous mobilisons <strong>pour une campagne \u00a0sanitaire \u00a0dans \u00a0la \u00a0r\u00e9gion \u00a0amazonienne \u00a0du \u00a0Par\u00e1 \u00a0(Br\u00e9sil), \u00a0<\/strong>avec \u00a0le \u00a0projet <em>\u00ab bateau-h\u00f4pital \u2018Pape Fran\u00e7ois\u2019 \u00bb <\/em>en faveur des \u00ab\u00a0<em>ribeirinhos<\/em>\u00ab\u00a0, des populations qui ne peuvent rejoindre les lieux de soins et ont ainsi droit \u00e0 une assistance socio-sanitaire.  Cette action est au c\u0153ur du <a href=\"http:\/\/www.unitedworldproject.org\/fr\/vaccineforall\/\" target=\"_blank\" rel=\"noopener\">Manifeste<\/a> qui explique l&rsquo;engagement de la campagne mondiale <a href=\"https:\/\/www.avaccineforall.org\/en\/\" target=\"_blank\" rel=\"noopener\"><strong>\u00ab <\/strong><\/a><em><strong>Un vaccin pour tous \u00bb<\/strong>, <\/em>lanc\u00e9e le 20 mai, \u00e0 la veille du <em>Sommet Mondial du G20 sur la Sant\u00e9<\/em>, pr\u00e9sid\u00e9 par l\u2019Italie.  Elle est\u00a0 soutenue par un partenariat international et transversal de mouvements, organisations et centres de recherche, qui se d\u00e9ploie en ce moment.  <strong>Internationaliser<\/strong> <strong>les vaccins <\/strong>&#8211; La pand\u00e9mie de Covid-19 confirme une fois de plus \u00e0 quel point les peuples de la terre sont interconnect\u00e9s et combien tout choix local a des r\u00e9percussions mondiales. La campagne <strong><em>\u00ab Un vaccin pour tous <\/em><\/strong>\u00bb promeut des actions proactives en faveur des\u00a0 nations exclues\u00a0 de toute forme de traitement ; elle incite les gouvernements \u00e0 pratiquer l&rsquo;internationalisme des vaccins, soit tout le contraire d\u2019un nationalisme ferm\u00e9, qui ne pourra jamais venir \u00e0 bout du virus. L&rsquo;objectif est que <strong>chaque habitant de la Terre ait acc\u00e8s aux vaccins de mani\u00e8re universelle, \u00e9quitable, gratuite\u00a0<\/strong><strong>et<\/strong> <strong>rapide.<\/strong> <em>\u00ab Nous voulons que la capacit\u00e9 de production et de distribution des vaccins soit aussi d\u00e9velopp\u00e9e dans les pays pauvres <\/em>\u00bb, peut-on lire dans le Manifeste.  <strong>Pr\u00e9vention,<\/strong> <strong>vaccin<\/strong> <strong>et<\/strong> <strong>soins<\/strong> <strong>pour<\/strong> <strong>les \u2018<em>\u2019ribeirinhos\u2019<\/em>\u2019 d\u2019Amazonie \u2013 Le <em>\u00ab bateau-h\u00f4pital \u2018Pape Fran\u00e7ois\u2019 \u00bb &#8211; <\/em><\/strong>La pand\u00e9mie de Covid-19 a rendu encore plus vuln\u00e9rables des communaut\u00e9s et des populations qui \u00e9taient d\u00e9j\u00e0 auparavant exclues de l&rsquo;assistance de sant\u00e9 publique et vivaient dans l&rsquo;isolement. <strong>Dans<\/strong> <strong>la ville d&rsquo;\u00d3bidos (r\u00e9gion amazonienne du Par\u00e1 &#8211; Br\u00e9sil) est entr\u00e9 en fonction depuis ao\u00fbt 2019 l&rsquo;h\u00f4pital fluvial <em>\u00ab bateau- h\u00f4pital \u2018Pape Fran\u00e7ois\u2019 \u00bb, <\/em><\/strong>qui dessert plus de 1000 communaut\u00e9s le long du fleuve Amazone. Cette embarcation garantit une assistance sanitaire \u00e0 environ 700 000 personnes qui n&rsquo;ont pas acc\u00e8s \u00e0 d&rsquo;autres formes de soins et ne sont pas en mesure de se rendre dans les h\u00f4pitaux.  <strong>Seule<\/strong> <strong>une<\/strong> <strong>campagne<\/strong> <strong>mondiale<\/strong> <strong>de<\/strong> <strong>dons<\/strong> peut permettre au <em>\u00ab bateau-h\u00f4pital \u2018Pape Fran\u00e7ois\u2019 \u00bb <\/em>d\u2019atteindre les communaut\u00e9s les plus isol\u00e9es avec <strong>des<\/strong> <strong>vaccins,<\/strong> <strong>des<\/strong> <strong>kits<\/strong> <strong>Covid<\/strong> <strong>pour<\/strong> <strong>l&rsquo;hygi\u00e8ne<\/strong> <strong>et<\/strong> <strong>la pr\u00e9vention du virus, du mat\u00e9riel de protection et d&rsquo;assistance pendant et apr\u00e8s la maladie, ainsi que des aides alimentaires de base.<\/strong>  <strong>Organisateurs<\/strong> <strong>de<\/strong> <strong>la campagne : <\/strong>Mouvement des Focolari ; <em>AMU <\/em>(Action Monde Uni Onlus) ; <em>Associa\u00e7\u00e3o Lar S\u00e3o Francisco de Assisna Providencia de Deus <\/em>(Br\u00e9sil) ; New Humanity International NGO; Economy of Francesco; Comunit\u00e0 di Sant\u2019Egidio; UCOII &#8211; Unione Comunit\u00e0 Islamiche d\u2019Italia; RETINOPERA (Italia) &#8211; Programa Latinoamericano de Tierras, hacia una fraternidad posible &#8211; Red Latinoamericana y Caribe\u00f1a de Tierras; C\u00e1tedra \u00ab\u00a0Sociedad, Pol\u00edtica, Fraternidad\u00a0\u00bb- Universidad Nacional de La Plata (Argentina); ASCES-UNITA Centro Universit\u00e1rio Tabosa de Almeida. Caruar\u00fa (Pernambuco \u2013 Brasile); RUEF (Rete universitaria per lo studio della fraternit\u00e0); Promoci\u00f3n Integral de la Persona para una Sociedad Fraterna (Messico) &#8211; #FareRete Grottaferrata (Italia); ASD Sunrise 1 Roma (Italia); Centro di Cultura per lo Sviluppo \u201cG. Lazzati\u201d (Italia); Nuovi Orizzonti (Italia); CLAdeES (Centro Latinoamericano de Evangelizaci\u00f3n Social); FOCSIV (Italia); Associazione AFN onlus; Fundacion Igino Giordani (Spagna);\u00a0 Accademia Kronos (Italia); ACLF &#8211; Aljucer, (Spagna); Asociaci\u00f3n Humanidad Nueva (Spagna); Asociaci\u00f3n por una Econom\u00eda de Comuni\u00f3n (Spagna); Accademia Kronos (Italia); Asociaci\u00f3n \u00ab\u00a0Unidad y Fraternidad\u00a0\u00bb Caravaca de la Cruz (Spagna); Asociaci\u00f3n \u00ab\u00a0Lev\u00e1ntate y Anda\u00a0\u00bb (Spagna); Religion for peace &#8211; Italia; Acciones de Familias Nuevas (Spagna); Ciudades por la Fraternidad (Spagna); Gen Verde-International performing arts group; CONSULUS (Global Innovation Consultancy); Istituto Universitario Sophia (Italia); Associazione Citt\u00e0 per la Fraternit\u00e0 (Italia); Suore Missionarie di San Carlo Borromeo &#8211; Scalabriniane \u00ab\u00a0Provincia Europea\u201d (Italia);\u00a0 \u00a0(Italia); Associazione Vivamazzonia O.D.V. (Italia); Gen Rosso-International performing arts group (Italia); SHANTI ASHRAM &#8211; Gandhian center for development, learning and collaboration &#8211; International Center for Child and Public Health &#8211; Coimbatore (Tamil Nadu &#8211; India); Sermig \u2013 Fraternit\u00e0 della speranza (Italia); Consorzio Il Picchio (Italia).  <em>(d\u2019autres<\/em> <em>adh\u00e9sions sont<\/em><em> en train d\u2019arriver en ce moment)<\/em>  <em>\u00a0<\/em>  CONF\u00c9RENCE DE PRESSE  <strong><em>Conf\u00e9rence<\/em><\/strong> <strong><em>de presse<\/em><\/strong> <strong><em>de<\/em><\/strong> <strong><em>pr\u00e9sentation<\/em><\/strong> <strong><em>en ligne : jeudi 20 mai 2021 \u00e0 13h00<\/em><\/strong>  <strong><em>Intervenants<\/em><\/strong> <strong><em>: <\/em><\/strong>Alessandra Smerilli, Sous-secr\u00e9taire du Dicast\u00e8re pour le service du d\u00e9veloppement humain int\u00e9gral, coordonne le groupe de travail \u00c9conomie de la Commission COVID-19 du Vatican ; Yassine Lafram, Pr\u00e9sident de l\u2019Union des Communaut\u00e9s musulmanes d\u2019Italie ; Mario Bruno (Italie), Pr\u00e9sident du Mouvement politique pour l\u2019unit\u00e9 ; Conleth Burns (Irlande) et Klara Piedade (Br\u00e9sil), Jeunes pour un Monde Uni du Mouvement des Focolari ; Gianfranco Cattai, Coordinateur de Retinopera (Italie) ; Stefano Comazzi, Pr\u00e9sident \u00a0de \u00a0l\u2019ONG \u00a0Action \u00a0Monde Uni \u00a0(Italie) ; \u00a0Edson Galego, \u00a0op\u00e9rateur \u00a0sanitaire \u00a0du <em>\u00ab bateau-h\u00f4pital \u2018Pape Fran\u00e7ois\u2019 \u00bb.<\/em>  Mod\u00e9ratrice : Lourdes H\u00e8rcules (Guatemala).  <strong><em>Pour<\/em><\/strong> <strong><em>se<\/em><\/strong><strong><em> connecter :<\/em><\/strong>  IT &#8211; Conferenza Stampa: Vaccino per Tutti &#8211; <a href=\"https:\/\/youtu.be\/Ts13kYFpqfw\">https:\/\/youtu.be\/Ts13kYFpqfw<\/a> EN &#8211;\u00a0Press Conference: A Vaccine for All &#8211; <a href=\"https:\/\/youtu.be\/rZzHFqJHhvY\">https:\/\/youtu.be\/rZzHFqJHhvY<\/a> ES &#8211;\u00a0Rueda de Prensa: Vacuna para Todos &#8211; <a href=\"https:\/\/youtu.be\/tpSzwt6hVtU\">https:\/\/youtu.be\/tpSzwt6hVtU<\/a> PT &#8211; Confer\u00eancia de Imprensa: Vacina para Todos &#8211; <a href=\"https:\/\/youtu.be\/LLfCHVFl0Ow\">https:\/\/youtu.be\/LLfCHVFl0Ow<\/a> FR &#8211;\u00a0Conf\u00e9rence de Presse: Vaccin pour Tous &#8211; <a href=\"https:\/\/youtu.be\/4FlvJlYTJeQ\">https:\/\/youtu.be\/4FlvJlYTJeQ<\/a><\/p>\n","protected":false},"excerpt":{"rendered":"<p>Le coup d\u2019envoi de la campagne \u00ab Un vaccin pour tous \u00bb, visant \u00e0 promouvoir l&rsquo;acc\u00e8s de tous aux vaccins contre le Covid-19, sera donn\u00e9 le 20 mai. En son c\u0153ur, une action concr\u00e8te de soutien socio-sanitaire aux populations indig\u00e8nes d&rsquo;Amazonie. Un r\u00e9seau international d&rsquo;organisations de diff\u00e9rentes cultures et religions porte ce projet.<\/p>\n","protected":false},"author":33,"featured_media":0,"comment_status":"open","ping_status":"open","sticky":false,"template":"","format":"standard","meta":{"give_campaign_id":0,"_seopress_robots_primary_cat":"","_seopress_titles_title":"","_seopress_titles_desc":"","_seopress_robots_index":"","_et_pb_use_builder":"","_et_pb_old_content":"","_et_gb_content_width":"","footnotes":""},"categories":[47],"tags":[],"class_list":["post-314734","post","type-post","status-publish","format-standard","hentry","category-non-classifiee"],"_links":{"self":[{"href":"https:\/\/www.focolare.org\/fr\/wp-json\/wp\/v2\/posts\/314734","targetHints":{"allow":["GET"]}}],"collection":[{"href":"https:\/\/www.focolare.org\/fr\/wp-json\/wp\/v2\/posts"}],"about":[{"href":"https:\/\/www.focolare.org\/fr\/wp-json\/wp\/v2\/types\/post"}],"author":[{"embeddable":true,"href":"https:\/\/www.focolare.org\/fr\/wp-json\/wp\/v2\/users\/33"}],"replies":[{"embeddable":true,"href":"https:\/\/www.focolare.org\/fr\/wp-json\/wp\/v2\/comments?post=314734"}],"version-history":[{"count":0,"href":"https:\/\/www.focolare.org\/fr\/wp-json\/wp\/v2\/posts\/314734\/revisions"}],"wp:attachment":[{"href":"https:\/\/www.focolare.org\/fr\/wp-json\/wp\/v2\/media?parent=314734"}],"wp:term":[{"taxonomy":"category","embeddable":true,"href":"https:\/\/www.focolare.org\/fr\/wp-json\/wp\/v2\/categories?post=314734"},{"taxonomy":"post_tag","embeddable":true,"href":"https:\/\/www.focolare.org\/fr\/wp-json\/wp\/v2\/tags?post=314734"}],"curies":[{"name":"wp","href":"https:\/\/api.w.org\/{rel}","templated":true}]}}