{"id":314744,"date":"2021-05-25T09:30:06","date_gmt":"2021-05-25T07:30:06","guid":{"rendered":"https:\/\/www.focolare.org\/trois-visionnaires-de-lunite\/"},"modified":"2024-05-15T21:01:50","modified_gmt":"2024-05-15T19:01:50","slug":"trois-visionnaires-de-lunite","status":"publish","type":"post","link":"https:\/\/www.focolare.org\/fr\/trois-visionnaires-de-lunite\/","title":{"rendered":"Trois \u00ab\u00a0visionnaires\u00a0\u00bb de l&rsquo;unit\u00e9"},"content":{"rendered":"<p><em>Dans son message aux participants de la Chaire \u0152cum\u00e9nique Internationale Patriarche Ath\u00e9nagoras-Chiara Lubich, le Patriarche \u0152cum\u00e9nique de Constantinople Bartholom\u00e9e Ier d\u00e9finit ainsi le pape Paul VI, le patriarche Ath\u00e9nagoras et Chiara Lubich, les protagonistes de cette troisi\u00e8me \u00e9dition, organis\u00e9e en synergie entre l&rsquo;Institut universitaire Sophia et le Patriarcat \u0152cum\u00e9nique de Constantinople les 25 et 26 mai. <\/em> <img alt=\"\" alt=\"\" loading=\"lazy\" decoding=\"async\" class=\" wp-image-242227 alignright\" src=\"https:\/\/www.focolare.org\/wp-content\/uploads\/2021\/05\/IMG_2373-603x340.jpg\" alt=\"\" width=\"489\" height=\"276\" \/>\u00ab Le pape Paul VI, le Patriarche Ath\u00e9nagoras, Chiara Lubich &#8211; Proph\u00e9tie de l&rsquo;unit\u00e9 entre les \u00c9glises s\u0153urs \u00bb. Tel est le titre de la troisi\u00e8me chaire \u0152cum\u00e9nique internationale <strong>\u00a0<\/strong>cr\u00e9\u00e9e par l&rsquo;Institut universitaire Sophia en synergie avec le Patriarcat \u0152cum\u00e9nique de Constantinople, d\u00e9di\u00e9e \u00e0 deux g\u00e9ants du dialogue entre les \u00ab\u00a0\u00c9glises s\u0153urs\u00a0\u00bb, tels que le patriarche \u0152cum\u00e9nique de Constantinople Ath\u00e9nagoras Ier et la fondatrice du Mouvement des Focolari, Chiara Lubich.  De nombreux orateurs interviendront, parmi lesquels Son \u00c9minence le M\u00e9tropolite Polycarpe, Archev\u00eaque Orthodoxe d&rsquo;Italie et Exarque d&rsquo;Europe du Sud, Son \u00c9minence le M\u00e9tropolite Maximos de Selvyria, Co -titulaire de la Chaire avec le professeur Piero Coda, th\u00e9ologien, le professeur Giuseppe Argiolas, recteur de l&rsquo;IUS, Don Giuliano Savina, directeur du Bureau National pour l\u2019\u0152cum\u00e9nisme et le Dialogue Interreligieux de la CEI, le prof. Augustinos Bairactaris, professeur de Dialogue \u0152cum\u00e9nique et de th\u00e9ologie orthodoxe \u00e0 l&rsquo;Acad\u00e9mie eccl\u00e9siastique de l&rsquo;Universit\u00e9 Patriarcale de Cr\u00e8te, le professeur Dimitrios Keramidas, professeur \u00e0 la facult\u00e9 de Missiologie de l&rsquo;Universit\u00e9 Gr\u00e9gorienne, le Dr Sandra Ferreira, codirectrice du Centre \u00ab\u00a0Uno\u00a0\u00bb pour l&rsquo;unit\u00e9 des chr\u00e9tiens du Mouvement des Focolari.  <strong><img alt=\"\" alt=\"\" loading=\"lazy\" decoding=\"async\" class=\"wp-image-242229 alignleft\" src=\"https:\/\/www.focolare.org\/wp-content\/uploads\/2021\/05\/IMG_2417-510x340.jpg\" alt=\"\" width=\"381\" height=\"254\" \/>En proposant l&rsquo;\u00e9tude de trois personnalit\u00e9s du plus haut profil \u0153cum\u00e9nique telles que le Pape Paul VI, le Patriarche Ath\u00e9nagoras Ier et Chiara Lubich<\/strong>, les promoteurs ont choisi de pr\u00e9senter une voie profonde et clairvoyante, mais peut-\u00eatre encore trop peu explor\u00e9e, comme celle qui r\u00e9unit le dialogue th\u00e9ologique et le \u00ab\u00a0dialogue de la vie\u00a0\u00bb que la\u00a0 fondatrice des Focolari a promu et encourag\u00e9. Le 25 juillet 1967, lors de l&rsquo;une des visites historiques de Paul VI \u00e0 Istanbul, au Fanar &#8211; la r\u00e9sidence historique des Patriarches de Constantinople &#8211; le Patriarche Ath\u00e9nagoras Ier a soulign\u00e9 que leur principal objectif, en tant que chefs de leurs \u00c9glises respectives, \u00e9tait \u00ab\u00a0d&rsquo;unir ce qui est divis\u00e9, par une action eccl\u00e9siastique mutuelle\u00a0, dans la mesure du possible, en affirmant les points communs de la foi et du gouvernement, orientant ainsi le dialogue th\u00e9ologique vers le d\u00e9but d&rsquo;une communaut\u00e9 saine, sur les fondements de la foi et de la libert\u00e9 de la pens\u00e9e th\u00e9ologique inspir\u00e9e par nos P\u00e8res communs et pr\u00e9sente dans les diff\u00e9rentes traditions locales\u00a0\u00bb<sup>1<\/sup>.  Il s&rsquo;agissait de rencontres d&rsquo;une importance capitale qui ont marqu\u00e9 un changement d&rsquo;\u00e9tape dans l&rsquo;histoire moderne du dialogue entre les deux \u00ab\u00a0\u00c9glises s\u0153urs\u00a0\u00bb. La premi\u00e8re rencontre entre Paul VI et Ath\u00e9nagoras Ier a eu lieu en 1964 <strong>; une rencontre qualifi\u00e9e de \u00ab\u00a0proph\u00e9tique\u00a0\u00bb par l&rsquo;actuel Patriarche \u0152cum\u00e9nique de Constantinople Bartholom\u00e9e Ier dans son message <\/strong>: \u00ab\u00a0Les deux Primats ont per\u00e7u que l&rsquo;Occident et l&rsquo;Orient ne pouvaient pas vivre dans l&rsquo;isolement et l&rsquo;autosuffisance, dans la mesure o\u00f9 cela \u00e9tait pr\u00e9judiciable \u00e0 l&rsquo;unit\u00e9 et \u00e0 la catholicit\u00e9 du Corps du Christ et qu&rsquo;un dialogue d&rsquo;amour et de v\u00e9rit\u00e9 pouvait conduire \u00e0 l&rsquo;unit\u00e9, fond\u00e9e sur la base solide du premier mill\u00e9naire\u00a0\u00bb. Des paroles extr\u00eamement actuelles, qui offrent une indication claire et un horizon aussi pour ce que l&rsquo;humanit\u00e9 vit en ce moment divis\u00e9e par une pand\u00e9mie mondiale et la r\u00e9activation de conflits dans de nombreuses parties du globe : seuls le dialogue et un chemin commun o\u00f9 tout est partag\u00e9 sauveront l&rsquo;humanit\u00e9. Bartholom\u00e9e Ier fait preuve d&rsquo;une grande audace dans son discours et reprend une expression du th\u00e9ologien Florovsky qui d\u00e9finit les deux \u00c9glises d&rsquo;Occident et d&rsquo;Orient comme des &lsquo;s\u0153urs siamoises&rsquo; qui ne peuvent se s\u00e9parer l&rsquo;une de l&rsquo;autre\u00a0\u00bb.  \u00ab\u00a0Ce congr\u00e8s de deux jours, poursuit Bartholom\u00e9e Ier dans son message, est un rappel et un renouvellement de l&rsquo;appel \u00e0 ce chemin b\u00e9ni, trac\u00e9 par le Pape Paul VI et le Patriarche Ath\u00e9nagoras. Chiara Lubich a soutenu ce chemin avec sa sensibilit\u00e9, son imm\u00e9diatet\u00e9 dans la communication et la certitude que le dynamisme des relations entre les deux \u00c9glises, cr\u00e9\u00e9 par l&rsquo;\u00e9treinte des deux Primats \u00e0 J\u00e9rusalem, qui a bris\u00e9 le mur mill\u00e9naire entre Rome et Constantinople, ne doit pas \u00eatre affaibli\u00a0\u00bb.  <strong>Margaret Karram, pr\u00e9sidente du Mouvement des Focolari<\/strong>, lui a fait \u00e9cho en d\u00e9finissant Chiara Lubich, <strong>dans son salut d&rsquo;ouverture<\/strong>, comme \u00ab\u00a0un pont \u00e9vang\u00e9lique entre deux g\u00e9ants de la proph\u00e9tie de l&rsquo;unit\u00e9\u00a0\u00bb. \u00ab\u00a0Le souhait que je formule est que la Chaire \u0152cum\u00e9nique puisse continuer, avec toute l&rsquo;\u0152uvre de Marie, \u00e0 servir de pont avec amour, par la connaissance et l&rsquo;\u00e9tude mutuelles, entre nos deux \u00c9glises s\u0153urs, en cheminant ensemble dans la lumi\u00e8re de J\u00e9sus, Chemin, V\u00e9rit\u00e9 et Vie (cf. Jn 14, 6)\u00a0\u00bb.  <strong>Piero Coda, a expliqu\u00e9 la haute signification et la n\u00e9cessit\u00e9 de maintenir l&rsquo;expression \u00ab\u00a0\u00c9glises s\u0153urs\u00a0\u00bb<\/strong> car &#8211; a-t-il pr\u00e9cis\u00e9 &#8211; \u00ab\u00a0cela signifie reconna\u00eetre l&rsquo;\u00e9gale dignit\u00e9 de deux grandes traditions de familles eccl\u00e9siales\u00a0\u00bb. Et, rappelant l&rsquo;expression du Pape Fran\u00e7ois qui convient que \u00ab\u00a0L&rsquo;unit\u00e9 est un chemin\u00a0\u00bb <sup>2<\/sup>, il propose un horizon de dialogue entre les \u00e9glises chr\u00e9tiennes qui red\u00e9couvre dans l&rsquo;amour, le moteur de l&rsquo;unit\u00e9 : \u00ab\u00a0Il ne suffit pas de d\u00e9couvrir le pr\u00e9cieux tr\u00e9sor qui peut \u00eatre enfoui dans le champ conflictuel des interpr\u00e9tations. Il ne suffit pas non plus de viser simplement une \u00ab\u00a0diversit\u00e9 r\u00e9concili\u00e9e\u00a0\u00bb comme la reconnaissance mutuelle des diversit\u00e9s mises c\u00f4te \u00e0 c\u00f4te. Non : il faut saisir &#8211; l\u00e0 o\u00f9 elle est pr\u00e9sente &#8211; la s\u00e8ve de l&rsquo;Esprit Saint qui coule, fleurit et porte du fruit dans les diff\u00e9rentes branches de l&rsquo;unique vigne qu&rsquo;est le Christ, et dont le P\u00e8re est le vigneron diligent et riche en mis\u00e9ricorde (cf. Jn 15). Marchez donc ensemble, comme Peuple du Ressuscit\u00e9 : l\u00e0 o\u00f9 il y a la division, il y a encore la mort ; l\u00e0 o\u00f9 il y a l&rsquo;amour, parmi les disciples de J\u00e9sus, il y a le Ressuscit\u00e9 et, en Lui, il y a d\u00e9j\u00e0 l&rsquo;unit\u00e9 avec et en Dieu, au service de tous\u00a0\u00bb. <\/p>\n<p style=\"text-align: right;\"><em>Stefania Tanesini<\/em><\/p>\n<p> Le texte du message du Patriarche \u0152cum\u00e9nique de Constantinople Bartholom\u00e9e Ier en format<a href=\"https:\/\/www.focolare.org\/wp-content\/uploads\/2021\/05\/S.S.Patriarca.Bartolomeo_saluto.2021-FR.pdf\" target=\"_blank\" rel=\"noopener\"> PDF<\/a> Le message de la pr\u00e9sidente du Mouvement des Focolari, Margaret Karram, en <a href=\"https:\/\/www.focolare.org\/wp-content\/uploads\/2021\/05\/UCF-00-20210521-SALUTO-Margaret-Karram-Cattedra-Patriarca-Athenagoras-Chiara-Lubich_FR.pdf\" target=\"_blank\" rel=\"noopener\">PDF<\/a> Le programme de la conf\u00e9rence en<a href=\"https:\/\/www.focolare.org\/wp-content\/uploads\/2021\/05\/invito-60_Centro-Uno_FR.pdf\" target=\"_blank\" rel=\"noopener\"> PDF<\/a>  &nbsp;  &#8212;&#8212;&#8212;&#8212;&#8212;&#8212;&#8212;&#8212;&#8212;&#8212;&#8212;-  1 De l\u2019intervention de Bartholom\u00e9e I, Patriarche \u0152cum\u00e9nique de Constantinopole \u00ab\u00a0Unir ce qui est divis\u00e9\u00a0\u00bb \u2013 24 luglio 1917 <a href=\"http:\/\/www.vatican.va\/content\/osservatore-romano\/it\/comments\/2017\/documents\/piccoli-passi-ma-balzi-da-gigante.html\">http:\/\/www.vatican.va\/content\/osservatore-romano\/it\/comments\/2017\/documents\/piccoli-passi-ma-balzi-da-gigante.html<\/a>  2 <em>Pri\u00e8re \u0152cum\u00e9nique commune dans la cath\u00e9drale luth\u00e9rienne de Lund (Su\u00e8de), Hom\u00e9lie du Saint P\u00e8re Fran\u00e7ois <\/em><a href=\"https:\/\/www.vatican.va\/content\/francesco\/it\/homilies\/2016\/documents\/papa-francesco_20161031_omelia-svezia-lund.html\">https:\/\/www.vatican.va\/content\/francesco\/it\/homilies\/2016\/documents\/papa-francesco_20161031_omelia-svezia-lund.html<\/a>  &nbsp;<\/p>\n","protected":false},"excerpt":{"rendered":"<p>Dans son message aux participants de la Chaire \u0152cum\u00e9nique Internationale Patriarche Ath\u00e9nagoras-Chiara Lubich, le Patriarche \u0152cum\u00e9nique de Constantinople Bartholom\u00e9e Ier d\u00e9finit ainsi le pape Paul VI, le patriarche Ath\u00e9nagoras et Chiara Lubich, les protagonistes de cette troisi\u00e8me \u00e9dition, organis\u00e9e en synergie entre l&rsquo;Institut universitaire Sophia et le Patriarcat \u0152cum\u00e9nique de Constantinople les 25 et 26 mai.<\/p>\n","protected":false},"author":33,"featured_media":0,"comment_status":"open","ping_status":"open","sticky":false,"template":"","format":"standard","meta":{"give_campaign_id":0,"_seopress_robots_primary_cat":"","_seopress_titles_title":"","_seopress_titles_desc":"","_seopress_robots_index":"","_et_pb_use_builder":"","_et_pb_old_content":"","_et_gb_content_width":"","footnotes":""},"categories":[47],"tags":[],"class_list":["post-314744","post","type-post","status-publish","format-standard","hentry","category-non-classifiee"],"_links":{"self":[{"href":"https:\/\/www.focolare.org\/fr\/wp-json\/wp\/v2\/posts\/314744","targetHints":{"allow":["GET"]}}],"collection":[{"href":"https:\/\/www.focolare.org\/fr\/wp-json\/wp\/v2\/posts"}],"about":[{"href":"https:\/\/www.focolare.org\/fr\/wp-json\/wp\/v2\/types\/post"}],"author":[{"embeddable":true,"href":"https:\/\/www.focolare.org\/fr\/wp-json\/wp\/v2\/users\/33"}],"replies":[{"embeddable":true,"href":"https:\/\/www.focolare.org\/fr\/wp-json\/wp\/v2\/comments?post=314744"}],"version-history":[{"count":0,"href":"https:\/\/www.focolare.org\/fr\/wp-json\/wp\/v2\/posts\/314744\/revisions"}],"wp:attachment":[{"href":"https:\/\/www.focolare.org\/fr\/wp-json\/wp\/v2\/media?parent=314744"}],"wp:term":[{"taxonomy":"category","embeddable":true,"href":"https:\/\/www.focolare.org\/fr\/wp-json\/wp\/v2\/categories?post=314744"},{"taxonomy":"post_tag","embeddable":true,"href":"https:\/\/www.focolare.org\/fr\/wp-json\/wp\/v2\/tags?post=314744"}],"curies":[{"name":"wp","href":"https:\/\/api.w.org\/{rel}","templated":true}]}}