{"id":314746,"date":"2021-05-26T01:00:35","date_gmt":"2021-05-25T23:00:35","guid":{"rendered":"https:\/\/www.focolare.org\/lunite-des-chretiens-aujourdhui-aimez-vous-les-uns-les-autres-comme-je-vous-ai-aimes\/"},"modified":"2024-05-15T21:01:50","modified_gmt":"2024-05-15T19:01:50","slug":"lunite-des-chretiens-aujourdhui-aimez-vous-les-uns-les-autres-comme-je-vous-ai-aimes","status":"publish","type":"post","link":"https:\/\/www.focolare.org\/fr\/lunite-des-chretiens-aujourdhui-aimez-vous-les-uns-les-autres-comme-je-vous-ai-aimes\/","title":{"rendered":"L\u2019unit\u00e9 des chr\u00e9tiens aujourd&rsquo;hui : \u00ab aimez-vous les uns les autres comme je vous ai aim\u00e9s \u00bb."},"content":{"rendered":"<p><em>Congr\u00e8s international en ligne les 28-29 mai 2021 de 13h30 \u00e0 17h (heure italienne)<\/em>  <em>60 ans de dialogue entre fid\u00e8les de nombreuses \u00c9glises : une contribution du mouvement des Focolari \u00e0 l&rsquo;unit\u00e9 des chr\u00e9tiens qui g\u00e9n\u00e8re accueil, justice et paix entre les communaut\u00e9s et les peuples. Lors du congr\u00e8s, nous approfondirons le \u00ab\u00a0dialogue de vie\u00a0\u00bb qui na\u00eet de la proximit\u00e9 et du partage entre chr\u00e9tiens de diff\u00e9rentes \u00c9glises.<\/em>  <strong>Parmi les intervenants, citons :<\/strong> <strong>Card. Kurt Koch, <\/strong>Pr\u00e9sident du Conseil pontifical pour la promotion de l&rsquo;unit\u00e9 des chr\u00e9tiens (Vatican) <strong>Margaret Karram, <\/strong>Pr\u00e9sidente du mouvement des Focolari <strong>Ioan Sauca, <\/strong>Secr\u00e9taire g\u00e9n\u00e9ral ad int\u00e9rim du Conseil \u0152cum\u00e9nique des Eglises (Suisse) ; <strong>Piero Coda, <\/strong>Institut Universitaire Sophia (Italie) <strong>Stefan Tobler, <\/strong>Universit\u00e9 de Sibiu (Roumanie) <strong>Prof. Dr. Mervat Kelly, <\/strong>Universit\u00e9 Pontificale du Latran (Italie) <strong>Mgr Juan Usma, <\/strong>Conseil Pontifical pour la promotion de l&rsquo;unit\u00e9 des chr\u00e9tiens (Vatican) <strong>Pasteur Giovanni Traettino, <\/strong>Fondateur de l&rsquo;\u00c9glise \u00c9vang\u00e9lique de la R\u00e9conciliation (Italie) <strong>Pasteur Joe Tosini, <\/strong>Fondateur du Mouvement John 17 (USA) <strong>R\u00e9v\u00e9rend Dr. Jes\u00fas Moran, <\/strong>Copr\u00e9sident du mouvement des Focolari  \u00ab\u00a0En se concentrant sur la spiritualit\u00e9 de l&rsquo;unit\u00e9, Chiara Lubich a eu un impact profond sur le mouvement \u0153cum\u00e9nique et a contribu\u00e9 de mani\u00e8re significative \u00e0 nourrir des relations authentiques entre les \u00c9glises et diff\u00e9rentes traditions chr\u00e9tiennes\u00a0\u00bb. Ce sont les mots d&rsquo;Olaf Fykse Tveit, ancien Secr\u00e9taire G\u00e9n\u00e9ral du Conseil \u0152cum\u00e9nique des \u00c9glises. Des milliers de chr\u00e9tiens se reconnaissent dans le charisme de Chiara Lubich et dans la primaut\u00e9 de la parole \u00e9vang\u00e9lique dans laquelle J\u00e9sus prie le P\u00e8re : \u00ab\u00a0Que tous soient un\u00a0\u00bb (cf. Jn 17, 21). \u00ab\u00a0Unit\u00e9\u00a0\u00bb est le mot cl\u00e9 du charisme des Focolari et aussi du chemin de dialogue en cours ; un chemin qui n&rsquo;annule pas la diversit\u00e9 mais qui sait reconna\u00eetre pr\u00e9cis\u00e9ment l\u00e0 une richesse.  La conf\u00e9rence promue par les Focolari, intitul\u00e9e \u00ab\u00a0Aimez-vous les uns les autres comme je vous ai aim\u00e9s\u00a0\u00bb. (cf. Jn 15, 13) se d\u00e9roulera en ligne les 28 et 29 mai. Elle ne pouvait arriver \u00e0 un moment plus propice, alors que la r\u00e9surgence des guerres et des conflits &#8211; en plus du fl\u00e9au de l&rsquo;in\u00e9galit\u00e9 sociale aggrav\u00e9 par la pand\u00e9mie &#8211; exige une contribution personnelle et globale pour gu\u00e9rir les fractures et les blessures auxquelles l&rsquo;humanit\u00e9 est confront\u00e9e aujourd&rsquo;hui.  <strong>L&rsquo;objectif du congr\u00e8s est double :<\/strong> approfondir le \u00ab\u00a0dialogue de la vie\u00a0\u00bb &#8211; le point de vue extraordinaire \u00e0 partir duquel Chiara Lubich a commenc\u00e9 en 1961 \u00e0 parcourir un chemin de communion avec des chr\u00e9tiens de diff\u00e9rentes \u00c9glises &#8211; et l&rsquo;\u00e9change de \u00ab\u00a0dons spirituels\u00a0\u00bb.  Le \u00ab\u00a0<strong>dialogue de la vie\u00a0<\/strong>\u00bb ou \u00ab\u00a0dialogue du peuple\u00a0\u00bb, comme l&rsquo;a \u00e9galement d\u00e9fini Chiara Lubich, ne s&rsquo;oppose pas au dialogue des responsables des \u00c9glises, mais l&rsquo;accompagne et en t\u00e9moigne. Ce sont les chr\u00e9tiens eux-m\u00eames qui vivent, agissent et travaillent ensemble dans le quotidien et, plong\u00e9s dans les d\u00e9fis de l&rsquo;histoire, nourrissent un climat de confiance, d&rsquo;estime et de respect mutuels qui fait tomber les barri\u00e8res et les si\u00e8cles de pr\u00e9jug\u00e9s.  <strong>De nombreux t\u00e9moignages <\/strong>de ce dialogue enrichiront le congr\u00e8s, comme celui de Lina, catholique, et de Roberto, de l&rsquo;\u00c9glise pentec\u00f4tiste, tous deux originaires d&rsquo;Agrigente (Italie), engag\u00e9s dans un projet de solidarit\u00e9 commune envers leur ville, fond\u00e9 sur l&rsquo;\u00c9vangile, valorisant ce qui unit et non ce qui divise. Ceux de chr\u00e9tiens de nombreuses \u00c9glises aux Philippines qui collaborent pour rem\u00e9dier ensemble \u00e0 des situations d&rsquo;urgence et d\u00e9couvrent combien elles sont des occasions fructueuses pour marcher, travailler et prier ensemble.  Nicole appartient \u00e0 l&rsquo;\u00c9glise grecque-catholique, tandis que Garo est arm\u00e9nien orthodoxe ; ils sont libanais et collaborent avec la F\u00e9d\u00e9ration mondiale des \u00e9tudiants chr\u00e9tiens (WSCF) pr\u00e9sente dans tous les pays du Moyen-Orient. De leur participation na\u00eet un r\u00e9seau de relations qui cr\u00e9e la communion : \u00ab\u00a0et cela &#8211; expliquent Nicole et Garo &#8211; nous en avons tant besoin dans nos pays\u00a0\u00bb.  Le congr\u00e8s international a lieu \u00e0 l&rsquo;occasion du 60e anniversaire du Centre \u00ab\u00a0Uno\u00a0\u00bb pour l&rsquo;unit\u00e9 des chr\u00e9tiens, le secr\u00e9tariat pour le dialogue entre les chr\u00e9tiens de diff\u00e9rentes \u00c9glises, fond\u00e9 par Chiara Lubich le 26 mai 1961.  Le congr\u00e8s aura lieu de 13h30 \u00e0 17h00 (heure italienne), et sera diffus\u00e9 depuis le Centre Mariapolis de Castel Gandolfo (Rome, Italie) et sera traduit en 20 langues.  Pour suivre l&rsquo;\u00e9v\u00e9nement: <a href=\"http:\/\/live.focolare.org\">http:\/\/live.focolare.org<\/a> <\/p>\n<pre id=\"tw-target-text\" class=\"tw-data-text tw-text-large XcVN5d tw-ta\" dir=\"ltr\" data-placeholder=\"Traduzione\">l'invitation <a href=\"https:\/\/www.focolare.org\/wp-content\/uploads\/2021\/05\/invito-60_Centro-Uno_FR.pdf\" target=\"_blank\" rel=\"noopener\">en PDF<\/a><\/pre>\n<p style=\"text-align: right;\"><em>Stefania Tanesini\u00a0<\/em><\/p>\n","protected":false},"excerpt":{"rendered":"<p>Congr\u00e8s international en ligne les 28-29 mai 2021 de 13h30 \u00e0 17h (heure italienne)<\/p>\n","protected":false},"author":33,"featured_media":0,"comment_status":"open","ping_status":"open","sticky":false,"template":"","format":"standard","meta":{"give_campaign_id":0,"_seopress_robots_primary_cat":"","_seopress_titles_title":"","_seopress_titles_desc":"","_seopress_robots_index":"","_et_pb_use_builder":"","_et_pb_old_content":"","_et_gb_content_width":"","footnotes":""},"categories":[47],"tags":[],"class_list":["post-314746","post","type-post","status-publish","format-standard","hentry","category-non-classifiee"],"_links":{"self":[{"href":"https:\/\/www.focolare.org\/fr\/wp-json\/wp\/v2\/posts\/314746","targetHints":{"allow":["GET"]}}],"collection":[{"href":"https:\/\/www.focolare.org\/fr\/wp-json\/wp\/v2\/posts"}],"about":[{"href":"https:\/\/www.focolare.org\/fr\/wp-json\/wp\/v2\/types\/post"}],"author":[{"embeddable":true,"href":"https:\/\/www.focolare.org\/fr\/wp-json\/wp\/v2\/users\/33"}],"replies":[{"embeddable":true,"href":"https:\/\/www.focolare.org\/fr\/wp-json\/wp\/v2\/comments?post=314746"}],"version-history":[{"count":0,"href":"https:\/\/www.focolare.org\/fr\/wp-json\/wp\/v2\/posts\/314746\/revisions"}],"wp:attachment":[{"href":"https:\/\/www.focolare.org\/fr\/wp-json\/wp\/v2\/media?parent=314746"}],"wp:term":[{"taxonomy":"category","embeddable":true,"href":"https:\/\/www.focolare.org\/fr\/wp-json\/wp\/v2\/categories?post=314746"},{"taxonomy":"post_tag","embeddable":true,"href":"https:\/\/www.focolare.org\/fr\/wp-json\/wp\/v2\/tags?post=314746"}],"curies":[{"name":"wp","href":"https:\/\/api.w.org\/{rel}","templated":true}]}}