{"id":314748,"date":"2021-05-27T01:00:21","date_gmt":"2021-05-26T23:00:21","guid":{"rendered":"https:\/\/www.focolare.org\/aujourdhui-plus-que-jamais-il-y-a-besoin-dune-economie-de-communion\/"},"modified":"2024-05-15T21:01:51","modified_gmt":"2024-05-15T19:01:51","slug":"aujourdhui-plus-que-jamais-il-y-a-besoin-dune-economie-de-communion","status":"publish","type":"post","link":"https:\/\/www.focolare.org\/fr\/aujourdhui-plus-que-jamais-il-y-a-besoin-dune-economie-de-communion\/","title":{"rendered":"Aujourd\u2019hui plus que jamais il y a besoin d\u2019une \u00c9conomie de Communion"},"content":{"rendered":"<p><em>\u00ab\u00a0N\u2019oublions pas les pauvres\u00a0\u00bb (Chiara Lubich). \u00c0 une \u00e9poque qui cherche anxieusement un moyen d&rsquo;allier \u00e9conomie avec justice sociale et durabilit\u00e9, l\u2019\u00c9conomie de Communion vit et annonce depuis trente ans une nouvelle \u00e9conomie dont message s\u2019av\u00e8re plus que jamais pertinent.<\/em>  En mai 1991, Chiara Lubich, fondatrice du mouvement des Focolari, d\u00e9barque au Br\u00e9sil, \u00e0 Sao Paulo o\u00f9 elle est saisie par le contraste entre les gratte-ciel et la myriade de favelas mis\u00e9rables qui les entourent. Elle a senti de devoir faire quelque chose, imm\u00e9diatement : le 29 mai 1991, elle a donn\u00e9 naissance \u00e0 l&rsquo;\u00c9conomie de Communion. Si l&rsquo;on regarde le monde d&rsquo;aujourd&rsquo;hui, les contrastes sont encore plus forts et aggrav\u00e9s par la pand\u00e9mie : aujourd&rsquo;hui, plus que jamais, il y a besoin d\u2019une \u00c9conomie de Communion.  <a href=\"https:\/\/www.focolare.org\/wp-content\/uploads\/2021\/05\/UCF-00-20210526-30_anni_Economia_di_Comunione-Programma-FR.pdf\" target=\"_blank\" rel=\"noopener\"><img alt=\"\" alt=\"\" loading=\"lazy\" decoding=\"async\" class=\"wp-image-242278 alignright\" src=\"https:\/\/www.focolare.org\/wp-content\/uploads\/2021\/05\/210529_30_Ans_EdC_Banner_FR-604x340.jpg\" alt=\"\" width=\"448\" height=\"252\" \/><\/a>Le 29 mai 2021, de 13h \u00e0 17h, l&rsquo;\u00e9v\u00e9nement international \u00ab 30 ANS D&rsquo;\u00c9CONOMIE DE COMMUNION \u00bb aura lieu en ligne, en direct de l&rsquo;Auditorium de la Cit\u00e9-Pilote internationale de Loppiano (Florence, ITALIE), en italien, anglais, fran\u00e7ais, portugais, espagnol et cor\u00e9en.  <strong>Intervenants parmi d&rsquo;autres\u00a0: <\/strong>\u00a0l&rsquo;\u00e9conomiste<strong> Stefano Zamagni<\/strong>, qui a toujours accompagn\u00e9 l\u2019\u00c9conomie de Communion\u00a0;<strong> Vera Araujo<\/strong>, sociologue br\u00e9silienne ;<strong> Jean Tonglet, <\/strong>ATD Quart Monde\u00a0; <strong>Luca Crivelli<\/strong>, Universit\u00e9 SUPSI (Lugano-Suisse) ;<strong> Alberto Ferrucci<\/strong>, entrepreneur et \u00ab\u00a0pionnier\u00a0\u00bb de l&rsquo;\u00c9deC ; <strong>Isaias Hernando<\/strong>, pr\u00e9sident de l&rsquo;Association internationale pour une \u00c9conomie de Communion (AIEC) ;<strong> Genevi\u00e8ve Sanze<\/strong>, Conseil g\u00e9n\u00e9ral du Mouvement des Focolari ;<strong> Benedetto Gui<\/strong>, Institut universitaire Sophia ;<strong> Margaret Karram<\/strong> et<strong> Jes\u00fas Mor\u00e1n<\/strong>, pr\u00e9sidente et copr\u00e9sident du Mouvement des Focolari ;<strong> Luigino Bruni<\/strong>, \u00e9conomiste, coordinateur du projet \u00c9conomie de communion.  <strong>L&rsquo;\u00c9conomie de communion, c&rsquo;est plus de 1 000 entreprises dans le monde qui adh\u00e8rent au projet ou s&rsquo;en inspirent, 15 incubateurs d&rsquo;entreprises EoC-IIN pour le d\u00e9veloppement de nouvelles entreprises dans autant de pays, 6 projets de d\u00e9veloppement int\u00e9gral en cours, et plus de 400 m\u00e9moires ou th\u00e8ses de dipl\u00f4me.<\/strong>  Le programme d\u00e9butera par un expos\u00e9 des origines historiques et spirituelles de l&rsquo;\u00c9conomie de Communion. Des performances artistiques suivront. De nombreux t\u00e9moignages et la vie de l&rsquo;Economie de Communion du <strong>Br\u00e9sil,<\/strong> d&rsquo;<strong>Argentine<\/strong>, des <strong>Philippines<\/strong>, des <strong>Emirats Arabes<\/strong>, du <strong>Portugal<\/strong>, des <strong>Etats-Unis<\/strong>, de <strong>Belgique<\/strong> et des messages vid\u00e9o du monde entier : de la <strong>Nouvelle-Z\u00e9lande<\/strong> au <strong>B\u00e9nin<\/strong> en passant par le <strong>Mexique<\/strong>. L&rsquo;\u00e9v\u00e9nement comprendra la participation artistique du groupe international <strong>Gen Verde<\/strong> et sera organis\u00e9 par la r\u00e9alisatrice <strong>Maria Amata Cal\u00f2<\/strong>. Il y aura localement des points d\u2019\u00e9coute et de participation, dans le respect de la r\u00e9glementation anti-Covid.  <strong>Luigino Bruni<\/strong>, coordinateur de l&rsquo;\u00c9conomie de Communion : \u00ab\u00a0Nous vous attendons nombreux pour c\u00e9l\u00e9brer trente ans de communion, de partage avec les pauvres, d&rsquo;une \u00e9conomie des cinq pains donn\u00e9s qui deviennent mille et nourrissent une multitude. Une c\u00e9l\u00e9bration de gratitude, tourn\u00e9e vers les jeunes et l&rsquo;avenir. Parce que l&rsquo;\u00c9conomie de Communion est un bien mondial, un cadeau pour tous\u00a0\u00bb.  <strong>Comment participer\u00a0<\/strong>: L\u2019\u00e9v\u00e9nement est ouvert \u00e0 tous sans formalit\u00e9 d\u2019enregistrement.  La playlist YouTube avec la palette de toutes les langues disponibles\u00a0: <a href=\"https:\/\/youtube.com\/playlist?list=PLseXirhCvXpFZxIHlHX721qP1QvE3ranQ\">https:\/\/youtube.com\/playlist?list=PLseXirhCvXpFZxIHlHX721qP1QvE3ranQ<\/a>  La cha\u00eene INTERNATIONALE\u00a0: \u00a0<a href=\"https:\/\/youtu.be\/FdBZIz3mBkY\">https:\/\/youtu.be\/FdBZIz3mBkY<\/a>  PORTUGAIS\u00a0: <a href=\"https:\/\/youtu.be\/3joXe3qID1g\">https:\/\/youtu.be\/3joXe3qID1g<\/a> ANGLAIS\u00a0: <a href=\"https:\/\/youtu.be\/UEcaW9EN3k4\">https:\/\/youtu.be\/UEcaW9EN3k4<\/a> ESPAGNOL\u00a0: <a href=\"https:\/\/youtu.be\/46KXJGo9aLc\">https:\/\/youtu.be\/46KXJGo9aLc<\/a> ITALIEN\u00a0: <a href=\"https:\/\/youtu.be\/BEIKv64Adl8\">https:\/\/youtu.be\/BEIKv64Adl8<\/a> FRAN\u00c7AIS\u00a0: <a href=\"https:\/\/youtu.be\/QzwQnIkaW3c\">https:\/\/youtu.be\/QzwQnIkaW3c<\/a>  <strong>Plus d\u2019 info<\/strong> sur la page d\u00e9di\u00e9e \u00e0 l\u2019\u00e9v\u00e9nement\u00a0: \u00a0<a href=\"https:\/\/www.edc-online.org\/it\/italiano\/news\/30-anni-di-edc.html\">https:\/\/www.edc-online.org\/it\/italiano\/news\/30-anni-di-edc.html<\/a>  Tous les <strong>supports pr\u00e9sent\u00e9s<\/strong> sont disponibles ici: <a href=\"https:\/\/www.edc-online.org\/it\/header-pubblicazioni\/archivio-documenti\/events-international\/eventi-2021\/30-anni-di-edc.html\">https:\/\/www.edc-online.org\/it\/header-pubblicazioni\/archivio-documenti\/events-international\/eventi-2021\/30-anni-di-edc.html<\/a>  <strong>Galerie de photos <\/strong><strong>\u00c9<\/strong><strong>conomie de Communion\u00a0:<\/strong> <a href=\"https:\/\/www.flickr.com\/photos\/133391424@N02\/albums\">https:\/\/www.flickr.com\/photos\/133391424@N02\/albums<\/a>  <strong>\u00a0<\/strong>  <strong>Bureau de presse <\/strong><strong>\u00c9<\/strong><strong>conomie de Communion\u00a0<\/strong>: <em>Antonella Ferrucci &#8211; (+39) 349 5620268<\/em><\/p>\n","protected":false},"excerpt":{"rendered":"<p>\u00ab\u00a0N\u2019oublions pas les pauvres\u00a0\u00bb (Chiara Lubich). \u00c0 une \u00e9poque qui cherche anxieusement un moyen d&rsquo;allier \u00e9conomie avec justice sociale et durabilit\u00e9, l\u2019\u00c9conomie de Communion vit et annonce depuis trente ans une nouvelle \u00e9conomie dont message s\u2019av\u00e8re plus que jamais pertinent.<\/p>\n","protected":false},"author":33,"featured_media":0,"comment_status":"open","ping_status":"open","sticky":false,"template":"","format":"standard","meta":{"give_campaign_id":0,"_seopress_robots_primary_cat":"","_seopress_titles_title":"","_seopress_titles_desc":"","_seopress_robots_index":"","_et_pb_use_builder":"","_et_pb_old_content":"","_et_gb_content_width":"","footnotes":""},"categories":[47],"tags":[],"class_list":["post-314748","post","type-post","status-publish","format-standard","hentry","category-non-classifiee"],"_links":{"self":[{"href":"https:\/\/www.focolare.org\/fr\/wp-json\/wp\/v2\/posts\/314748","targetHints":{"allow":["GET"]}}],"collection":[{"href":"https:\/\/www.focolare.org\/fr\/wp-json\/wp\/v2\/posts"}],"about":[{"href":"https:\/\/www.focolare.org\/fr\/wp-json\/wp\/v2\/types\/post"}],"author":[{"embeddable":true,"href":"https:\/\/www.focolare.org\/fr\/wp-json\/wp\/v2\/users\/33"}],"replies":[{"embeddable":true,"href":"https:\/\/www.focolare.org\/fr\/wp-json\/wp\/v2\/comments?post=314748"}],"version-history":[{"count":0,"href":"https:\/\/www.focolare.org\/fr\/wp-json\/wp\/v2\/posts\/314748\/revisions"}],"wp:attachment":[{"href":"https:\/\/www.focolare.org\/fr\/wp-json\/wp\/v2\/media?parent=314748"}],"wp:term":[{"taxonomy":"category","embeddable":true,"href":"https:\/\/www.focolare.org\/fr\/wp-json\/wp\/v2\/categories?post=314748"},{"taxonomy":"post_tag","embeddable":true,"href":"https:\/\/www.focolare.org\/fr\/wp-json\/wp\/v2\/tags?post=314748"}],"curies":[{"name":"wp","href":"https:\/\/api.w.org\/{rel}","templated":true}]}}