{"id":314796,"date":"2021-07-07T01:00:35","date_gmt":"2021-07-06T23:00:35","guid":{"rendered":"https:\/\/www.focolare.org\/delegation-de-leglise-lutherienne-en-visite-au-centre-des-focolari\/"},"modified":"2024-05-15T21:01:59","modified_gmt":"2024-05-15T19:01:59","slug":"delegation-de-leglise-lutherienne-en-visite-au-centre-des-focolari","status":"publish","type":"post","link":"https:\/\/www.focolare.org\/fr\/delegation-de-leglise-lutherienne-en-visite-au-centre-des-focolari\/","title":{"rendered":"D\u00e9l\u00e9gation de l&rsquo;\u00c9glise luth\u00e9rienne en visite au Centre des Focolari"},"content":{"rendered":"<p><em>La rencontre avec la Pr\u00e9sidente Margaret Karram et le Copr\u00e9sident Jes\u00fas Mor\u00e1n a \u00e9t\u00e9 l&rsquo;occasion de faire connaissance et de partager l&rsquo;engagement commun en faveur de l&rsquo;unit\u00e9.<\/em>  <img alt=\"\" alt=\"\" loading=\"lazy\" decoding=\"async\" class=\"wp-image-243074 alignright\" src=\"https:\/\/www.focolare.org\/wp-content\/uploads\/2021\/07\/VSCIMF-20210626-101301-watermarked-510x340.jpg\" alt=\"\" width=\"371\" height=\"247\" \/>Samedi 26 juin, une d\u00e9l\u00e9gation de l&rsquo;\u00c9glise luth\u00e9rienne allemande a visit\u00e9 le Centre international des Focolari \u00e0 Rocca di Papa, en Italie. Accueillis par la Pr\u00e9sidente des Focolari, Margaret Karram, et le Copr\u00e9sident, Jes\u00fas Mor\u00e1n, les membres de la d\u00e9l\u00e9gation ont \u00e9galement rencontr\u00e9 le Centre \u00ab\u00a0Un\u00a0\u00bb pour l&rsquo;unit\u00e9 des chr\u00e9tiens et quelques membres du Conseil g\u00e9n\u00e9ral du Mouvement.  La d\u00e9l\u00e9gation comprenait l\u2019\u00c9v\u00eaque Frank-Otfried July, Pr\u00e9sident de la section allemande de la F\u00e9d\u00e9ration Luth\u00e9rienne Mondiale (DKN\/FLM), les \u00c9v\u00eaques Ralf Meister et Karl-Hinrich Manzke, respectivement Pr\u00e9sident et responsable des relations avec l&rsquo;\u00c9glise catholique de l&rsquo;Union des \u00c9glises luth\u00e9riennes allemandes (VELKD). C&rsquo;\u00e9tait une occasion de connaissance mutuelle et de communion profonde.  <img alt=\"\" alt=\"\" loading=\"lazy\" decoding=\"async\" class=\"wp-image-243075 alignleft\" src=\"https:\/\/www.focolare.org\/wp-content\/uploads\/2021\/07\/VSCIMF-20210626-104349-watermarked-510x340.jpg\" alt=\"\" width=\"360\" height=\"240\" \/>L&rsquo;\u00e9coute r\u00e9ciproque a permis \u00e0 tous de se sentir fr\u00e8res et s\u0153urs d\u00e9j\u00e0 unis dans le Christ. La rencontre avec la Pr\u00e9sidente Karram et le copr\u00e9sident Mor\u00e1n, en particulier, a \u00e9t\u00e9 un moment d&rsquo;\u00e9change sur la mani\u00e8re de relever les d\u00e9fis du monde actuel.  Ce qui est ressorti du dialogue, c&rsquo;est une harmonie dans la \u00ab passion pour l&rsquo;unit\u00e9 dans le Christ \u00bb qui, cependant, doit \u00eatre \u00e9tendue \u00e0 toute l&rsquo;humanit\u00e9 : l&rsquo;amour \u00e9vang\u00e9lique nous pousse \u00e0 chercher la s\u0153ur et le fr\u00e8re \u00e0 c\u00f4t\u00e9 de nous.  Le partage d&rsquo;exemples concrets de la vie \u00e9vang\u00e9lique, de la r\u00e9conciliation m\u00eame dans les plus petits d\u00e9tails, du choix de Dieu dans la vie quotidienne, a offert aux participants l&rsquo;espoir dans le chemin de l&rsquo;unit\u00e9 qui se poursuit \u00e9galement au niveau th\u00e9ologique et institutionnel. \u00ab Changer de perspective \u00bb, a d\u00e9clar\u00e9 l&rsquo;un des \u00e9v\u00eaques, \u00ab signifie rendre plus concret ce que signifie suivre le Messie \u00bb. Commencer par soi-m\u00eame, ne pas se demander qu\u2019est-ce que je veux recevoir ?\u00a0 Mais bien plut\u00f4t qu&rsquo;est-ce que je veux donner, qu&rsquo;est-ce que je peux donner ? Celui qui vit ainsi est inspir\u00e9 par l&rsquo;Esprit, et celui qui est inspir\u00e9 par l&rsquo;Esprit est esp\u00e9rance pour le monde \u00bb.  La d\u00e9l\u00e9gation \u00e9tait \u00e0 Rome \u00e0 l&rsquo;occasion de la comm\u00e9moration du 500e anniversaire de l&rsquo;excommunication de Martin Luther par le Pape L\u00e9on X qui a marqu\u00e9, quatre ans apr\u00e8s le d\u00e9but de la R\u00e9forme (1517), la rupture d\u00e9finitive au sein de l&rsquo;\u00c9glise occidentale. Un anniversaire c\u00e9l\u00e9br\u00e9 aujourd&rsquo;hui, cependant, non pas pour consacrer le clivage, mais bien pour mettre en lumi\u00e8re, approfondir et d\u00e9velopper les plus de \u00ab cinquante ans de dialogue \u0153cum\u00e9nique constant et fructueux entre catholiques et luth\u00e9riens \u00bb qui, comme l&rsquo;indique le document r\u00e9dig\u00e9 pour la Comm\u00e9moration Conjointe catholique-luth\u00e9rienne de la R\u00e9forme de 2016, \u00ab <em>nous ont aid\u00e9s \u00e0 surmonter de<\/em> <em>nombreuses diff\u00e9rences et ont approfondi la compr\u00e9hension et la confiance entre nous\u00a0\u00bb<sup>1<\/sup>.\u00a0<\/em>  La veille de la visite aux Focolari, le Pape Fran\u00e7ois, rencontrant des repr\u00e9sentants de la F\u00e9d\u00e9ration luth\u00e9rienne mondiale \u00e0 l&rsquo;occasion de l&rsquo;anniversaire de la <em>Confessio augustana<\/em> (25 juin 1530), avait notamment d\u00e9clar\u00e9 :<em> \u00ab\u00a0Chers fr\u00e8res et s\u0153urs, sur le chemin qui m\u00e8ne du conflit \u00e0 la communion, le<\/em> <em>jour de la comm\u00e9moration de la Confessio Augustana, vous \u00eates venus \u00e0 Rome pour que l&rsquo;unit\u00e9 grandisse entre nous. (&#8230;) J&rsquo;ai dit \u00ab\u00a0sur le chemin du conflit \u00e0 la communion\u00a0\u00bb, et ce chemin ne se fait que dans la crise : la crise qui nous aide \u00e0 m\u00fbrir dans ce que nous cherchons. Du conflit que nous avons v\u00e9cu pendant des si\u00e8cles et des si\u00e8cles, \u00e0 la communion que nous voulons, et pour cela nous nous mettons en crise. Une crise qui est une b\u00e9n\u00e9diction du Seigneur\u00a0\u00bb<sup>2<\/sup>.<\/em>  Pendant son s\u00e9jour \u00e0 Rome, la d\u00e9l\u00e9gation de l&rsquo;\u00c9glise luth\u00e9rienne allemande a eu plusieurs rencontres au Vatican, comme celle avec le cardinal Kurt Koch, Pr\u00e9sident du Conseil Pontifical pour la Promotion de l&rsquo;Unit\u00e9 des Chr\u00e9tiens, au cours desquelles elle a \u00e9galement abord\u00e9 des questions br\u00fblantes de nature pastorale comme, par exemple, pour les mariages mixtes, l&rsquo;admission \u00e0 l&rsquo;Eucharistie du partenaire non catholique. Parmi les rencontres pr\u00e9vues, outre celle avec le Mouvement des Focolari, il y a aussi celle avec la Communaut\u00e9 de Saint \u00c9gide. <\/p>\n<p style=\"text-align: right;\"><em>Heike Vesper<\/em><\/p>\n<ol start=\"2\">\n<li><span style=\"font-size: 14px;\">D\u00e9claration Commune \u00e0 l&rsquo;occasion de la Comm\u00e9moration Conjointe catholique-luth\u00e9rienne de la R\u00e9forme, Lund (Su\u00e8de), 31 octobre 2016 sur:<\/span> <span style=\"font-size: 14px;\"><a href=\"https:\/\/www.vatican.va\/content\/francesco\/it\/events\/event.dir.html\/content\/vaticanevents\/it\/2016\/10\/31\/dichiarazione-congiunta.html\">https:\/\/www.vatican.va\/content\/francesco\/it\/events\/event.dir.html\/content\/vaticanevents\/it\/2016\/10\/31\/dichiarazione-congiunta.html<\/a><\/span><\/li>\n<li><span style=\"font-size: 14px;\">Discours du Pape Fran\u00e7ois aux repr\u00e9sentants de la F\u00e9d\u00e9ration luth\u00e9rienne Mondiale, Rome (Italie), 25 juin 2021 sur: <a href=\"https:\/\/www.vatican.va\/content\/francesco\/it\/speeches\/2021\/june\/documents\/20210625-federazione-luterana.html\">https:\/\/www.vatican.va\/content\/francesco\/it\/speeches\/2021\/june\/documents\/20210625-federazione-luterana.html<\/a><\/span><\/li>\n<\/ol>\n<p> &nbsp;<\/p>\n","protected":false},"excerpt":{"rendered":"<p>La rencontre avec la Pr\u00e9sidente Margaret Karram et le Copr\u00e9sident Jes\u00fas Mor\u00e1n a \u00e9t\u00e9 l&rsquo;occasion de faire connaissance et de partager l&rsquo;engagement commun en faveur de l&rsquo;unit\u00e9.<\/p>\n","protected":false},"author":33,"featured_media":0,"comment_status":"open","ping_status":"open","sticky":false,"template":"","format":"standard","meta":{"give_campaign_id":0,"_seopress_robots_primary_cat":"","_seopress_titles_title":"","_seopress_titles_desc":"","_seopress_robots_index":"","_et_pb_use_builder":"","_et_pb_old_content":"","_et_gb_content_width":"","footnotes":""},"categories":[47],"tags":[],"class_list":["post-314796","post","type-post","status-publish","format-standard","hentry","category-non-classifiee"],"_links":{"self":[{"href":"https:\/\/www.focolare.org\/fr\/wp-json\/wp\/v2\/posts\/314796","targetHints":{"allow":["GET"]}}],"collection":[{"href":"https:\/\/www.focolare.org\/fr\/wp-json\/wp\/v2\/posts"}],"about":[{"href":"https:\/\/www.focolare.org\/fr\/wp-json\/wp\/v2\/types\/post"}],"author":[{"embeddable":true,"href":"https:\/\/www.focolare.org\/fr\/wp-json\/wp\/v2\/users\/33"}],"replies":[{"embeddable":true,"href":"https:\/\/www.focolare.org\/fr\/wp-json\/wp\/v2\/comments?post=314796"}],"version-history":[{"count":0,"href":"https:\/\/www.focolare.org\/fr\/wp-json\/wp\/v2\/posts\/314796\/revisions"}],"wp:attachment":[{"href":"https:\/\/www.focolare.org\/fr\/wp-json\/wp\/v2\/media?parent=314796"}],"wp:term":[{"taxonomy":"category","embeddable":true,"href":"https:\/\/www.focolare.org\/fr\/wp-json\/wp\/v2\/categories?post=314796"},{"taxonomy":"post_tag","embeddable":true,"href":"https:\/\/www.focolare.org\/fr\/wp-json\/wp\/v2\/tags?post=314796"}],"curies":[{"name":"wp","href":"https:\/\/api.w.org\/{rel}","templated":true}]}}