{"id":314852,"date":"2021-09-01T01:00:47","date_gmt":"2021-08-31T23:00:47","guid":{"rendered":"https:\/\/www.focolare.org\/le-temps-de-la-creation-2\/"},"modified":"2024-05-15T21:02:09","modified_gmt":"2024-05-15T19:02:09","slug":"le-temps-de-la-creation-2","status":"publish","type":"post","link":"https:\/\/www.focolare.org\/fr\/le-temps-de-la-creation-2\/","title":{"rendered":"Le temps de la Cr\u00e9ation"},"content":{"rendered":"<p><em>Entretien avec Stefania Papa, nouvelle responsable d&rsquo;EcoOne, l&rsquo;action culturelle du mouvement des Focolari en faveur de l&rsquo;environnement\u00a0: l\u2019engagement de ses membres dans le \u00ab\u00a0Temps de la Cr\u00e9ation\u00a0\u00bb et ses diff\u00e9rentes initiatives pour prot\u00e9ger notre plan\u00e8te.<\/em>  Chaque ann\u00e9e, du 1er septembre au 4 octobre, se d\u00e9roule dans le monde entier le \u00ab\u00a0Temps de la Cr\u00e9ation\u00a0\u00bb, une initiative de pri\u00e8re et d&rsquo;actions concr\u00e8tes pour sauvegarder et prot\u00e9ger notre maison commune. Stefania Papa est la nouvelle responsable d&rsquo;<a href=\"http:\/\/www.ecoone.org\/en\/\" target=\"_blank\" rel=\"noopener\">EcoOne<\/a>, l&rsquo;action culturelle du mouvement des Focolari, qui soutient un r\u00e9seau d&rsquo;enseignants, d&rsquo;universitaires, de chercheurs et de professionnels travaillant dans le domaine des sciences environnementales. Nous l&rsquo;avons interrog\u00e9e sur l&rsquo;engagement des Focolari en faveur du \u00ab\u00a0Temps pour la Cr\u00e9ation\u00a0\u00bb et sur les diff\u00e9rentes initiatives environnementales.  <strong>Qu&rsquo;est-ce que le \u00ab\u00a0Temps de la Cr\u00e9ation\u00a0\u00bb ?<\/strong> Il s&rsquo;agit d&rsquo;une p\u00e9riode sp\u00e9cifique qui va du 1er septembre, journ\u00e9e mondiale de pri\u00e8re pour la sauvegarde de la cr\u00e9ation, au 4 octobre, f\u00eate de saint Fran\u00e7ois d&rsquo;Assise, le saint patron de l&rsquo;\u00e9cologie. Un temps au cours duquel les diff\u00e9rentes \u00c9glises du monde entier se r\u00e9unissent pour prier et promouvoir des actions concr\u00e8tes pour sauvegarder et prot\u00e9ger notre maison commune. Cette ann\u00e9e, le th\u00e8me est : <em>\u00ab\u00a0Une maison pour tous ? Renouveler l&rsquo;Oikos de Dieu\u00a0\u00bb <\/em>En grec <em>Oikos <\/em>signifie maison.  <strong>Pourquoi est-il important qu&rsquo;elle devienne de plus en plus un \u00e9v\u00e9nement port\u00e9 par les diff\u00e9rentes \u00c9glises ?<\/strong> Pour r\u00e9pondre \u00e0 cette question, un ancien proverbe africain me vient \u00e0 l&rsquo;esprit : <em>\u00ab\u00a0Si tu veux aller vite, cours tout seul. Si vous voulez aller loin, faites-le avec les autres\u00a0\u00bb<\/em>. Le pape Fran\u00e7ois lui-m\u00eame, dans son encyclique \u00ab\u00a0Laudato s\u00ec\u00a0\u00bb, d\u00e9clare : <em>\u00ab\u00a0Nous avons besoin d&rsquo;une confrontation qui nous unisse tous, car le d\u00e9fi environnemental que nous vivons, et ses racines humaines, nous concernent et nous touchent tous.\u00a0\u00bb<\/em> Nous devons <em>\u00ab\u00a0unir l&rsquo;ensemble de la famille humaine dans la qu\u00eate d&rsquo;un d\u00e9veloppement durable et int\u00e9gral.\u00a0\u00bb<a href=\"#_ftn1\" name=\"_ftnref1\"><strong>[1]<\/strong><\/a><\/em> Nous ne pouvons y parvenir qu&rsquo;en nous rassemblant, en recherchant une collaboration et une communion toujours plus \u00e9troites, y compris entre les diff\u00e9rentes \u00c9glises chr\u00e9tiennes du monde.  <strong>Nous sommes dans la sixi\u00e8me ann\u00e9e de la publication de \u00ab\u00a0Laudato si\u00a0\u00bb du pape. Pourtant, il reste encore un long chemin \u00e0 parcourir&#8230;<\/strong> De nombreuses autres initiatives ont \u00e9t\u00e9 mises en place et r\u00e9alis\u00e9es, mais il reste beaucoup \u00e0 faire. La t\u00e2che qui nous attend peut sembler ardue, mais nous pouvons encore inverser certaines tendances n\u00e9gatives, nous adapter pour r\u00e9duire au minimum les dommages, restaurer des \u00e9cosyst\u00e8mes en souffrance et mieux prot\u00e9ger ce que nous avons\u00a0: il s\u2019agit de repenser les solutions de logement et la mobilit\u00e9 sociale, la collecte diff\u00e9renci\u00e9e des d\u00e9chets et de nombreuses autres questions. Mais l\u2019orientation prise est la bonne, l&rsquo;encyclique du pape Fran\u00e7ois marque le point de non-retour.  <strong>Il y a \u00e9galement une p\u00e9tition \u00e0 signer : en quoi consiste-t-elle ?<\/strong> C&rsquo;est une occasion importante pour nous d&rsquo;appeler les dirigeants mondiaux \u00e0 s&rsquo;engager de toute urgence dans la lutte contre la crise climatique et la crise de la biodiversit\u00e9. En effet, deux \u00e9v\u00e9nements tr\u00e8s importants auront lieu prochainement : du 11 au 24 octobre 2021, la Conf\u00e9rence des Nations unies sur la biodiversit\u00e9 (COP15), o\u00f9 les dirigeants du monde entier pourront fixer des objectifs importants pour prot\u00e9ger la cr\u00e9ation, et du 31 octobre au 12 novembre 2021, la 26e Conf\u00e9rence des Nations unies sur le changement climatique (COP26), o\u00f9 les pays annonceront leurs plans pour atteindre les objectifs de l&rsquo;accord de Paris.  <strong>Le mouvement des Focolari est un partenaire du mouvement Laudato si. Comment le mouvement des Focolari s&rsquo;engage-t-il dans le \u00ab\u00a0temps de la Cr\u00e9ation\u00a0\u00bb ?<\/strong> Le mouvement des Focolari s&rsquo;est toujours engag\u00e9 en faveur de l&rsquo;environnement. Pour le \u00ab\u00a0Temps de la Cr\u00e9ation\u00a0\u00bb, en particulier, il a particip\u00e9 et participe aux initiatives de l&rsquo;\u00c9glise catholique, comme la<a href=\"https:\/\/plate-formedactionlaudatosi.org\/\" target=\"_blank\" rel=\"noopener\"> <em>Laudato si\u2019 action platform<\/em><\/a> \u00a0du Dicast\u00e8re pour le service du D\u00e9veloppement Humain Int\u00e9gral, \u00e0 travers le mouvement <a href=\"https:\/\/www.focolare.org\/famiglienuove\/\"><em>Famiglie Nuove<\/em><\/a><em> (<\/em><em>Familles Nouvelles) et aux \u00e9v\u00e9nements promus par le Mouvement Laudato si&rsquo;, (anciennement <\/em><a href=\"https:\/\/laudatosimovement.org\/it\/homepage-original-4\/\"><em>Global Catholic Climate Movement<\/em><\/a>) auquel il adh\u00e8re.  Lors de la derni\u00e8re Assembl\u00e9e g\u00e9n\u00e9rale des Focolari, conclue en f\u00e9vrier 2021, la conversion \u00e9cologique des membres et des structures a \u00e9t\u00e9 relanc\u00e9e, avec des activit\u00e9s de petite, moyenne et grande envergure (comme les projets internationaux financ\u00e9s, \u00e9galement dans le cadre de la coop\u00e9ration au d\u00e9veloppement :<a href=\"https:\/\/www.afnonlus.org\/en\/__trashed\/\" target=\"_blank\" rel=\"noopener\"> <em>Azione per Famiglie Nuove<\/em><\/a><em>, <\/em><a href=\"https:\/\/www.amu-it.eu\/?lang=fr\" target=\"_blank\" rel=\"noopener\"><em>Azione Mondo Unito<\/em><\/a> \u00a0etc. ) Dans le m\u00eame temps, tous les membres des Focolari s&rsquo;engagent \u00e0 ne plus faire usage des combustibles fossiles. Par ailleurs, cette ann\u00e9e, les jeunes du mouvement se sont engag\u00e9s dans le parcours intitul\u00e9 <a href=\"http:\/\/www.unitedworldproject.org\/daretocare\/\">DareToCare<\/a>. Une campagne qui signifie \u00ab\u00a0oser prendre soin\u00a0\u00bb, c&rsquo;est-\u00e0-dire prendre en charge, s&rsquo;int\u00e9resser activement, donner de l&rsquo;importance aux plus fragiles, \u00e0 la plan\u00e8te, aux institutions, \u00e0 notre ville, \u00e0 nos voisins, aux probl\u00e8mes de notre soci\u00e9t\u00e9.  En mai dernier, l&rsquo; <a href=\"https:\/\/www.new-humanity.org\/\"><em>ONG New Humanity<\/em><\/a> a \u00e9t\u00e9 accr\u00e9dit\u00e9e en tant qu&rsquo;observateur aupr\u00e8s du Programme des Nations Unies pour l&rsquo;Environnement (PNUE), l&rsquo;agence des Nations unies qui traite de toutes les questions environnementales mondiales. <em>New Humanity<\/em> m\u00e8ne ses activit\u00e9s de protection de l&rsquo;environnement, notamment par le biais de l&rsquo;initiative culturelle <em>EcoOne.<\/em>  En outre, je voudrais mentionner le partenariat \u00e9tabli entre le mouvement des Focolari et <em>FaithInvest<\/em>, une organisation internationale qui travaille pour aider les religions \u00e0 d\u00e9velopper des plans strat\u00e9giques \u00e0 long terme pour l&rsquo;environnement.  Dans le domaine culturel et \u00e9ducatif, il y a plusieurs conf\u00e9rences pr\u00e9vues et promues par <em>EcoOne<\/em>, la participation d&rsquo;EcoOne \u00e0 ECEN (European Christian Environmental Network) et des projets dans les \u00e9coles comme celui reconnu par le Minist\u00e8re italien de l&rsquo;\u00e9ducation <em>\u00ab\u00a0Donner pour sauvegarder l&rsquo;environnement\u00a0\u00bb<\/em>. <\/p>\n<p style=\"text-align: right;\"><em>Lorenzo Russo<\/em><\/p>\n<p> \u00a0<a href=\"#_ftnref1\" name=\"_ftn1\">[1]<\/a> Pape Fran\u00e7ois, Lettre encyclique <em>Laudato si\u2019<\/em>, p. 13-14.  &nbsp;<\/p>\n","protected":false},"excerpt":{"rendered":"<p>Entretien avec Stefania Papa, nouvelle responsable d&rsquo;EcoOne, l&rsquo;action culturelle du mouvement des Focolari en faveur de l&rsquo;environnement\u00a0: l\u2019engagement de ses membres dans le \u00ab\u00a0Temps de la Cr\u00e9ation\u00a0\u00bb et ses diff\u00e9rentes initiatives pour prot\u00e9ger notre plan\u00e8te.<\/p>\n","protected":false},"author":33,"featured_media":0,"comment_status":"open","ping_status":"open","sticky":false,"template":"","format":"standard","meta":{"give_campaign_id":0,"_seopress_robots_primary_cat":"","_seopress_titles_title":"","_seopress_titles_desc":"","_seopress_robots_index":"","_et_pb_use_builder":"","_et_pb_old_content":"","_et_gb_content_width":"","footnotes":""},"categories":[47],"tags":[],"class_list":["post-314852","post","type-post","status-publish","format-standard","hentry","category-non-classifiee"],"_links":{"self":[{"href":"https:\/\/www.focolare.org\/fr\/wp-json\/wp\/v2\/posts\/314852","targetHints":{"allow":["GET"]}}],"collection":[{"href":"https:\/\/www.focolare.org\/fr\/wp-json\/wp\/v2\/posts"}],"about":[{"href":"https:\/\/www.focolare.org\/fr\/wp-json\/wp\/v2\/types\/post"}],"author":[{"embeddable":true,"href":"https:\/\/www.focolare.org\/fr\/wp-json\/wp\/v2\/users\/33"}],"replies":[{"embeddable":true,"href":"https:\/\/www.focolare.org\/fr\/wp-json\/wp\/v2\/comments?post=314852"}],"version-history":[{"count":0,"href":"https:\/\/www.focolare.org\/fr\/wp-json\/wp\/v2\/posts\/314852\/revisions"}],"wp:attachment":[{"href":"https:\/\/www.focolare.org\/fr\/wp-json\/wp\/v2\/media?parent=314852"}],"wp:term":[{"taxonomy":"category","embeddable":true,"href":"https:\/\/www.focolare.org\/fr\/wp-json\/wp\/v2\/categories?post=314852"},{"taxonomy":"post_tag","embeddable":true,"href":"https:\/\/www.focolare.org\/fr\/wp-json\/wp\/v2\/tags?post=314852"}],"curies":[{"name":"wp","href":"https:\/\/api.w.org\/{rel}","templated":true}]}}