{"id":314884,"date":"2021-09-25T10:41:49","date_gmt":"2021-09-25T08:41:49","guid":{"rendered":"https:\/\/www.focolare.org\/le-pape-francois-aux-eveques-de-differentes-eglises-amis-des-focolari-lunite-est-le-reve-de-dieu\/"},"modified":"2024-05-15T21:02:15","modified_gmt":"2024-05-15T19:02:15","slug":"le-pape-francois-aux-eveques-de-differentes-eglises-amis-des-focolari-lunite-est-le-reve-de-dieu","status":"publish","type":"post","link":"https:\/\/www.focolare.org\/fr\/le-pape-francois-aux-eveques-de-differentes-eglises-amis-des-focolari-lunite-est-le-reve-de-dieu\/","title":{"rendered":"Le Pape Fran\u00e7ois aux \u00e9v\u00eaques de diff\u00e9rentes \u00c9glises, amis des Focolari :\u00a0l\u2019unit\u00e9 est le \u201cr\u00eave\u201d de Dieu"},"content":{"rendered":"<p><em>Un appel d\u00e9cisif \u00e0 \u00ab\u00a0avoir l\u2019audace d\u2019\u00eatre un\u00a0\u00bb dans la condition de fragmentation que le monde est en train de vivre\u00a0; \u00e0 poursuivre le chemin d\u2019amiti\u00e9 entrepris, a d\u00e9clar\u00e9 le Saint-P\u00e8re \u00e0 la d\u00e9l\u00e9gation d&rsquo;\u00e9v\u00eaques de diverses \u00c9glises chr\u00e9tiennes venus le rencontrer.<\/em>  <div id=\"attachment_244538\" style=\"width: 358px\" class=\"wp-caption alignright\"><img alt=\"\" alt=\"\" loading=\"lazy\" decoding=\"async\" aria-describedby=\"caption-attachment-244538\" class=\"wp-image-244538\" src=\"https:\/\/www.focolare.org\/wp-content\/uploads\/2021\/09\/vm250921103622_00058-bassa-510x340.jpg\" alt=\"\" width=\"348\" height=\"232\" \/><p id=\"caption-attachment-244538\" class=\"wp-caption-text\">\u00a9 Vatican Media<\/p><\/div>  \u00ab\u00a0<em>Face aux \u00ab\u00a0ombres d&rsquo;un monde ferm\u00e9\u00a0\u00bb, o\u00f9 de nombreux r\u00eaves d&rsquo;unit\u00e9 \u00ab\u00a0sont r\u00e9duits \u00e0 n\u00e9ant\u00a0\u00bb, o\u00f9 manque un \u00ab\u00a0projet pour tous\u00a0\u00bb et o\u00f9 la mondialisation navigue \u00ab\u00a0sans une trajectoire commune\u00a0\u00bb, o\u00f9 le fl\u00e9au de la pand\u00e9mie risque d&rsquo;exacerber les in\u00e9galit\u00e9s, l&rsquo;Esprit nous appelle \u00e0 \u00ab\u00a0avoir l&rsquo;audace d&rsquo;\u00eatre un\u00a0\u00bb, comme le dit le titre de votre rencontre\u00a0: Oser l&rsquo;unit\u00e9<\/em>\u00a0\u00bb.  <strong>Telles sont les <a href=\"https:\/\/www.vatican.va\/content\/francesco\/en\/speeches\/2021\/september\/documents\/20210925-vescovi-amicifocolari.html\" target=\"_blank\" rel=\"noopener\"><u>paroles<\/u><\/a> du Pape Fran\u00e7ois \u00e0 la conclusion du congr\u00e8s <em>\u00ab\u00a0Oser \u00eatre Un &#8211; Le don de l&rsquo;unit\u00e9 dans un monde divis\u00e9\u00a0\u00bb<\/em> (23-24 septembre), des \u00e9v\u00eaques amis des Focolari appartenant \u00e0 diff\u00e9rentes \u00c9glises. <\/strong>Le 25 au matin, il les a re\u00e7us en audience dans la Salle des Papes au Vatican\u00a0: 10\u00a0d\u2019entre eux \u00e9taient pr\u00e9sents, tandis que 180\u00a0\u00e9v\u00eaques de 70 \u00c9glises suivaient l&rsquo;audience via une connexion Internet.  <strong>Il les a encourag\u00e9s \u00e0 vivre l&rsquo;unit\u00e9, <\/strong>c\u0153ur du Charisme de Chiara\u00a0Lubich, un charisme qui \u00ab\u00a0s&rsquo;est d\u00e9velopp\u00e9 en attirant des hommes et des femmes de toute langue et de toute nation avec la force de l&rsquo;amour de Dieu qui cr\u00e9e l&rsquo;unit\u00e9 sans gommer les diversit\u00e9s, au contraire en les valorisant et en les harmonisant\u00a0\u00bb.  <div id=\"attachment_244539\" style=\"width: 358px\" class=\"wp-caption alignright\"><img alt=\"\" alt=\"\" loading=\"lazy\" decoding=\"async\" aria-describedby=\"caption-attachment-244539\" class=\"wp-image-244539\" src=\"https:\/\/www.focolare.org\/wp-content\/uploads\/2021\/09\/VM250921102226_0070-bassa-510x340.jpg\" alt=\"\" width=\"348\" height=\"232\" \/><p id=\"caption-attachment-244539\" class=\"wp-caption-text\">\u00a9 Vatican Media<\/p><\/div>  Il a ensuite expliqu\u00e9 que l&rsquo;unit\u00e9 que J\u00e9sus-Christ nous a donn\u00e9e <em>\u00ab\u00a0n&rsquo;est pas humanisme, ce n&rsquo;est \u00eatre d\u2019accord \u00e0 tout prix. Elle ob\u00e9it \u00e0 un crit\u00e8re fondamental, qui est le respect de la personne, le respect du visage de l&rsquo;autre, en particulier du pauvre, du petit, de l&rsquo;exclu\u00a0\u00bb.<\/em> Important, enfin, l&rsquo;appel \u00e0 poursuivre le chemin \u0153cum\u00e9nique entrepris, qui doit \u00eatre, a dit le Pape Fran\u00e7ois\u00a0: <em>\u00ab\u00a0toujours ouvert, jamais exclusif\u00a0\u00bb<\/em>concluant sur une note affectueuse\u00a0: <em>\u00ab\u00a0Continuez \u00e0 sourire, ce qui fait partie de votre Charisme\u00a0\u00bb.<\/em>  <strong>\u00c9taient pr\u00e9sents, avec la d\u00e9l\u00e9gation des \u00e9v\u00eaques, le card. Koch, Pr\u00e9sident du Conseil pontifical pour la Promotion de l\u2019unit\u00e9 des Chr\u00e9tiens, Margaret Karram et Jes\u00fas\u00a0Mor\u00e1n, respectivement Pr\u00e9sidente et Copr\u00e9sident des Focolari.<\/strong>  <div id=\"attachment_244540\" style=\"width: 358px\" class=\"wp-caption alignleft\"><img alt=\"\" alt=\"\" loading=\"lazy\" decoding=\"async\" aria-describedby=\"caption-attachment-244540\" class=\"wp-image-244540\" src=\"https:\/\/www.focolare.org\/wp-content\/uploads\/2021\/09\/vm250921104644_00264-bassa-510x340.jpg\" alt=\"\" width=\"348\" height=\"232\" \/><p id=\"caption-attachment-244540\" class=\"wp-caption-text\">\u00a9 Vatican Media<\/p><\/div>  <strong>Mgr\u00a0Brendan Leahy, <\/strong>\u00e9v\u00eaque catholique de Limerick (Irlande) et coordinateur des \u00e9v\u00eaques amis des Focolari, a pr\u00e9sent\u00e9 au Pape les deux jours de congr\u00e8s, les qualifiant d'\u00a0\u00bb<em>extraordinaires<\/em>\u00ab\u00a0, tandis que <strong>Mgr\u00a0Christian Krause<\/strong> (Allemagne), ancien Pr\u00e9sident de la F\u00e9d\u00e9ration Luth\u00e9rienne Mondiale pr\u00e9sentait au Saint-P\u00e8re l\u2019engagement des \u00e9v\u00eaques \u00e0 \u00ab\u00a0<em>\u00e9largir le cercle de ces rencontres entre \u00e9v\u00eaques de diff\u00e9rentes <\/em><em>\u00c9<\/em><em>glises\u00a0\u00bb <\/em>afin de contribuer \u00e0 panser les blessures d\u2019un monde divis\u00e9, de jeunes qui ont peur d\u2019affronter l\u2019avenir. Il a \u00e9galement exprim\u00e9 le d\u00e9sir que des rencontres similaires soient organis\u00e9es sur le continent africain et au-del\u00e0.  <strong>Le M\u00e9tropolite Chrysostomos<\/strong>, de l\u2019\u00c9glise orthodoxe de Kyrenia (Chypre), a fortement soulign\u00e9 l\u2019exp\u00e9rience d\u2019unit\u00e9 v\u00e9cue au cours de ces journ\u00e9es de congr\u00e8s\u00a0: \u00ab\u00a0<em>(&#8230;) nous nous sommes retrouv\u00e9s \u2018\u2019un\u2019\u2019, comme dans la premi\u00e8re <\/em><em>\u00c9<\/em><em>glise chr\u00e9tienne, avec l\u2019amour \u00e9vang\u00e9lique entre nous. Nous avons mis en commun des exp\u00e9riences, admettant nos erreurs\u00a0; nous avons partag\u00e9 des pr\u00e9occupations et, ensemble, nous avons voulu \u00e9treindre J\u00e9sus sur la croix, solution \u00e0 toute forme de manque d\u2019unit\u00e9\u00a0; nous avons pri\u00e9 pour aller au-del\u00e0 de ces divisions. Nous voulons contribuer \u00e0 porter la lumi\u00e8re du Christ de sorte que les personnes ne soient pas priv\u00e9es d\u2019esp\u00e9rance.\u00a0\u00bb<\/em> <\/p>\n<p style=\"text-align: right;\"><em>Stefania\u00a0Tanesini<\/em><\/p>\n<p> &nbsp;<\/p>\n","protected":false},"excerpt":{"rendered":"<p>Un appel d\u00e9cisif \u00e0 \u00ab\u00a0avoir l\u2019audace d\u2019\u00eatre un\u00a0\u00bb dans la condition de fragmentation que le monde est en train de vivre\u00a0; \u00e0 poursuivre le chemin d\u2019amiti\u00e9 entrepris, a d\u00e9clar\u00e9 le Saint-P\u00e8re \u00e0 la d\u00e9l\u00e9gation d&rsquo;\u00e9v\u00eaques de diverses \u00c9glises chr\u00e9tiennes venus le rencontrer.<\/p>\n","protected":false},"author":34,"featured_media":0,"comment_status":"open","ping_status":"open","sticky":false,"template":"","format":"standard","meta":{"give_campaign_id":0,"_seopress_robots_primary_cat":"","_seopress_titles_title":"","_seopress_titles_desc":"","_seopress_robots_index":"","_et_pb_use_builder":"","_et_pb_old_content":"","_et_gb_content_width":"","footnotes":""},"categories":[47],"tags":[],"class_list":["post-314884","post","type-post","status-publish","format-standard","hentry","category-non-classifiee"],"_links":{"self":[{"href":"https:\/\/www.focolare.org\/fr\/wp-json\/wp\/v2\/posts\/314884","targetHints":{"allow":["GET"]}}],"collection":[{"href":"https:\/\/www.focolare.org\/fr\/wp-json\/wp\/v2\/posts"}],"about":[{"href":"https:\/\/www.focolare.org\/fr\/wp-json\/wp\/v2\/types\/post"}],"author":[{"embeddable":true,"href":"https:\/\/www.focolare.org\/fr\/wp-json\/wp\/v2\/users\/34"}],"replies":[{"embeddable":true,"href":"https:\/\/www.focolare.org\/fr\/wp-json\/wp\/v2\/comments?post=314884"}],"version-history":[{"count":0,"href":"https:\/\/www.focolare.org\/fr\/wp-json\/wp\/v2\/posts\/314884\/revisions"}],"wp:attachment":[{"href":"https:\/\/www.focolare.org\/fr\/wp-json\/wp\/v2\/media?parent=314884"}],"wp:term":[{"taxonomy":"category","embeddable":true,"href":"https:\/\/www.focolare.org\/fr\/wp-json\/wp\/v2\/categories?post=314884"},{"taxonomy":"post_tag","embeddable":true,"href":"https:\/\/www.focolare.org\/fr\/wp-json\/wp\/v2\/tags?post=314884"}],"curies":[{"name":"wp","href":"https:\/\/api.w.org\/{rel}","templated":true}]}}