{"id":314890,"date":"2021-09-29T01:00:28","date_gmt":"2021-09-28T23:00:28","guid":{"rendered":"https:\/\/www.focolare.org\/un-pont-qui-unit\/"},"modified":"2024-05-15T21:02:16","modified_gmt":"2024-05-15T19:02:16","slug":"un-pont-qui-unit","status":"publish","type":"post","link":"https:\/\/www.focolare.org\/fr\/un-pont-qui-unit\/","title":{"rendered":"Un pont qui unit"},"content":{"rendered":"<p><em>Faire fructifier l&rsquo;esp\u00e9rance. C&rsquo;est la graine que le Pape Fran\u00e7ois a sem\u00e9e lors de son Voyage Apostolique \u00e0 Budapest, le 12 septembre dernier \u00e0 l&rsquo;occasion de la messe de cl\u00f4ture du 52e Congr\u00e8s Eucharistique International, peu avant de se rendre en Slovaquie. Le moment fort de cette br\u00e8ve \u00e9tape a \u00e9t\u00e9 la Statio Orbis, \u00ab\u00a0une pause d&rsquo;engagement et de pri\u00e8re\u00a0\u00bb au cours de laquelle les \u00c9glises particuli\u00e8res se sont unies en communion avec le Pape autour du myst\u00e8re eucharistique, afin d\u2019 approfondir leur foi. Quelques membres du Mouvement des Focolari pr\u00e9sents \u00e0 l&rsquo;\u00e9v\u00e9nement nous livrent leur exp\u00e9rience.<\/em>  Il s&rsquo;agit du c\u00e9l\u00e8bre Pont des Cha\u00eenes, qui maintient unies Buda et Pest en enjambant le Danube, image \u00e9vocatrice rappel\u00e9e \u00e0 plusieurs reprises par le Pape Fran\u00e7ois lors de sa r\u00e9cente visite apostolique en Hongrie. Parmi les th\u00e8mes de ce voyage, qui s&rsquo;est achev\u00e9 en Slovaquie le 15 septembre, \u00e9taient compris, le martyre et la r\u00e9pression, la mission d&rsquo;\u00e9vang\u00e9lisation et, bien s\u00fbr, le Dialogue \u0152cum\u00e9nique et Interreligieux. Ces derni\u00e8res dimensions ne sont possibles que si, \u00e0 la base, il y a \u00ab\u00a0un grand d\u00e9sir d&rsquo;unit\u00e9\u00a0\u00bb, a soulign\u00e9 le Souverain Pontife dans son discours lors de la rencontre avec les repr\u00e9sentants du Conseil \u0152cum\u00e9nique des \u00c9glises et de certaines communaut\u00e9s juives.  \u00ab\u00a0Nous ne sommes pas pleinement conscients de la sp\u00e9cificit\u00e9 de la pr\u00e9sence de tant de d\u00e9nominations chr\u00e9tiennes en Hongrie. D&rsquo;ailleurs, le Mouvement des Focolari fait d\u00e9j\u00e0 un travail important ici, tant au niveau du dialogue \u0152cum\u00e9nique qu&rsquo;Interreligieux, mais nous pouvons et devons faire plus. La joie du Pape nous encourage \u00e0 faire davantage usage de cette sp\u00e9cificit\u00e9 qui est la n\u00f4tre\u00a0\u00bb.  C&rsquo;est la voix d&rsquo;Eszter, 47 ans, mari\u00e9e, m\u00e8re de cinq enfants, directrice de la Maison d\u2019\u00c9dition Nouvelle Cit\u00e9 en Hongrie (\u00daj V\u00e1ros) et r\u00e9dactrice de la section spiritualit\u00e9 du magazine en ligne du m\u00eame nom. \u00ab\u00a0Vivre pour son fr\u00e8re &#8211; dit-elle &#8211; signifie red\u00e9couvrir que l&rsquo;unit\u00e9 et J\u00e9sus abandonn\u00e9 sont les deux faces d&rsquo;une m\u00eame pi\u00e8ce, et ce cheminement ne peut se faire qu&rsquo;en se nourrissant de l&rsquo;Eucharistie\u00a0\u00bb.  Un chemin commun qui monte, \u00e0 suivre tous ensemble. C&rsquo;est l&rsquo;unit\u00e9 dont ce peuple a tant besoin, explique \u00c1goston, pr\u00e9sentateur radio qui a travaill\u00e9 ces derni\u00e8res ann\u00e9es comme directeur de la communication du Congr\u00e8s Eucharistique : \u00ab\u00a0Je n&rsquo;ai jamais eu de ma vie un d\u00e9sir d&rsquo;unit\u00e9 aussi fort que maintenant. Une unit\u00e9 comprise, bien s\u00fbr, comme un dialogue avec les repr\u00e9sentants des diff\u00e9rentes religions, mais aussi comme un rapprochement entre nous : membres des Focolari, hommes et femmes hongrois. Il me semble que c&rsquo;est un grand d\u00e9fi de s&rsquo;efforcer de d\u00e9fendre des valeurs et en m\u00eame temps de rechercher une relation avec les personnes qui nous entourent. R\u00e9cemment, il semble que ces facteurs s&rsquo;excluent mutuellement, mais ce n&rsquo;est pas vrai. Nous devons faire preuve de plus de courage pour nous approcher les uns des autres, en acceptant le risque\u00a0\u00bb.  C&rsquo;est pour cette raison que le Pape Fran\u00e7ois, au c\u0153ur de l&rsquo;Europe, parcourant les lieux qui ont subi la violence du totalitarisme, invite chacun \u00e0 devenir une \u2018\u2019racine\u2019\u2019, une racine de paix qui, en remuant le sol de la m\u00e9moire, est capable de la nourrir et de faire germer l&rsquo;avenir. Ce d\u00e9sir habite \u00e9galement le c\u0153ur de Gergely, un jeune p\u00e8re hongrois, r\u00e9dacteur en chef de la revue Nouvelle Cit\u00e9 en Hongrois.  \u00ab\u00a0J&rsquo;ai \u00e9t\u00e9 tr\u00e8s frapp\u00e9 par une phrase que le Pape a prononc\u00e9e lors de sa derni\u00e8re hom\u00e9lie sur la place des H\u00e9ros \u00e0 Budapest, \u00e0 la conclusion du Congr\u00e8s Eucharistique International : l&rsquo;Eucharistie nous pousse \u00e0 \u2018\u2019nous rompre pour les autres\u2019\u2019. J&rsquo;ai besoin de l&rsquo;Eucharistie comme nourriture spirituelle. C&rsquo;est un moyen tr\u00e8s puissant de sortir de nous-m\u00eames et gr\u00e2ce auquel nous sommes de moins en moins dispos\u00e9s \u00e0 nous ignorer. Lorsque je sors de l&rsquo;\u00e9glise, poursuit-il, et qu&rsquo;apr\u00e8s la communion, je me dispute avec ma femme, je ressens imm\u00e9diatement le contraste : J\u00e9sus m&rsquo;aime, ind\u00e9pendamment de qui je suis, alors comment ne pas voir l&rsquo;autre avec Ses yeux ? La discussion devient alors une conversation profonde qui se termine par une r\u00e9conciliation. Nous devons voir l&rsquo;autre comme quelqu&rsquo;un \u00e0 servir, \u00e0 aimer et \u00e0 accepter tel qu\u2019il est, et je suis s\u00fbr que l&rsquo;Eucharistie peut nous aider \u00e0 relever ce d\u00e9fi. J&rsquo;ai toujours v\u00e9cu la pr\u00e9sence de tant d\u2019\u00c9glises en Hongrie comme une richesse et mon r\u00eave est d&rsquo;\u00eatre uni \u00e0 tous. Je voudrais toujours me concentrer sur ce qui nous unit vraiment, et c&rsquo;est ce que le charisme de Chiara Lubich m&rsquo;a appris au fil des ans : construire des ponts et trouver J\u00e9sus en chaque personne\u00a0\u00bb. <\/p>\n<p style=\"text-align: right;\">\u00a0\u00a0\u00a0\u00a0\u00a0\u00a0\u00a0\u00a0\u00a0\u00a0\u00a0\u00a0\u00a0\u00a0\u00a0\u00a0\u00a0\u00a0\u00a0\u00a0\u00a0\u00a0\u00a0\u00a0\u00a0\u00a0\u00a0\u00a0\u00a0\u00a0\u00a0\u00a0\u00a0\u00a0\u00a0\u00a0\u00a0\u00a0\u00a0\u00a0\u00a0\u00a0\u00a0\u00a0\u00a0\u00a0\u00a0\u00a0\u00a0\u00a0\u00a0\u00a0\u00a0\u00a0\u00a0\u00a0\u00a0\u00a0\u00a0\u00a0\u00a0\u00a0\u00a0\u00a0\u00a0\u00a0\u00a0\u00a0\u00a0\u00a0\u00a0\u00a0\u00a0\u00a0\u00a0\u00a0\u00a0\u00a0\u00a0\u00a0\u00a0\u00a0\u00a0\u00a0\u00a0\u00a0\u00a0\u00a0\u00a0\u00a0\u00a0\u00a0\u00a0\u00a0\u00a0\u00a0\u00a0\u00a0\u00a0\u00a0\u00a0\u00a0\u00a0\u00a0\u00a0\u00a0\u00a0\u00a0\u00a0\u00a0\u00a0\u00a0\u00a0\u00a0<em>\u00a0\u00a0\u00a0 Maria Grazia Berretta<\/em><\/p>\n<p> &nbsp;<\/p>\n","protected":false},"excerpt":{"rendered":"<p>Faire fructifier l&rsquo;esp\u00e9rance. C&rsquo;est la graine que le Pape Fran\u00e7ois a sem\u00e9e lors de son Voyage Apostolique \u00e0 Budapest, le 12 septembre dernier \u00e0 l&rsquo;occasion de la messe de cl\u00f4ture du 52e Congr\u00e8s Eucharistique International, peu avant de se rendre en Slovaquie. Le moment fort de cette br\u00e8ve \u00e9tape a \u00e9t\u00e9 la Statio Orbis, \u00ab\u00a0une pause d&rsquo;engagement et de pri\u00e8re\u00a0\u00bb au cours de laquelle les \u00c9glises particuli\u00e8res se sont unies en communion avec le Pape autour du myst\u00e8re eucharistique, afin d\u2019 approfondir leur foi. Quelques membres du Mouvement des Focolari pr\u00e9sents \u00e0 l&rsquo;\u00e9v\u00e9nement nous livrent leur exp\u00e9rience.<\/p>\n","protected":false},"author":33,"featured_media":0,"comment_status":"open","ping_status":"open","sticky":false,"template":"","format":"standard","meta":{"give_campaign_id":0,"_seopress_robots_primary_cat":"","_seopress_titles_title":"","_seopress_titles_desc":"","_seopress_robots_index":"","_et_pb_use_builder":"","_et_pb_old_content":"","_et_gb_content_width":"","footnotes":""},"categories":[47],"tags":[],"class_list":["post-314890","post","type-post","status-publish","format-standard","hentry","category-non-classifiee"],"_links":{"self":[{"href":"https:\/\/www.focolare.org\/fr\/wp-json\/wp\/v2\/posts\/314890","targetHints":{"allow":["GET"]}}],"collection":[{"href":"https:\/\/www.focolare.org\/fr\/wp-json\/wp\/v2\/posts"}],"about":[{"href":"https:\/\/www.focolare.org\/fr\/wp-json\/wp\/v2\/types\/post"}],"author":[{"embeddable":true,"href":"https:\/\/www.focolare.org\/fr\/wp-json\/wp\/v2\/users\/33"}],"replies":[{"embeddable":true,"href":"https:\/\/www.focolare.org\/fr\/wp-json\/wp\/v2\/comments?post=314890"}],"version-history":[{"count":0,"href":"https:\/\/www.focolare.org\/fr\/wp-json\/wp\/v2\/posts\/314890\/revisions"}],"wp:attachment":[{"href":"https:\/\/www.focolare.org\/fr\/wp-json\/wp\/v2\/media?parent=314890"}],"wp:term":[{"taxonomy":"category","embeddable":true,"href":"https:\/\/www.focolare.org\/fr\/wp-json\/wp\/v2\/categories?post=314890"},{"taxonomy":"post_tag","embeddable":true,"href":"https:\/\/www.focolare.org\/fr\/wp-json\/wp\/v2\/tags?post=314890"}],"curies":[{"name":"wp","href":"https:\/\/api.w.org\/{rel}","templated":true}]}}