{"id":314896,"date":"2021-10-04T01:00:31","date_gmt":"2021-10-03T23:00:31","guid":{"rendered":"https:\/\/www.focolare.org\/chiara-lubich-une-relation-harmonieuse-avec-la-nature\/"},"modified":"2024-05-15T21:02:16","modified_gmt":"2024-05-15T19:02:16","slug":"chiara-lubich-une-relation-harmonieuse-avec-la-nature","status":"publish","type":"post","link":"https:\/\/www.focolare.org\/fr\/chiara-lubich-une-relation-harmonieuse-avec-la-nature\/","title":{"rendered":"Chiara Lubich\u00a0: une relation harmonieuse avec la nature"},"content":{"rendered":"<p><em>Aujourd&rsquo;hui, 4\u00a0octobre, la f\u00eate de saint Fran\u00e7ois d&rsquo;Assise, patron de l&rsquo;\u00e9cologie, marque la fin du \u00ab\u00a0Temps de la Cr\u00e9ation\u00a0\u00bb, la c\u00e9l\u00e9bration annuelle de la pri\u00e8re et de l&rsquo;action pour notre maison commune. Les diff\u00e9rentes \u00c9glises et communaut\u00e9s eccl\u00e9siales du monde entier s&rsquo;unissent pour prot\u00e9ger et d\u00e9fendre la Cr\u00e9ation. Chiara Lubich nous invite dans ce passage \u00e0 avoir, en personne, une relation juste avec l&rsquo;environnement.<\/em>  [&#8230;] Des propositions sont faites de toutes parts pour gu\u00e9rir notre monde malade. [&#8230;] Les jeunes sont particuli\u00e8rement sensibles \u00e0 cette question et ressentent la n\u00e9cessit\u00e9 de changements radicaux dans la relation avec l&rsquo;environnement, dans la relation entre les individus et les \u00c9tats et dans l&rsquo;utilisation des connaissances scientifiques. Ils se rendent \u00e9galement compte que la protection de l&rsquo;environnement et la consolidation de la paix ne sont possibles que si elles sont pratiqu\u00e9es \u00e0 l&rsquo;\u00e9chelle plan\u00e9taire. Ils sont convaincus que pour r\u00e9aliser l&rsquo;id\u00e9al d&rsquo;un monde uni, la primaut\u00e9 de l&rsquo;homme sur la science et la technologie doit \u00eatre affirm\u00e9e.  [&#8230;] Eh bien, il s&rsquo;agit d&rsquo;apporter notre propre contribution concr\u00e8te, m\u00eame petite, \u00e0 la r\u00e9solution des grands probl\u00e8mes. Nos jeunes l&rsquo;ont compris et ont d\u00e9j\u00e0 entrepris diverses initiatives qui expriment une conscience \u00e9cologique personnelle et collective, sous de nombreuses formes, notamment dans l&rsquo;achat de produits qui n&rsquo;ont pas d&rsquo;impact n\u00e9gatif sur l&rsquo;environnement, dans la collecte des d\u00e9chets qui polluent l&rsquo;environnement et dans tous ces choix qui d\u00e9coulent d&rsquo;un profond respect pour la nature.  C&rsquo;est en commen\u00e7ant par de petits probl\u00e8mes locaux que se forme une conscience morale capable de s&rsquo;attaquer aux probl\u00e8mes \u00e0 l&rsquo;\u00e9chelle mondiale. Apr\u00e8s tout, l&rsquo;\u00e9cologie est un d\u00e9fi qui ne peut \u00eatre relev\u00e9 qu&rsquo;en changeant les mentalit\u00e9s et en formant les consciences.  De nombreuses \u00e9tudes scientifiques s\u00e9rieuses ont montr\u00e9 que les ressources techniques et \u00e9conomiques pour am\u00e9liorer l&rsquo;environnement ne manquent pas. Ce qui manque, en revanche, c&rsquo;est ce suppl\u00e9ment d&rsquo;\u00e2me, ce nouvel amour pour l&rsquo;homme, qui fait que nous nous sentons tous responsables de chacun, dans l&rsquo;effort commun pour g\u00e9rer les ressources de la terre de mani\u00e8re intelligente, juste et mesur\u00e9e. N&rsquo;oublions pas que Dieu le Cr\u00e9ateur a confi\u00e9 la terre \u00e0 tous les hommes et \u00e0 toutes les femmes, et pas seulement \u00e0 un peuple ou \u00e0 un groupe de personnes. La r\u00e9partition des biens dans le monde, l&rsquo;aide aux populations les plus pauvres, la solidarit\u00e9 du Nord pour le Sud, des riches pour les pauvres est l&rsquo;autre face du probl\u00e8me \u00e9cologique.  [&#8230;] La Bible, dans son r\u00e9cit de la Cr\u00e9ation, nous enseigne que ce n&rsquo;est qu&rsquo;en harmonie avec le plan de Dieu que la nature et l&rsquo;homme trouvent l&rsquo;ordre et la paix. Si l&rsquo;homme n&rsquo;est pas en paix avec Dieu, la terre elle-m\u00eame n&rsquo;est pas en paix.  [&#8230;] Si nous d\u00e9couvrons que toute la Cr\u00e9ation est un don d&rsquo;un P\u00e8re qui nous aime, il sera beaucoup plus facile de trouver une relation harmonieuse avec la nature.  Et si nous d\u00e9couvrons \u00e9galement que ce don est destin\u00e9 \u00e0 tous les membres de la famille humaine, et pas seulement \u00e0 certains, nous accorderons plus d&rsquo;attention et de respect \u00e0 quelque chose qui appartient \u00e0 l&rsquo;ensemble de l&rsquo;humanit\u00e9, pr\u00e9sente et future. <\/p>\n<p style=\"text-align: right;\"><em>Chiara Lubich<\/em><\/p>\n<p> (<em>Lettre de Chiara Lubich \u00e0 Nikkyo Niwano \u2013 1990<\/em>, in POLI, R. e CONTE, A., <em>Vita, salute, ambiente tra speranza e responsabilit\u00e0<\/em>, Citt\u00e1 Nuova, Roma, 2021, pp. 32-34)  Bonnes pratiques et activit\u00e9s\u00a0: <a href=\"http:\/\/www.unitedworldproject.org\/fr\/daretocare2021\/\" target=\"_blank\" rel=\"noopener\">http:\/\/www.unitedworldproject.org\/daretocare2021\/<\/a><\/p>\n","protected":false},"excerpt":{"rendered":"<p>Aujourd&rsquo;hui, 4\u00a0octobre, la f\u00eate de saint Fran\u00e7ois d&rsquo;Assise, patron de l&rsquo;\u00e9cologie, marque la fin du \u00ab\u00a0Temps de la Cr\u00e9ation\u00a0\u00bb, la c\u00e9l\u00e9bration annuelle de la pri\u00e8re et de l&rsquo;action pour notre maison commune. Les diff\u00e9rentes \u00c9glises et communaut\u00e9s eccl\u00e9siales du monde entier s&rsquo;unissent pour prot\u00e9ger et d\u00e9fendre la Cr\u00e9ation. Chiara Lubich nous invite dans ce passage \u00e0 avoir, en personne, une relation juste avec l&rsquo;environnement.<\/p>\n","protected":false},"author":33,"featured_media":0,"comment_status":"open","ping_status":"open","sticky":false,"template":"","format":"standard","meta":{"give_campaign_id":0,"_seopress_robots_primary_cat":"","_seopress_titles_title":"","_seopress_titles_desc":"","_seopress_robots_index":"","_et_pb_use_builder":"","_et_pb_old_content":"","_et_gb_content_width":"","footnotes":""},"categories":[47],"tags":[],"class_list":["post-314896","post","type-post","status-publish","format-standard","hentry","category-non-classifiee"],"_links":{"self":[{"href":"https:\/\/www.focolare.org\/fr\/wp-json\/wp\/v2\/posts\/314896","targetHints":{"allow":["GET"]}}],"collection":[{"href":"https:\/\/www.focolare.org\/fr\/wp-json\/wp\/v2\/posts"}],"about":[{"href":"https:\/\/www.focolare.org\/fr\/wp-json\/wp\/v2\/types\/post"}],"author":[{"embeddable":true,"href":"https:\/\/www.focolare.org\/fr\/wp-json\/wp\/v2\/users\/33"}],"replies":[{"embeddable":true,"href":"https:\/\/www.focolare.org\/fr\/wp-json\/wp\/v2\/comments?post=314896"}],"version-history":[{"count":0,"href":"https:\/\/www.focolare.org\/fr\/wp-json\/wp\/v2\/posts\/314896\/revisions"}],"wp:attachment":[{"href":"https:\/\/www.focolare.org\/fr\/wp-json\/wp\/v2\/media?parent=314896"}],"wp:term":[{"taxonomy":"category","embeddable":true,"href":"https:\/\/www.focolare.org\/fr\/wp-json\/wp\/v2\/categories?post=314896"},{"taxonomy":"post_tag","embeddable":true,"href":"https:\/\/www.focolare.org\/fr\/wp-json\/wp\/v2\/tags?post=314896"}],"curies":[{"name":"wp","href":"https:\/\/api.w.org\/{rel}","templated":true}]}}