{"id":314938,"date":"2021-11-09T13:30:20","date_gmt":"2021-11-09T12:30:20","guid":{"rendered":"https:\/\/www.focolare.org\/declaration-du-mouvement-des-focolari-a-loccasion-de-la-publication-en-italie-du-livre-la-setta-divina-la-secte-divine-de-ferruccio-pinotti\/"},"modified":"2024-05-15T21:02:24","modified_gmt":"2024-05-15T19:02:24","slug":"declaration-du-mouvement-des-focolari-a-loccasion-de-la-publication-en-italie-du-livre-la-setta-divina-la-secte-divine-de-ferruccio-pinotti","status":"publish","type":"post","link":"https:\/\/www.focolare.org\/fr\/declaration-du-mouvement-des-focolari-a-loccasion-de-la-publication-en-italie-du-livre-la-setta-divina-la-secte-divine-de-ferruccio-pinotti\/","title":{"rendered":"D\u00e9claration du Mouvement des Focolari \u00e0 l&rsquo;occasion de la publication en Italie du livre \u00ab\u00a0La setta\u00a0divina\u00a0\u00bb (la secte divine) de Ferruccio\u00a0Pinotti"},"content":{"rendered":"<p><em>Le Mouvement des Focolari a pris connaissance de la publication du livre \u00ab\u00a0La setta divina\u00a0\u00bb (La secte divine) du journaliste Ferruccio Pinotti (\u00c9d. PIEMME), sorti aujourd&rsquo;hui, 9 novembre 2021, dans les librairies italiennes.<\/em>  Ce livre arrive \u00e0 un moment difficile et crucial de l&rsquo;histoire du Mouvement des Focolari\u00a0: celui du passage de la p\u00e9riode de fondation \u00e0 la phase post-fondation. C&rsquo;est une p\u00e9riode qui, tout au long de l&rsquo;histoire de l&rsquo;\u00c9glise, a souvent mis \u00e0 rude \u00e9preuve les ordres religieux, les mouvements et les communaut\u00e9s n\u00e9s d\u2019une inspiration charismatique.  Le livre de Ferruccio\u00a0Pinotti entend montrer que, dans le Mouvement des Focolari aussi, le z\u00e8le initial a parfois conduit \u00e0 des interpr\u00e9tations erron\u00e9es du charisme de Chiara Lubich et\/ou \u00e0 des actions d\u00e9viantes. Des documents que Pinotti a trouv\u00e9s et publi\u00e9s dans le livre concernant certains d\u00e9bats internes au Mouvement des Focolari, il ressort cependant une prise de conscience croissante parmi les membres de ces d\u00e9viances &#8211; et d&rsquo;autres encore &#8211; au cours de son histoire et de la n\u00e9cessit\u00e9 d&rsquo;y rem\u00e9dier.  Toutefois, le livre ne semble pas proposer une pr\u00e9sentation objective et pond\u00e9r\u00e9e de ce charisme reconnu par l&rsquo;\u00c9glise catholique, et ne tient pas compte de l&rsquo;engagement de dizaines de milliers de personnes qui, inspir\u00e9es par la vie et les enseignements de la fondatrice, se consacrent quotidiennement dans le monde entier, avec g\u00e9n\u00e9rosit\u00e9, \u00e0 cr\u00e9er des relations, \u00e0 gu\u00e9rir les blessures et \u00e0 surmonter les divisions dans tous les domaines de la vie eccl\u00e9siale et sociale, afin de construire un monde plus fraternel et uni.  Nous consid\u00e9rons comme indiscutable la douleur des personnes qui, dans ces pages, racontent leur histoire de grandes souffrances, de d\u00e9ceptions, de duperies et d&rsquo;abus subis, ainsi que celle des personnes qui n&rsquo;ont pas souhait\u00e9 rendre publics leurs t\u00e9moignages. Le Mouvement des Focolari, en la personne de sa pr\u00e9sidente, Margaret\u00a0Karram, et de son copr\u00e9sident, Jes\u00fas\u00a0Mor\u00e1n, exprime une fois de plus sa honte et sa tristesse vis-\u00e0-vis des victimes et de tous ceux et celles qui se sont sentis offens\u00e9s, sa proximit\u00e9 et son d\u00e9sir de poursuivre ou d&rsquo;entamer un chemin de dialogue avec eux. Il r\u00e9affirme son engagement \u00e0 lutter contre toutes les formes d&rsquo;abus, \u00e0 poursuivre la pr\u00e9vention et la formation des membres et des responsables, et r\u00e9it\u00e8re son invitation \u00e0 tous ceux et celles qui ont des faits ou des r\u00e9cits d&rsquo;abus \u00e0 les signaler \u00e0 la Commission pour le bien-\u00eatre et la protection des mineurs et des adultes vuln\u00e9rables (CO.BE.TU.) ou \u00e0 leurs organes d&rsquo;\u00c9glise respectifs.  Malgr\u00e9 la lecture partielle, unilat\u00e9rale, parfois inexacte ou r\u00e9ductrice de l&rsquo;histoire, de la spiritualit\u00e9 et de l&rsquo;activit\u00e9 du Mouvement, nous consid\u00e9rons ce livre comme une impulsion suppl\u00e9mentaire dans la poursuite des processus de conversion et de renouveau en cours, dans la fid\u00e9lit\u00e9 au charisme fondateur et dans le d\u00e9veloppement d&rsquo;un dialogue ouvert, libre et critique au sein du Mouvement et avec quiconque souhaite comprendre pleinement sa r\u00e9alit\u00e9 et collaborer avec lui. <\/p>\n<p style=\"text-align: right;\"><em>Stefania Tanesini<\/em><\/p>\n","protected":false},"excerpt":{"rendered":"<p>Le Mouvement des Focolari a pris connaissance de la publication du livre \u00ab\u00a0La setta\u00a0divina\u00a0\u00bb (La secte divine) du journaliste Ferruccio\u00a0Pinotti (\u00c9d. PIEMME), sorti aujourd&rsquo;hui dans les librairies italiennes.<\/p>\n","protected":false},"author":27,"featured_media":0,"comment_status":"open","ping_status":"open","sticky":false,"template":"","format":"standard","meta":{"give_campaign_id":0,"_seopress_robots_primary_cat":"","_seopress_titles_title":"","_seopress_titles_desc":"","_seopress_robots_index":"","_et_pb_use_builder":"","_et_pb_old_content":"","_et_gb_content_width":"","footnotes":""},"categories":[47],"tags":[],"class_list":["post-314938","post","type-post","status-publish","format-standard","hentry","category-non-classifiee"],"_links":{"self":[{"href":"https:\/\/www.focolare.org\/fr\/wp-json\/wp\/v2\/posts\/314938","targetHints":{"allow":["GET"]}}],"collection":[{"href":"https:\/\/www.focolare.org\/fr\/wp-json\/wp\/v2\/posts"}],"about":[{"href":"https:\/\/www.focolare.org\/fr\/wp-json\/wp\/v2\/types\/post"}],"author":[{"embeddable":true,"href":"https:\/\/www.focolare.org\/fr\/wp-json\/wp\/v2\/users\/27"}],"replies":[{"embeddable":true,"href":"https:\/\/www.focolare.org\/fr\/wp-json\/wp\/v2\/comments?post=314938"}],"version-history":[{"count":0,"href":"https:\/\/www.focolare.org\/fr\/wp-json\/wp\/v2\/posts\/314938\/revisions"}],"wp:attachment":[{"href":"https:\/\/www.focolare.org\/fr\/wp-json\/wp\/v2\/media?parent=314938"}],"wp:term":[{"taxonomy":"category","embeddable":true,"href":"https:\/\/www.focolare.org\/fr\/wp-json\/wp\/v2\/categories?post=314938"},{"taxonomy":"post_tag","embeddable":true,"href":"https:\/\/www.focolare.org\/fr\/wp-json\/wp\/v2\/tags?post=314938"}],"curies":[{"name":"wp","href":"https:\/\/api.w.org\/{rel}","templated":true}]}}