{"id":314948,"date":"2021-11-17T03:00:05","date_gmt":"2021-11-17T02:00:05","guid":{"rendered":"https:\/\/www.focolare.org\/evangile-vecu-heureux-ceux-qui-font-oeuvre-de-paix-ils-seront-appeles-fils-de-dieu-mt-5-9\/"},"modified":"2024-05-15T21:02:26","modified_gmt":"2024-05-15T19:02:26","slug":"evangile-vecu-heureux-ceux-qui-font-oeuvre-de-paix-ils-seront-appeles-fils-de-dieu-mt-5-9","status":"publish","type":"post","link":"https:\/\/www.focolare.org\/fr\/evangile-vecu-heureux-ceux-qui-font-oeuvre-de-paix-ils-seront-appeles-fils-de-dieu-mt-5-9\/","title":{"rendered":"\u00c9vangile v\u00e9cu : \u00ab\u00a0Heureux ceux qui font \u0153uvre de paix, ils seront appel\u00e9s fils de Dieu\u00a0\u00bb (Mt 5, 9)"},"content":{"rendered":"<p><em>Comme sur un chantier ouvert o\u00f9 chacun est appel\u00e9 \u00e0 \u00ab\u00a0faire\u00a0\u00bb. C&rsquo;est la paix, pas seulement l&rsquo;absence de guerre ou un concept abstrait. C&rsquo;est quelque chose \u00e0 construire ensemble, en affrontant toutes les difficult\u00e9s et en partant de notre petitesse. <\/em>  <strong>Un autre Rob<\/strong> Rob avait quitt\u00e9 la maison apr\u00e8s une dispute qui semblait mettre fin \u00e0 notre mariage. Deux ans s&rsquo;\u00e9taient \u00e9coul\u00e9s depuis son d\u00e9part, sans autre nouvelle de lui que ce que ses parents m&rsquo;avaient dit : il passait des auditions pour des films et commen\u00e7ait \u00e0 entrer dans le monde du cin\u00e9ma. Quand il est revenu d&rsquo;Italie, d\u00e9\u00e7u et sans le sou, il ressemblait \u00e0 un chien battu. En pleurant, il a demand\u00e9 mon pardon. L&rsquo;homme que j&rsquo;avais aim\u00e9, estim\u00e9 et choisi comme compagnon de vie semblait \u00eatre maintenant un \u00e9tranger, un rat\u00e9. O\u00f9 \u00e9tait pass\u00e9e sa fiert\u00e9 ? Et la beaut\u00e9 qui \u00e9tait sa fiert\u00e9 ? Quant \u00e0 moi, pendant la p\u00e9riode d&rsquo;absence de mon mari, je m&rsquo;\u00e9tais rapproch\u00e9e de la foi et j&rsquo;avais commenc\u00e9 \u00e0 fonder ma vie sur des valeurs que j&rsquo;avais n\u00e9glig\u00e9es. Quand il est revenu, j&rsquo;ai senti que Dieu testait ma foi. J\u2019en suis sortie renforc\u00e9e. Maintenant, lui aussi a trouv\u00e9 non seulement une nouvelle paix, mais nous d\u00e9couvrons ensemble une nouvelle fa\u00e7on de vivre. Ce n&rsquo;est que maintenant que j&rsquo;ai l&rsquo;impression de commencer \u00e0 conna\u00eetre un autre Rob. (R. H. &#8211; Suisse)  <strong>B\u00e2tisseurs d&rsquo;unit\u00e9<\/strong> Lors d&rsquo;une r\u00e9union de travail t\u00e9l\u00e9matique dans mon groupe de membres de diff\u00e9rents pays, apr\u00e8s les pr\u00e9sentations, quelqu&rsquo;un a imprudemment os\u00e9 d\u00e9finir les autres en fonction de leur \u00ab\u00a0couleur\u00a0\u00bb politique avec des relents de nationalisme et de fascisme. La tension qui en a d\u00e9coul\u00e9 a d\u00e9g\u00e9n\u00e9r\u00e9 en un \u00e9change de propos outrageux. En tant que journaliste ayant beaucoup voyag\u00e9 et ayant \u00e9galement \u00e9tudi\u00e9 l&rsquo;histoire des pays en question, mon opinion \u00e9tait bien diff\u00e9rente de celle de ceux qui se fiaient aux ou\u00ef-dire et aux reportages des m\u00e9dias. La session de ce jour-l\u00e0 a \u00e9t\u00e9 un v\u00e9ritable \u00e9chec. Le lendemain, en pr\u00e9parant un autre groupe de travail, je me suis attach\u00e9 \u00e0 ne mettre en \u00e9vidence chez chaque participant que les \u00e9l\u00e9ments qui construisent et non ceux qui divisent. Les choses se sont pass\u00e9es diff\u00e9remment, \u00e0 tel point que lorsque c&rsquo;\u00e9tait mon tour d&rsquo;intervenir, tout le monde se sentait valoris\u00e9. D&rsquo;o\u00f9 une r\u00e9flexion : on peut devenir, ne serait-ce qu&rsquo;en gardant le silence, un complice de la d\u00e9sint\u00e9gration ou un \u00e9l\u00e9ment constructif et unificateur. Il en co\u00fbte cher de r\u00e9aliser le r\u00eave de J\u00e9sus \u00ab\u00a0Que tous soient un\u00a0\u00bb. (G.M. &#8211; Hongrie)  <strong>Dans le silence <\/strong> A l&rsquo;h\u00f4pital, je devais faire des gardes de nuit avec un autre m\u00e9decin. Il \u00e9tait chr\u00e9tien, mais pas pratiquant, et comme il me voyait aller \u00e0 la messe presque tous les jours, il se moquait souvent de moi. Notre garde a dur\u00e9 toute la nuit, mais il m&rsquo;a d\u00e9j\u00e0 quitt\u00e9 en fin d&rsquo;apr\u00e8s-midi, ce qui a repr\u00e9sent\u00e9 beaucoup de travail suppl\u00e9mentaire pour moi. Malgr\u00e9 cela, j&rsquo;ai essay\u00e9 de garder une attitude ouverte envers lui, sans jugement, pendant un mois, deux mois&#8230; Un jour, il a exprim\u00e9 le d\u00e9sir d&rsquo;aller \u00e0 la messe avec moi (\u00ab\u00a0Au cours de ces mois, j&rsquo;ai appris beaucoup de choses de ta fa\u00e7on d&rsquo;aimer en silence\u00a0\u00bb). Depuis, non seulement il prend son tour de garde jusqu&rsquo;\u00e0 la fin, mais il veille aussi \u00e0 ne pas trop me fatiguer pendant la nuit. (Bashar &#8211; Irak) <\/p>\n<p style=\"text-align: right;\"><em>Maria Grazia Berretta<\/em><\/p>\n<p> <em>(extrait de Il Vangelo del Giorno, Citt\u00e0 Nuova, ann\u00e9e VII, n.4, novembre-d\u00e9cembre 2021)<\/em><\/p>\n","protected":false},"excerpt":{"rendered":"<p>Comme sur un chantier ouvert o\u00f9 chacun est appel\u00e9 \u00e0 \u00ab\u00a0faire\u00a0\u00bb. C&rsquo;est la paix, pas seulement l&rsquo;absence de guerre ou un concept abstrait. C&rsquo;est quelque chose \u00e0 construire ensemble, en affrontant toutes les difficult\u00e9s et en partant de notre petitesse.<\/p>\n","protected":false},"author":33,"featured_media":0,"comment_status":"open","ping_status":"open","sticky":false,"template":"","format":"standard","meta":{"give_campaign_id":0,"_seopress_robots_primary_cat":"","_seopress_titles_title":"","_seopress_titles_desc":"","_seopress_robots_index":"","_et_pb_use_builder":"","_et_pb_old_content":"","_et_gb_content_width":"","footnotes":""},"categories":[47],"tags":[],"class_list":["post-314948","post","type-post","status-publish","format-standard","hentry","category-non-classifiee"],"_links":{"self":[{"href":"https:\/\/www.focolare.org\/fr\/wp-json\/wp\/v2\/posts\/314948","targetHints":{"allow":["GET"]}}],"collection":[{"href":"https:\/\/www.focolare.org\/fr\/wp-json\/wp\/v2\/posts"}],"about":[{"href":"https:\/\/www.focolare.org\/fr\/wp-json\/wp\/v2\/types\/post"}],"author":[{"embeddable":true,"href":"https:\/\/www.focolare.org\/fr\/wp-json\/wp\/v2\/users\/33"}],"replies":[{"embeddable":true,"href":"https:\/\/www.focolare.org\/fr\/wp-json\/wp\/v2\/comments?post=314948"}],"version-history":[{"count":0,"href":"https:\/\/www.focolare.org\/fr\/wp-json\/wp\/v2\/posts\/314948\/revisions"}],"wp:attachment":[{"href":"https:\/\/www.focolare.org\/fr\/wp-json\/wp\/v2\/media?parent=314948"}],"wp:term":[{"taxonomy":"category","embeddable":true,"href":"https:\/\/www.focolare.org\/fr\/wp-json\/wp\/v2\/categories?post=314948"},{"taxonomy":"post_tag","embeddable":true,"href":"https:\/\/www.focolare.org\/fr\/wp-json\/wp\/v2\/tags?post=314948"}],"curies":[{"name":"wp","href":"https:\/\/api.w.org\/{rel}","templated":true}]}}