{"id":315044,"date":"2022-02-01T10:20:31","date_gmt":"2022-02-01T09:20:31","guid":{"rendered":"https:\/\/www.focolare.org\/processus-daide-aux-victimes-dabus-de-la-part-de-lancien-focolarino-jean-michel-m\/"},"modified":"2024-05-15T21:02:45","modified_gmt":"2024-05-15T19:02:45","slug":"processus-daide-aux-victimes-dabus-de-la-part-de-lancien-focolarino-jean-michel-m","status":"publish","type":"post","link":"https:\/\/www.focolare.org\/fr\/processus-daide-aux-victimes-dabus-de-la-part-de-lancien-focolarino-jean-michel-m\/","title":{"rendered":"Processus d\u2019aide aux victimes d&rsquo;abus de la part de l&rsquo;ancien focolarino Jean-Michel M."},"content":{"rendered":"<p>Afin de respecter son engagement envers les victimes de Jean-Michel M., ancien focolarino\u00a0\u00a0 condamn\u00e9 pour abus sur mineurs, le Mouvement des Focolari a mis au point un processus de soutien psychologique \u00e0 proposer aux victimes qui le souhaitent. Ce service (voir annexe) est propos\u00e9 dans le cadre de l&rsquo;enqu\u00eate ind\u00e9pendante men\u00e9e par <a href=\"https:\/\/inquiry.gcps.consulting\/\">GCPS Consulting<\/a>, qui a \u00e9cout\u00e9 l&rsquo;avis des victimes.\u00a0 Bien entendu, ce soutien est un premier pas dans le sens des engagements que le Mouvement souhaite prendre pour l&rsquo;avenir et au-del\u00e0 de la publication du rapport de GCPS Consulting.  Dans cette optique, le Mouvement des Focolari a identifi\u00e9 le <a href=\"https:\/\/www.viereligieuse.fr\/Reseau-Simon\">R\u00e9seau Simon<\/a> comme un instrument appropri\u00e9 pour accueillir, \u00e9couter et accompagner les victimes et les personnes touch\u00e9es par ces souffrances. Le R\u00e9seau Simon est compos\u00e9 de psychoth\u00e9rapeutes, de psychiatres et d&rsquo;accompagnateurs spirituels qui sont disponibles pour proposer un parcours psychologique ou psychiatrique \u00e0 ceux qui en ont besoin ou qui le demandent.  L&rsquo;accord entre le Mouvement des Focolari et le R\u00e9seau Simon vise \u00e0 garantir que les victimes puissent utiliser ce service au plus pr\u00e8s de leur lieu de r\u00e9sidence (le r\u00e9seau couvre la majeure partie du territoire fran\u00e7ais).  Il est \u00e9galement possible, pour ceux qui ne souhaitent pas utiliser ce r\u00e9seau de soutien fourni par le Mouvement des Focolari, de se tourner vers d&rsquo;autres professionnels en qui ils ont confiance. Dans tous les cas, tant les professionnels du R\u00e9seau Simon que ceux en qui les victimes ont confiance s&rsquo;accorderont sur tous les aspects du processus d&rsquo;accompagnement psychologique ou psychiatrique avec un professionnel ind\u00e9pendant identifi\u00e9 par le Mouvement des Focolari, en la personne du Dr Alexis Vancappel, qui assumera le r\u00f4le de coordinateur pour cet aspect.  Le Dr Vancappel est psychologue, sp\u00e9cialis\u00e9 dans la th\u00e9rapie cognitivo-comportementale et la neuropsychologie. Il travaille comme psychologue clinicien \u00e0 la Clinique Psychiatrique Universitaire, CHU de Tours.  &#8211; Il est membre des Centres experts d\u00e9pression r\u00e9sistante (CEDR), Fondation R\u00e9seau national multidisciplinaire, engag\u00e9 dans la recherche sur la d\u00e9pression r\u00e9sistante.  &#8211; Membre de l\u2019Inserm, Equipe Imagerie et Cerveau &#8211; Laboratoire m\u00e9dical d\u00e9di\u00e9 \u00e0 l&rsquo;\u00e9tude de la neuropsychiatrie fonctionnelle.  &#8211; Membre du Laboratoire Qualipsy &#8211; Laboratoire de psychologie consacr\u00e9 \u00e0 l&rsquo;\u00e9tude de la qualit\u00e9 de vie. <\/p>\n<p style=\"text-align: left;\">Les d\u00e9tails concernant les autres engagements pris par le Mouvement des Focolari envers les victimes, y compris l\u2019indemnisation des dommages, seront convenus apr\u00e8s la publication du rapport de GCPS Consulting, pr\u00e9vue pour le premier trimestre 2022.<\/p>\n<p style=\"text-align: right;\"><em>Stefania Tanesini<\/em><\/p>\n<p> En annexe :\u00a0 <a href=\"https:\/\/www.focolare.org\/wp-content\/uploads\/2022\/02\/Processus-daide-aux-victimes-ab-mf2.pdf\" target=\"_blank\" rel=\"noopener\">Processus d&rsquo;aide aux victimes\u00a0<\/a>  &nbsp;  &nbsp;  &nbsp;  &nbsp;<\/p>\n","protected":false},"excerpt":{"rendered":"<p>Processus d\u2019aide aux victimes d&rsquo;abus de la part de l&rsquo;ancien focolarino Jean-Michel M.<\/p>\n","protected":false},"author":33,"featured_media":0,"comment_status":"open","ping_status":"open","sticky":false,"template":"","format":"standard","meta":{"give_campaign_id":0,"_seopress_robots_primary_cat":"","_seopress_titles_title":"","_seopress_titles_desc":"","_seopress_robots_index":"","_et_pb_use_builder":"","_et_pb_old_content":"","_et_gb_content_width":"","footnotes":""},"categories":[907,3305],"tags":[],"class_list":["post-315044","post","type-post","status-publish","format-standard","hentry","category-senza-categoria-2-3","category-tutela-minori-fr"],"_links":{"self":[{"href":"https:\/\/www.focolare.org\/fr\/wp-json\/wp\/v2\/posts\/315044","targetHints":{"allow":["GET"]}}],"collection":[{"href":"https:\/\/www.focolare.org\/fr\/wp-json\/wp\/v2\/posts"}],"about":[{"href":"https:\/\/www.focolare.org\/fr\/wp-json\/wp\/v2\/types\/post"}],"author":[{"embeddable":true,"href":"https:\/\/www.focolare.org\/fr\/wp-json\/wp\/v2\/users\/33"}],"replies":[{"embeddable":true,"href":"https:\/\/www.focolare.org\/fr\/wp-json\/wp\/v2\/comments?post=315044"}],"version-history":[{"count":0,"href":"https:\/\/www.focolare.org\/fr\/wp-json\/wp\/v2\/posts\/315044\/revisions"}],"wp:attachment":[{"href":"https:\/\/www.focolare.org\/fr\/wp-json\/wp\/v2\/media?parent=315044"}],"wp:term":[{"taxonomy":"category","embeddable":true,"href":"https:\/\/www.focolare.org\/fr\/wp-json\/wp\/v2\/categories?post=315044"},{"taxonomy":"post_tag","embeddable":true,"href":"https:\/\/www.focolare.org\/fr\/wp-json\/wp\/v2\/tags?post=315044"}],"curies":[{"name":"wp","href":"https:\/\/api.w.org\/{rel}","templated":true}]}}