{"id":315072,"date":"2022-02-24T03:00:21","date_gmt":"2022-02-24T02:00:21","guid":{"rendered":"https:\/\/www.focolare.org\/la-force-des-religions-pour-lenvironnement\/"},"modified":"2024-05-15T21:02:49","modified_gmt":"2024-05-15T19:02:49","slug":"la-force-des-religions-pour-lenvironnement","status":"publish","type":"post","link":"https:\/\/www.focolare.org\/fr\/la-force-des-religions-pour-lenvironnement\/","title":{"rendered":"La force des religions pour l&rsquo;environnement"},"content":{"rendered":"<p><em>Le r\u00f4le des communaut\u00e9s de foi dans la lutte contre le changement climatique et la construction de l&rsquo;avenir. Potentiel et humilit\u00e9. Le programme Faith Plans. Le r\u00f4le des Focolari. Entretien avec Martin Palmer<\/em>  <img alt=\"\" alt=\"\" loading=\"lazy\" decoding=\"async\" class=\"wp-image-247133 alignright\" src=\"https:\/\/www.focolare.org\/wp-content\/uploads\/2022\/02\/Martin-Palmer-495x340.jpg\" alt=\"\" width=\"281\" height=\"193\" \/>La Conf\u00e9rence des Nations Unies sur le changement climatique (<strong>COP 26<\/strong>), qui s&rsquo;est tenue \u00e0 Glasgow, a pris fin en novembre 2021.<strong> Martin Palmer<\/strong>, ancien secr\u00e9taire g\u00e9n\u00e9ral de l&rsquo;Alliance des Religions et de la Conservation (ARC) et actuel Pr\u00e9sident de<strong><em> FaithInvest<\/em><\/strong>, nous aide \u00e0 r\u00e9v\u00e9ler <strong>le<\/strong> <strong>potentiel des communaut\u00e9s de foi dans la lutte contre le changement climatique<\/strong> et le r\u00f4le que les Focolari peuvent jouer dans ce contexte. Martin Palmer est un expert international des principales traditions et cultures religieuses et l&rsquo;auteur de plus de 20 livres sur les questions religieuses et environnementales. Il contribue r\u00e9guli\u00e8rement \u00e0 la BBC et est un <strong>pr\u00e9dicateur la\u00efc<\/strong> pour l&rsquo;\u00c9glise d&rsquo;Angleterre. <strong> Quel est le r\u00f4le sp\u00e9cifique des communaut\u00e9s de foi face \u00e0 une crise \u00e9cologique sans pr\u00e9c\u00e9dent ?<\/strong> \u00ab\u00a0Les grandes fois ne sont pas seulement des sources de sagesse spirituelle ancienne.\u00a0<strong>Elles sont \u00e9galement parmi les acteurs les plus importants de la plan\u00e8te.<\/strong> Sans l&rsquo;action \u00e9ducative, m\u00e9dicale, sociale et caritative des communaut\u00e9s de foi dans les \u00e9coles, les h\u00f4pitaux, l&rsquo;aide \u00e0 la jeunesse, les organismes d&rsquo;aide sociale, etc.,<strong> la soci\u00e9t\u00e9 civile s&rsquo;effondrerait en quelques semaines.<\/strong> Ainsi, si l&rsquo;aspect spirituel est vital parce qu&rsquo;il nous donne une perspective plus large du temps, de l&rsquo;espace et du sens, <strong>si nous ignorons notre r\u00f4le de parties prenantes dans la construction de notre<\/strong> <strong>avenir, nous finissons par rester sur la touche<\/strong> en criant et en esp\u00e9rant que quelqu&rsquo;un nous \u00e9coutera\u00a0\u00bb.  <strong><img alt=\"\" alt=\"\" loading=\"lazy\" decoding=\"async\" class=\"wp-image-247131 alignleft\" src=\"https:\/\/www.focolare.org\/wp-content\/uploads\/2022\/02\/Glasgow-Cop26-602x340.jpg\" alt=\"\" width=\"349\" height=\"197\" \/>Il est important que les communaut\u00e9s de foi jouent un r\u00f4le actif dans la conduite du changement. Avez-vous remarqu\u00e9 un changement d&rsquo;attitude ces derni\u00e8res ann\u00e9es ?<\/strong> \u00ab\u00a0Je vois un<strong> \u00e9norme changement<\/strong>. Pour la premi\u00e8re fois, tous les principaux groupes environnementaux religieux, tels que<em> GreenFaith, Eco-Sikh, Daoist Ecological Temple Network, Hazon<\/em> &#8211; le plus grand groupe environnemental juif &#8211; et bien s\u00fbr maintenant le Vatican \u00e0 travers le <em>Mouvement Laudato Si&rsquo; <\/em>et les<em> Focolari<\/em>, qui travaillent ensemble, c\u00f4te \u00e0 c\u00f4te, r\u00e9unissant le merveilleux pluralisme des diff\u00e9rentes croyances, valeurs et r\u00e9seaux, notamment \u00e0 travers<strong> le programme Faith Plans<\/strong>\u00a0\u00bb. <strong> En octobre 2021, lors de la f\u00eate de saint Fran\u00e7ois d&rsquo;Assise, le pape Fran\u00e7ois et d&rsquo;autres chefs religieux, dont l&rsquo;archev\u00eaque de Canterbury Justin Welby et le patriarche \u0153cum\u00e9nique de Constantinople Bartholom\u00e9e, ont lanc\u00e9 un appel sur le changement climatique et un engagement public \u00e0 cr\u00e9er des plans pour l&rsquo;environnement.\u00a0Pourquoi est-il important de faire un plan ?<\/strong> \u00ab\u00a0Pour que les fois soient vraiment efficaces, nous avons besoin non seulement des merveilleuses paroles et de la sagesse tir\u00e9es des grands courants spirituels, <strong>mais nous avons \u00e9galement besoin de\u00a0 savoir o\u00f9 elles peuvent \u00eatre des agents de changement. <\/strong>Cela signifie qu&rsquo;il faut savoir quelle est l&rsquo;ampleur de leur r\u00f4le en mati\u00e8re d&rsquo;\u00e9ducation dans chaque lieu ou pays, combien de cliniques et d&rsquo;h\u00f4pitaux ils poss\u00e8dent, o\u00f9 sont leurs investissements, combien de terres ils poss\u00e8dent, quel est l&rsquo;\u00e9ventail des comp\u00e9tences professionnelles au sein de la communaut\u00e9 de foi, etc.\u00a0\u00bb. <strong> A votre avis, quelle est la contribution sp\u00e9cifique des Focolari \u00e0 cette conversion \u00e9cologique ? \u00ab\u00a0Le r\u00f4le des Focolari est unique<\/strong>. Non seulement vous \u00eates une grande organisation la\u00efque dans l&rsquo;une des confessions les plus hi\u00e9rarchis\u00e9es du monde, mais <strong>vous \u00eates une source d&rsquo;inspiration bien au-del\u00e0 de vos membres.<\/strong> Pendant des d\u00e9cennies, vous avez travaill\u00e9 \u00e0 travers l&rsquo;\u00c9conomie de communion sur les r\u00e9alit\u00e9s de la vie et du travail de la foi dans la pratique du march\u00e9.\u00a0<strong>La cr\u00e9ation de nouveaux mod\u00e8les et de nouvelles initiatives semble \u00eatre un ph\u00e9nom\u00e8ne naturel pour vous. <\/strong>Votre fa\u00e7on de partager ce que vous faites est une source d&rsquo;inspiration. Vous avez des d\u00e9cennies de travail interreligieux et une profondeur et une int\u00e9grit\u00e9 que l&rsquo;on ne trouve pas facilement dans le monde interconfessionnel souvent superficiel.\u00a0<strong>Vos liens avec d&rsquo;autres<\/strong> <strong>confessions t\u00e9moignent d&rsquo;une joie pour le pluralism<\/strong>e que l&rsquo;on ne trouve pas souvent dans des organisations religieuses de l&rsquo;envergure et de l&rsquo;impact des Focolari. Et finalement,<strong> il semble que vous ayez d\u00e9j\u00e0 impliqu\u00e9 certaines des personnes les plus charismatiques<\/strong>, les plus motiv\u00e9es, les plus comp\u00e9tentes et les plus attentionn\u00e9es pour le monde, qui sont d\u00e9j\u00e0 en action\u00a0\u00bb. <\/p>\n<p style=\"text-align: right;\"><em>Nino Puglisi pour cittanuova.it<\/em><\/p>\n","protected":false},"excerpt":{"rendered":"<p>Le r\u00f4le des communaut\u00e9s de foi dans la lutte contre le changement climatique et la construction de l&rsquo;avenir. Potentiel et humilit\u00e9. Le programme Faith Plans. Le r\u00f4le des Focolari. Entretien avec Martin Palmer<\/p>\n","protected":false},"author":33,"featured_media":0,"comment_status":"open","ping_status":"open","sticky":false,"template":"","format":"standard","meta":{"give_campaign_id":0,"_seopress_robots_primary_cat":"","_seopress_titles_title":"","_seopress_titles_desc":"","_seopress_robots_index":"","_et_pb_use_builder":"","_et_pb_old_content":"","_et_gb_content_width":"","footnotes":""},"categories":[47],"tags":[],"class_list":["post-315072","post","type-post","status-publish","format-standard","hentry","category-non-classifiee"],"_links":{"self":[{"href":"https:\/\/www.focolare.org\/fr\/wp-json\/wp\/v2\/posts\/315072","targetHints":{"allow":["GET"]}}],"collection":[{"href":"https:\/\/www.focolare.org\/fr\/wp-json\/wp\/v2\/posts"}],"about":[{"href":"https:\/\/www.focolare.org\/fr\/wp-json\/wp\/v2\/types\/post"}],"author":[{"embeddable":true,"href":"https:\/\/www.focolare.org\/fr\/wp-json\/wp\/v2\/users\/33"}],"replies":[{"embeddable":true,"href":"https:\/\/www.focolare.org\/fr\/wp-json\/wp\/v2\/comments?post=315072"}],"version-history":[{"count":0,"href":"https:\/\/www.focolare.org\/fr\/wp-json\/wp\/v2\/posts\/315072\/revisions"}],"wp:attachment":[{"href":"https:\/\/www.focolare.org\/fr\/wp-json\/wp\/v2\/media?parent=315072"}],"wp:term":[{"taxonomy":"category","embeddable":true,"href":"https:\/\/www.focolare.org\/fr\/wp-json\/wp\/v2\/categories?post=315072"},{"taxonomy":"post_tag","embeddable":true,"href":"https:\/\/www.focolare.org\/fr\/wp-json\/wp\/v2\/tags?post=315072"}],"curies":[{"name":"wp","href":"https:\/\/api.w.org\/{rel}","templated":true}]}}