{"id":315104,"date":"2022-03-18T11:33:59","date_gmt":"2022-03-18T10:33:59","guid":{"rendered":"https:\/\/www.focolare.org\/margaret-karram-que-cesse-le-feu-de-la-guerre-et-que-triomphe-le-dialogue-dans-la-recherche-de-voies-de-paix\/"},"modified":"2024-05-15T21:02:56","modified_gmt":"2024-05-15T19:02:56","slug":"margaret-karram-que-cesse-le-feu-de-la-guerre-et-que-triomphe-le-dialogue-dans-la-recherche-de-voies-de-paix","status":"publish","type":"post","link":"https:\/\/www.focolare.org\/fr\/margaret-karram-que-cesse-le-feu-de-la-guerre-et-que-triomphe-le-dialogue-dans-la-recherche-de-voies-de-paix\/","title":{"rendered":"Margaret Karram\u00a0: que cesse le feu de la guerre et que triomphe le dialogue \u00abdans la recherche de voies de paix\u00bb"},"content":{"rendered":"<p><em>La\u00a0 pri\u00e8re pour la paix universelle\u00bb prononc\u00e9e aujourd&rsquo;hui par la Pr\u00e9sidente des Focolari \u00e0 Assise, sur la tombe de saint Fran\u00e7ois, fait \u00e9cho aux propos du pape Fran\u00e7ois. En annexe, la version int\u00e9grale.<\/em>  \u00abNous te demandons, avec la foi qui d\u00e9place les montagnes, que \u00ab\u00a0cesse le feu\u00a0\u00bb de la guerre et que triomphe le dialogue dans \u00ab\u00a0la recherche de voies de paix\u00a0\u00bb entre la Russie et l\u2019Ukraine. Nous demandons la gr\u00e2ce que cessent tous les conflits en cours, en particulier les plus oubli\u00e9s<em>\u00bb<\/em>.  <img alt=\"\" alt=\"\" loading=\"lazy\" decoding=\"async\" class=\"alignright wp-image-247719\" src=\"https:\/\/www.focolare.org\/wp-content\/uploads\/2022\/03\/WhatsApp-Image-2022-03-18-at-13.02.22-548x340.jpeg\" alt=\"\" width=\"408\" height=\"253\" \/>Cette invocation poignante est au c\u0153ur de la <strong>\u00abpri\u00e8re pour la paix universelle\u00a0\u00bb\u00bb,<\/strong> prononc\u00e9e ce matin \u00e0 Assise par Margaret\u00a0Karram, Pr\u00e9sidente du Mouvement des Focolari. Dans la crypte de Saint\u00a0Fran\u00e7ois, \u00e0 la basilique inf\u00e9rieure, \u00e9tait pr\u00e9sent avec elle le Conseil G\u00e9n\u00e9ral du Mouvement, r\u00e9uni dans la \u00ab\u00a0ville de la paix\u00a0\u00bb pour quelques jours de retraite.  \u00abNous sommes ici au nom de tous les membres du Mouvement : chr\u00e9tiens de diff\u00e9rentes \u00c9glises, fid\u00e8les de diverses religions, personnes qui se reconnaissent fr\u00e8res et s\u0153urs de l\u2019unique famille humaine. Nous faisons n\u00f4tres le cri et le d\u00e9sespoir des peuples qui, en ce moment, souffrent \u00e0 cause de la violence, des conflits et des guerres\u00bb, a poursuivi Margaret Karram.  \u201cDonne-nous la gr\u00e2ce de nous accueillir les uns les autres, de nous pardonner, de vivre comme une unique famille humaine. Donne-nous d\u2019aimer la patrie de l\u2019autre comme la n\u00f4tre ! Dieu de mis\u00e9ricorde, de concorde, fais de nous \u2018\u2019des instruments de Ta paix\u2019\u2019\u00bb  A une semaine (le 25 mars 2022) de la cons\u00e9cration par le pape Fran\u00e7ois de la Russie et de l&rsquo;Ukraine au C\u0153ur Immacul\u00e9 de Marie, cette supplique s\u2019ins\u00e8re dans le ch\u0153ur de pri\u00e8res pour la paix qui s&rsquo;\u00e9l\u00e8ve dans le monde et accompagne le grand r\u00e9seau de solidarit\u00e9 auquel s&rsquo;associent \u00e9galement les membres du Mouvement. Les communaut\u00e9s des Focolari sont pr\u00e9sentes dans plus de 180 pays, y compris dans de nombreux endroits o\u00f9 sont encore en cours des conflits et des guerres. <\/p>\n<p style=\"text-align: right;\"><em>Stefania\u00a0Tanesini<\/em><\/p>\n<p> <a href=\"https:\/\/www.focolare.org\/wp-content\/uploads\/2022\/03\/Preghiera-Assisi-MK_FR.pdf\">Le texte int\u00e9gral de la <em>\u00abpri\u00e8re universelle pour la paix\u00bb.<\/em><\/a><\/p>\n","protected":false},"excerpt":{"rendered":"<p>La\u00a0 pri\u00e8re pour la paix universelle\u00bb prononc\u00e9e aujourd&rsquo;hui par la Pr\u00e9sidente des Focolari \u00e0 Assise, sur la tombe de saint Fran\u00e7ois, fait \u00e9cho aux propos du pape Fran\u00e7ois. En annexe, la version int\u00e9grale.<\/p>\n","protected":false},"author":27,"featured_media":0,"comment_status":"open","ping_status":"open","sticky":false,"template":"","format":"standard","meta":{"give_campaign_id":0,"_seopress_robots_primary_cat":"","_seopress_titles_title":"","_seopress_titles_desc":"","_seopress_robots_index":"","_et_pb_use_builder":"","_et_pb_old_content":"","_et_gb_content_width":"","footnotes":""},"categories":[907],"tags":[],"class_list":["post-315104","post","type-post","status-publish","format-standard","hentry","category-senza-categoria-2-3"],"_links":{"self":[{"href":"https:\/\/www.focolare.org\/fr\/wp-json\/wp\/v2\/posts\/315104","targetHints":{"allow":["GET"]}}],"collection":[{"href":"https:\/\/www.focolare.org\/fr\/wp-json\/wp\/v2\/posts"}],"about":[{"href":"https:\/\/www.focolare.org\/fr\/wp-json\/wp\/v2\/types\/post"}],"author":[{"embeddable":true,"href":"https:\/\/www.focolare.org\/fr\/wp-json\/wp\/v2\/users\/27"}],"replies":[{"embeddable":true,"href":"https:\/\/www.focolare.org\/fr\/wp-json\/wp\/v2\/comments?post=315104"}],"version-history":[{"count":0,"href":"https:\/\/www.focolare.org\/fr\/wp-json\/wp\/v2\/posts\/315104\/revisions"}],"wp:attachment":[{"href":"https:\/\/www.focolare.org\/fr\/wp-json\/wp\/v2\/media?parent=315104"}],"wp:term":[{"taxonomy":"category","embeddable":true,"href":"https:\/\/www.focolare.org\/fr\/wp-json\/wp\/v2\/categories?post=315104"},{"taxonomy":"post_tag","embeddable":true,"href":"https:\/\/www.focolare.org\/fr\/wp-json\/wp\/v2\/tags?post=315104"}],"curies":[{"name":"wp","href":"https:\/\/api.w.org\/{rel}","templated":true}]}}