{"id":315168,"date":"2022-05-14T13:58:58","date_gmt":"2022-05-14T11:58:58","guid":{"rendered":"https:\/\/www.focolare.org\/laction-catholique-italienne-et-les-focolari-une-alliance-de-collaboration\/"},"modified":"2024-05-15T21:03:07","modified_gmt":"2024-05-15T19:03:07","slug":"laction-catholique-italienne-et-les-focolari-une-alliance-de-collaboration","status":"publish","type":"post","link":"https:\/\/www.focolare.org\/fr\/laction-catholique-italienne-et-les-focolari-une-alliance-de-collaboration\/","title":{"rendered":"L&rsquo;Action catholique italienne et les Focolari : une alliance de collaboration"},"content":{"rendered":"<p><em>L&rsquo;Action catholique et le Mouvement des Focolari se sont alli\u00e9s, \u00e0 partir des \u00c9glises locales, dans l&rsquo;\u00e9ducation et pour l&rsquo;\u00e9cologie int\u00e9grale. Habiter ensemble et concr\u00e8tement le pr\u00e9sent et l&rsquo;avenir de nos domaines d\u2019action.<\/em>  Une alliance de collaboration a \u00e9t\u00e9 conclue entre l&rsquo;Action catholique italienne et le Mouvement des Focolari. Une alliance qui, comme l&rsquo;a soulign\u00e9 le pr\u00e9sident national de l\u2019AC, Giuseppe Notarstefano, associe la valeur fondatrice d&rsquo;une collaboration de plus en plus concr\u00e8te \u00e0 l&rsquo;importance de reconna\u00eetre l&rsquo;autre, d&rsquo;\u00eatre ensemble. La troisi\u00e8me rencontre entre la pr\u00e9sidence de l&rsquo;Action Catholique Italienne et celle du Mouvement des Focolari a eu lieu le vendredi 13 mai \u00e0 Rome, au Centre National de l&rsquo;AC, Via Aurelia.  Rappelant les paroles prononc\u00e9es par la fondatrice du Mouvement des Focolari, Chiara Lubich, lors du bombardement de Trente pendant la Seconde Guerre mondiale, \u00ab\u00a0L&rsquo;amour vainc tout\u00a0\u00bb, la pr\u00e9sidente du Mouvement des Focolari, Margaret Karram, a soulign\u00e9 le d\u00e9sir mutuel d&rsquo;une alliance qui, avec cette certitude, puisse concr\u00e9tiser les projets et les r\u00eaves des deux organisations, pour \u00eatre encore plus et ensemble un don pour l&rsquo;\u00c9glise.  <img alt=\"\" alt=\"\" loading=\"lazy\" decoding=\"async\" class=\"alignright wp-image-248668\" src=\"https:\/\/www.focolare.org\/wp-content\/uploads\/2022\/05\/WhatsApp-Image-2022-05-14-at-5.13.36-PM-2-e1652543728594-541x340.jpeg\" alt=\"\" width=\"425\" height=\"267\" \/>Apr\u00e8s deux heures de pri\u00e8re, de connaissance, de confrontation et de dialogue, un engagement a \u00e9t\u00e9 d\u00e9cid\u00e9 pour lancer et consolider des projets locaux dans les diff\u00e9rents territoires entre les deux Mouvements, pour partir du dialogue qui na\u00eet de la vie, pour redonner ensemble force et \u00e9lan aux communaut\u00e9s locales, et pour travailler sur un chemin de collaboration toujours plus concret et interg\u00e9n\u00e9rationnel, qui promeut la bont\u00e9, la tendresse, comme mani\u00e8re d&rsquo;\u00eatre et d&rsquo;\u00eatre ensemble, comme le souhaite le pape Fran\u00e7ois dans l&rsquo;encyclique  <em>Tous Fr\u00e8res<\/em>. Trois th\u00e8mes ont \u00e9t\u00e9 retenus : 1) le pacte \u00e9ducatif global ; 2) l&rsquo;\u00e9conomie civile, l&rsquo;engagement politique et l&rsquo;\u00e9cologie int\u00e9grale ; 3) l&rsquo;\u0153cum\u00e9nisme et le dialogue interreligieux au niveau formatif.  Le pr\u00e9sident Notarstefano a exprim\u00e9 le d\u00e9sir d'\u00a0\u00bbhabiter\u00a0\u00bb concr\u00e8tement ensemble les diff\u00e9rents territoires, en assurant une pr\u00e9sence et une passion dans les r\u00e9seaux de dialogue et de confrontation existants dans les \u00c9glises locales, en encourageant et en accompagnant \u00e0 vivre ce chemin de concr\u00e9tisation, de patience et de d\u00e9vouement. Il est important que, dans cette d\u00e9sorientation g\u00e9n\u00e9rale, des lieux de fraternit\u00e9 soient cr\u00e9\u00e9s par le bas, qui, dans la temp\u00eate de ce qui se passe autour de nous, deviennent des bateaux auxquels les gens peuvent s&rsquo;accrocher.  Nous voulons t\u00e9moigner qu&rsquo;il est possible d&rsquo;\u00eatre ensemble, de \u00ab\u00a0promouvoir\u00a0\u00bb, de g\u00e9n\u00e9rer la fraternit\u00e9, m\u00eame avec une initiative symbolique commune et nationale qui permette \u00e0 ceux qui sont engag\u00e9s dans la construction d&rsquo;un plus grand \u00ab\u00a0nous\u00a0\u00bb dans l&rsquo;\u00e9ducation, pour l&rsquo;\u00e9cologie int\u00e9grale, de \u00ab\u00a0participer\u00a0\u00bb ensemble, \u00e9galement en politique, dans un parcours g\u00e9n\u00e9ratif ouvert \u00e0 d&rsquo;autres r\u00e9alit\u00e9s, qui est un investissement au service des g\u00e9n\u00e9rations futures, pour la promotion de la personne.  L&rsquo;engagement de se r\u00e9unir dans les diff\u00e9rentes villes, a comment\u00e9 la pr\u00e9sidente des Focolari, M. Karram, permettra de mettre en \u00e9vidence les nombreuses actions concr\u00e8tes qui peuvent \u00eatre men\u00e9es dans les \u00c9glises locales. Dans ce but, un groupe de travail a \u00e9t\u00e9 constitu\u00e9, qui sera coordonn\u00e9 par Michele Tridente (AC) et Patrizia Bertoncello (MdF), pour \u00e9valuer les propositions qui ont \u00e9merg\u00e9 lors de la r\u00e9union de vendredi et pour r\u00e9fl\u00e9chir \u00e0 d&rsquo;\u00e9ventuelles collaborations qui verront les deux organisations travailler ensemble, ouvertes \u00e0 d&rsquo;autres r\u00e9alit\u00e9s, pour un enrichissement des diff\u00e9rents territoires et communaut\u00e9s locales. <\/p>\n<p style=\"text-align: right;\"><em>Sara Fornaro<\/em><\/p>\n","protected":false},"excerpt":{"rendered":"<p>L&rsquo;Action catholique et le Mouvement des Focolari se sont alli\u00e9s, \u00e0 partir des \u00c9glises locales, dans l&rsquo;\u00e9ducation et pour l&rsquo;\u00e9cologie int\u00e9grale. Habiter ensemble et concr\u00e8tement le pr\u00e9sent et l&rsquo;avenir de nos domaines d\u2019action.<\/p>\n","protected":false},"author":34,"featured_media":0,"comment_status":"open","ping_status":"open","sticky":false,"template":"","format":"standard","meta":{"give_campaign_id":0,"_seopress_robots_primary_cat":"","_seopress_titles_title":"","_seopress_titles_desc":"","_seopress_robots_index":"","_et_pb_use_builder":"","_et_pb_old_content":"","_et_gb_content_width":"","footnotes":""},"categories":[47],"tags":[],"class_list":["post-315168","post","type-post","status-publish","format-standard","hentry","category-non-classifiee"],"_links":{"self":[{"href":"https:\/\/www.focolare.org\/fr\/wp-json\/wp\/v2\/posts\/315168","targetHints":{"allow":["GET"]}}],"collection":[{"href":"https:\/\/www.focolare.org\/fr\/wp-json\/wp\/v2\/posts"}],"about":[{"href":"https:\/\/www.focolare.org\/fr\/wp-json\/wp\/v2\/types\/post"}],"author":[{"embeddable":true,"href":"https:\/\/www.focolare.org\/fr\/wp-json\/wp\/v2\/users\/34"}],"replies":[{"embeddable":true,"href":"https:\/\/www.focolare.org\/fr\/wp-json\/wp\/v2\/comments?post=315168"}],"version-history":[{"count":0,"href":"https:\/\/www.focolare.org\/fr\/wp-json\/wp\/v2\/posts\/315168\/revisions"}],"wp:attachment":[{"href":"https:\/\/www.focolare.org\/fr\/wp-json\/wp\/v2\/media?parent=315168"}],"wp:term":[{"taxonomy":"category","embeddable":true,"href":"https:\/\/www.focolare.org\/fr\/wp-json\/wp\/v2\/categories?post=315168"},{"taxonomy":"post_tag","embeddable":true,"href":"https:\/\/www.focolare.org\/fr\/wp-json\/wp\/v2\/tags?post=315168"}],"curies":[{"name":"wp","href":"https:\/\/api.w.org\/{rel}","templated":true}]}}