{"id":315174,"date":"2022-05-18T01:00:55","date_gmt":"2022-05-17T23:00:55","guid":{"rendered":"https:\/\/www.focolare.org\/donner-pour-sauvegarder-lenvironnement-en-reseau-des-actions-concretes-pour-une-planete-fragile\/"},"modified":"2024-05-15T21:03:08","modified_gmt":"2024-05-15T19:03:08","slug":"donner-pour-sauvegarder-lenvironnement-en-reseau-des-actions-concretes-pour-une-planete-fragile","status":"publish","type":"post","link":"https:\/\/www.focolare.org\/fr\/donner-pour-sauvegarder-lenvironnement-en-reseau-des-actions-concretes-pour-une-planete-fragile\/","title":{"rendered":"Donner pour sauvegarder l&rsquo;environnement en r\u00e9seau : des actions concr\u00e8tes pour une plan\u00e8te fragile"},"content":{"rendered":"<p><em>Mettre l&rsquo;environnement en r\u00e9seau \u00e9tait l&rsquo;\u00e9v\u00e9nement du 13 mai 2022.\u00a0 De nombreux \u00e9tudiants, enfin r\u00e9unis physiquement, avec d&rsquo;autres connect\u00e9s en streaming depuis le monde entier, ont c\u00e9l\u00e9br\u00e9 et partag\u00e9 les r\u00e9sultats d&rsquo;une ann\u00e9e de travail pour le bien de la plan\u00e8te.<\/em>  <img alt=\"\" alt=\"\" loading=\"lazy\" decoding=\"async\" class=\" wp-image-248699 alignright\" src=\"https:\/\/www.focolare.org\/wp-content\/uploads\/2022\/05\/WhatsApp-Image-2022-05-17-at-14.37.07-453x340.jpeg\" alt=\"\" width=\"372\" height=\"279\" \/>Vendredi 13 mai 2022, dans le cadre splendide de l&rsquo;Aula Magna de l&rsquo;Universit\u00e9 <em>Sapienza<\/em> de Rome, plus de 500 \u00e9tudiants ont anim\u00e9 avec joie ce que nous pourrions d\u00e9finir une v\u00e9ritable f\u00eate pour la Terre. Cet \u00e9v\u00e9nement cl\u00f4turait l&rsquo;ann\u00e9e scolaire 2021-2022 du projet \u00ab\u00a0<em>Donner pour sauvegarder l&rsquo;environnement en ligne\u00a0\u00bb.<\/em> 10 \u00e9coles secondaires du Lazio (Italie) y participaient et de nombreuses autres, connect\u00e9es par streaming depuis diff\u00e9rentes r\u00e9gions d&rsquo;Italie et du monde, s\u2019\u00e9taient connect\u00e9es pour profiter des avantages de l&rsquo;adh\u00e9sion au projet.  Au cours de l&rsquo;ann\u00e9e, en effet, 8 000 \u00e9l\u00e8ves de 39 \u00e9coles d&rsquo;Italie et de 12 autres pays, sensibilis\u00e9s aux \u00e9conomies d&rsquo;\u00e9nergie, ont sign\u00e9 un pacte et l&rsquo;ont mis en pratique par 200 actions personnelles d&rsquo;\u00e9conomies. La mon\u00e9tisation de ces actes, financ\u00e9s \u00e0 hauteur de 0,10 centime par action par les parrains familiaux et comptabilis\u00e9s via l&rsquo;application <strong>DPSAR,<\/strong> a permis de soutenir divers projets de solidarit\u00e9 dans des contextes de pauvret\u00e9 et de d\u00e9gradation de l&rsquo;environnement en raison du changement climatique. Un regard sur la plan\u00e8te et ses habitants \u00e0 partir de notre vie quotidienne.  Andrea Conte, coordinateur du projet, astrophysicien et professeur de math\u00e9matiques et de physique au Lyc\u00e9e Classique de Pescara (Italie), nous en parle.  <strong>Que signifie mettre l&rsquo;environnement en r\u00e9seau?<\/strong> Ce projet d&rsquo;\u00e9ducation \u00e0 la protection de l&rsquo;environnement a \u00e9t\u00e9 con\u00e7u en 2008 \u00e0 Rome par l&rsquo;enseignante Elena Pace, membre de l&rsquo;association \u00ab\u00a0<strong>Nouvelles perspectives pour un monde uni\u00a0\u00bb<\/strong>. Au d\u00e9part, le projet s&rsquo;appelait simplement \u00ab\u00a0<em>Donner pour sauvegarder l&rsquo;environnement\u00a0\u00bb<\/em>. L&rsquo;id\u00e9e d&rsquo;introduire le mot \u00ab\u00a0r\u00e9seau\u00a0\u00bb en 2019 \u00e9tait vraiment un saut qualitatif : chaque classe individuelle continue \u00e0 mener des actions concr\u00e8tes mais n&rsquo;est plus seule. Chaque enfant, avec ses camarades de classe et avec l&rsquo;aide de sa famille, continue \u00e0 accomplir des actes pour le bien de la Terre mais il est en r\u00e9seau avec d&rsquo;autres \u00e9coles qui font la m\u00eame chose. Nous avons commenc\u00e9 par impliquer les \u00e9coles italiennes et aujourd&rsquo;hui, ce r\u00e9seau ne cesse de s&rsquo;\u00e9tendre.  <strong>Y a-t-il eu des actions qui ont conduit \u00e0 un changement radical ?<\/strong> La cr\u00e9ativit\u00e9 des enfants prend naturellement le dessus. Une \u00e9cole de Rome (Italie), par exemple, a d\u00e9cid\u00e9 d&rsquo;abolir compl\u00e8tement l&rsquo;utilisation de bouteilles en plastique\u00a0; pour ce faire, elle a r\u00e9alis\u00e9 un travail scientifique en concevant un syst\u00e8me de pesage du plastique, une sorte de \u00ab\u00a0<em>plasticom\u00e8tre\u00a0<\/em>\u00bb.\u00a0 Chaque fois que quelqu&rsquo;un jetait une bouteille en plastique, il s&rsquo;engageait \u00e0 utiliser la gourde. Ils ont rapidement constat\u00e9 une diminution du poids du plastique produit et, en tr\u00e8s peu de temps, ils ont pu r\u00e9duire le plastique \u00e0 z\u00e9ro. Une v\u00e9ritable r\u00e9volution.  <strong>Pourquoi l&rsquo;int\u00e9r\u00eat pour la question \u00e9cologique cro\u00eet-il aujourd&rsquo;hui, en particulier chez les jeunes g\u00e9n\u00e9rations ?<\/strong> L&rsquo;\u00e9cologie a toujours \u00e9t\u00e9 pr\u00e9sente; nous parlons du changement climatique depuis des d\u00e9cennies, mais aujourd&rsquo;hui, les jeunes ressentent les influences de cette soci\u00e9t\u00e9 en constante \u00e9volution et ressentent le besoin de prendre des mesures concr\u00e8tes. Bien que l&rsquo;on parle d&rsquo;une situation qui ne cesse de s&rsquo;aggraver, la prise de conscience est de plus en plus grande, tout comme les projets promus par les administrations des diff\u00e9rentes villes et \u00e9coles, et ce sens de la citoyennet\u00e9 augmente, le d\u00e9sir d&rsquo;\u00eatre des individus conscients et actifs pour rendre notre plan\u00e8te toujours plus saine.  <strong>Quel message essaies-tu de transmettre \u00e0 tes \u00e9l\u00e8ves chaque jour ?<\/strong> D&rsquo;abord, j&rsquo;ai la chance d&rsquo;enseigner des choses qui me passionnent et auxquelles je crois et c&rsquo;est vraiment un cadeau. Quand j&rsquo;\u00e9tais au lyc\u00e9e, je n&rsquo;avais pas les m\u00eames stimuli qu&rsquo;eux et je suis heureux de pouvoir les leur donner. Ce n&rsquo;est qu&rsquo;\u00e0 l&rsquo;universit\u00e9, en \u00e9tudiant l&rsquo;astronomie et l&rsquo;astrophysique, que j&rsquo;ai commenc\u00e9 \u00e0 prendre conscience des difficult\u00e9s de la plan\u00e8te. Lorsque l&rsquo;on se d\u00e9tache de la surface de la Terre et que l&rsquo;on tourne son regard vers l&rsquo;univers ext\u00e9rieur, on saisit r\u00e9ellement la fragilit\u00e9 de la Terre. Je fais donc toujours une comparaison avec les enfants, en leur disant que lorsqu&rsquo;on se d\u00e9tache de soi et qu&rsquo;on se tourne vers l&rsquo;autre, on se rend vraiment compte de tout ce qu&rsquo;on peut donner, chacun dans sa diversit\u00e9. <\/p>\n<p style=\"text-align: right;\"><em>Maria Grazia Berretta<\/em><\/p>\n","protected":false},"excerpt":{"rendered":"<p>El 13 de mayo se llev\u00f3 a cabo el evento \u201cDar una red al ambiente\u201d.\u00a0 Por fin en forma presencial, much\u00edsimos estudiantes, junto a otros conectados a trav\u00e9s de streaming en todo el mundo, festejaron y compartieron los resultados de un a\u00f1o de trabajo por el bien del planeta.<\/p>\n","protected":false},"author":33,"featured_media":0,"comment_status":"open","ping_status":"open","sticky":false,"template":"","format":"standard","meta":{"give_campaign_id":0,"_seopress_robots_primary_cat":"","_seopress_titles_title":"","_seopress_titles_desc":"","_seopress_robots_index":"","_et_pb_use_builder":"","_et_pb_old_content":"","_et_gb_content_width":"","footnotes":""},"categories":[47],"tags":[],"class_list":["post-315174","post","type-post","status-publish","format-standard","hentry","category-non-classifiee"],"_links":{"self":[{"href":"https:\/\/www.focolare.org\/fr\/wp-json\/wp\/v2\/posts\/315174","targetHints":{"allow":["GET"]}}],"collection":[{"href":"https:\/\/www.focolare.org\/fr\/wp-json\/wp\/v2\/posts"}],"about":[{"href":"https:\/\/www.focolare.org\/fr\/wp-json\/wp\/v2\/types\/post"}],"author":[{"embeddable":true,"href":"https:\/\/www.focolare.org\/fr\/wp-json\/wp\/v2\/users\/33"}],"replies":[{"embeddable":true,"href":"https:\/\/www.focolare.org\/fr\/wp-json\/wp\/v2\/comments?post=315174"}],"version-history":[{"count":0,"href":"https:\/\/www.focolare.org\/fr\/wp-json\/wp\/v2\/posts\/315174\/revisions"}],"wp:attachment":[{"href":"https:\/\/www.focolare.org\/fr\/wp-json\/wp\/v2\/media?parent=315174"}],"wp:term":[{"taxonomy":"category","embeddable":true,"href":"https:\/\/www.focolare.org\/fr\/wp-json\/wp\/v2\/categories?post=315174"},{"taxonomy":"post_tag","embeddable":true,"href":"https:\/\/www.focolare.org\/fr\/wp-json\/wp\/v2\/tags?post=315174"}],"curies":[{"name":"wp","href":"https:\/\/api.w.org\/{rel}","templated":true}]}}