{"id":315176,"date":"2022-05-19T07:02:08","date_gmt":"2022-05-19T05:02:08","guid":{"rendered":"https:\/\/www.focolare.org\/le-mouvement-des-focolari-publie-au-niveau-international-les-mesures-sur-la-protection-des-mineurs-et-des-personnes-vulnerables-en-reponse-a-lenquete-independante-de-gcps-consulting\/"},"modified":"2024-05-15T21:03:08","modified_gmt":"2024-05-15T19:03:08","slug":"le-mouvement-des-focolari-publie-au-niveau-international-les-mesures-sur-la-protection-des-mineurs-et-des-personnes-vulnerables-en-reponse-a-lenquete-independante-de-gcps-consulting","status":"publish","type":"post","link":"https:\/\/www.focolare.org\/fr\/le-mouvement-des-focolari-publie-au-niveau-international-les-mesures-sur-la-protection-des-mineurs-et-des-personnes-vulnerables-en-reponse-a-lenquete-independante-de-gcps-consulting\/","title":{"rendered":"Le Mouvement des Focolari publie au niveau international les mesures sur la protection des mineurs et des personnes vulnerables en reponse a l\u2019enquete independante de GCPS Consulting"},"content":{"rendered":"<p><em>C\u2019est une \u00e9tape capitale qui s\u2019ouvre en vue du renforcement et de l\u2019\u00e9largissement des mesures de pr\u00e9vention, de formation, de r\u00e9paration et d\u2019\u00e9valuation des responsabilit\u00e9s, afin de rendre justice \u00e0 toutes les victimes et d&rsquo;instaurer dans tous les secteurs du Mouvement une culture de la primaut\u00e9 de la\u00a0charit\u00e9, de la dignit\u00e9 de la personne, de la s\u00e9curit\u00e9 et de la transparence.<\/em>  \u00ab Ce que nous pr\u00e9sentons aujourd&rsquo;hui est une premi\u00e8re r\u00e9ponse aux recommandations indiqu\u00e9es par le rapport de GCPS Consulting sur les cas d&rsquo;abus sur des mineurs par un ancien membre des Focolari en France. Nous sommes conscients que ces premi\u00e8res mesures ne sont pas exhaustives, mais elles s&rsquo;inscrivent dans <strong>la dynamique d&rsquo;une d\u00e9marche d\u00e9termin\u00e9e de r\u00e9orientation de la vie et des activit\u00e9s\u00a0<\/strong><strong>du Mouvement, o\u00f9 l&rsquo;enfant et la personne, dans toute leur complexit\u00e9, sont au centre de toute l\u2019attention, de la protection, du processus de r\u00e9paration et de renaissance<\/strong>. \u00bb  C&rsquo;est par ces mots que Margaret Karram, Pr\u00e9sidente des Focolari, pr\u00e9sente le parcours que le Mouvement est en train d\u2019entreprendre, gr\u00e2ce notamment aux recommandations de <em>GCPS Consulting. <\/em>Ces mesures s&rsquo;ajoutent aux Lignes directrices pour la Protection des Mineurs et des Personnes Vuln\u00e9rables (en vigueur dans le Mouvement des Focolari depuis 2014 et actuellement en phase de r\u00e9vision, sur la base des normes internationales), et aux cours de formation sur les questions de protection, \u00e0 destination des membres du Mouvement.  \u00ab Avant tout, et c\u2019est le plus important &#8211; explique la Pr\u00e9sidente &#8211; <strong>je tiens \u00e0 m&rsquo;adresser \u00e0 toutes les victimes d&rsquo;abus sexuels, en particulier en France <\/strong>: je vous remercie personnellement et au nom du Mouvement, car le courage de vos t\u00e9moignages, l\u2019expression de votre souffrance, sont pour nous le point de d\u00e9part fondamental de ce chemin de purification, et je veux \u00e9galement remercier la communaut\u00e9 fran\u00e7aise du Mouvement pour son courage face \u00e0 une telle souffrance.  <strong>La Commission disciplinaire <\/strong>centrale, dont nous annon\u00e7ons aujourd&rsquo;hui la constitution, sera charg\u00e9e d&rsquo;\u00e9valuer les responsabilit\u00e9s des dirigeants du Mouvement impliqu\u00e9s dans des cas d&rsquo;abus, afin de faire toute la lumi\u00e8re et de rendre justice aux victimes.  \u00c0 la base de cette <strong>d\u00e9marche de renouvellement<\/strong>, nous pla\u00e7ons avant tout l&rsquo;\u00c9vangile, que nous voulons remettre au centre de notre action, a conclu Margaret Karram ; en outre, les graves d\u00e9fis auxquels l&rsquo;humanit\u00e9 est confront\u00e9e aujourd&rsquo;hui requi\u00e8rent une actualisation de la spiritualit\u00e9 de l&rsquo;unit\u00e9 afin qu&rsquo;elle puisse \u00eatre toujours plus un instrument de fraternit\u00e9 et de paix. \u00bb  <strong>Les mesures \u00e9nonc\u00e9es ci-dessous <\/strong>seront mises en oeuvre \u00e0 court, moyen et long terme et sont consid\u00e9r\u00e9es comme les plus urgentes et n\u00e9cessaires pour engager le Mouvement sur la voie de la r\u00e9paration et d\u2019un nouveau d\u00e9part positif. <\/p>\n<ul>\n<li><strong>Les victimes au centre : la demande personnelle de pardon de la Pr\u00e9sidente<\/strong><\/li>\n<\/ul>\n<p> Les personnes qui ont subi des abus occupent dans ce processus une place centrale et prioritaire. En cons\u00e9quence, l&rsquo;\u00e9coute, la demande de pardon, l&rsquo;offre d&rsquo;aide et le processus de r\u00e9paration en constituent le point de d\u00e9part.  Margaret Karram a pris contact personnellement avec les victimes en France l\u00e0 o\u00f9 il \u00e9tait possible de le faire et dans le respect de la confidentialit\u00e9. Son souhait est de les rejoindre toutes, en respectant toujours leur volont\u00e9 de maintenir l\u2019anonymat. <\/p>\n<ul>\n<li><strong>Un r\u00e9seau pour l\u2019accueil et l\u2019\u00e9coute des victimes<\/strong><\/li>\n<\/ul>\n<p> Les Commissions nationales pour le bien-\u00eatre et la protection des mineurs et des personnes vuln\u00e9rables seront renforc\u00e9es (l\u00e0 o\u00f9 elles sont d\u00e9j\u00e0 pr\u00e9sentes et op\u00e9rationnelles) ou cr\u00e9\u00e9es avec la pr\u00e9sence de professionnels dans les domaines du soutien psychologique, juridique, p\u00e9dagogique et \u00e9ducatif. Ces commissions sont ind\u00e9pendantes des organes de gouvernement du Mouvement des Focolari et ont pour  t\u00e2che de recevoir des signalements, des t\u00e9moignages et d&rsquo;engager les proc\u00e9dures d&rsquo;enqu\u00eate.  Les commissions nationales pourront offrir un service suppl\u00e9mentaire : un point d&rsquo;\u00e9coute et de premier accueil pour toute personne souhaitant communiquer son exp\u00e9rience d&rsquo;abus, de violence, de malaise ou d&rsquo;exp\u00e9rience traumatisante de toute nature, y compris &#8211; si la demande en est faite &#8211; des conseils pour un suivi ult\u00e9rieur.  \u00c0 cet \u00e9gard, des points d&rsquo;\u00e9coute sont d\u00e9j\u00e0 actifs dans plusieurs pays, comme en France, en Allemagne et dans quelques autres pays. <\/p>\n<ul>\n<li><strong>\u00c9laboration d\u2019un protocole pour l&rsquo;indemnisation des victimes d&rsquo;abus sexuels <\/strong><strong>commis au sein du Mouvement des Focolari<\/strong><\/li>\n<\/ul>\n<p> Un protocole pour l&rsquo;indemnisation des victimes est en cours d&rsquo;\u00e9laboration. <\/p>\n<ul>\n<li><strong>Institution d\u2019une Commission disciplinaire<\/strong><\/li>\n<\/ul>\n<p> Une Commission disciplinaire centrale sera constitu\u00e9e, compos\u00e9e en grande partie de professionnels externes, dans le domaine du droit et de la psychologie, afin d&rsquo;\u00e9valuer la responsabilit\u00e9 des responsables du Mouvement des Focolari dans la gestion des abus sexuels, spirituels et d\u2019autorit\u00e9. Elle fonctionnera sur la base d&rsquo;un Code disciplinaire qui sera \u00e9labor\u00e9 en accord avec la Commission et qui \u00e9tablira les principes \u00e9thiques et les sanctions. <\/p>\n<ul>\n<li><strong>Publication d\u2019un rapport annuel au niveau mondial<\/strong><\/li>\n<\/ul>\n<p> Un rapport sera publi\u00e9 chaque ann\u00e9e sur le travail effectu\u00e9 par la Commission Centrale pour le Bien-\u00eatre et la Protection des mineurs (CO.BE.TU), relatif aux cas d&rsquo;abus et aux mesures de pr\u00e9vention et de protection des mineurs. <\/p>\n<ul>\n<li><strong>La protection rel\u00e8ve de la responsabilit\u00e9 de tous les membres du Mouvement<\/strong><\/li>\n<\/ul>\n<p> Pour renforcer la reconnaissance de sa responsabilit\u00e9, le Mouvement consid\u00e8re qu&rsquo;il est obligatoire pour chaque membre du Mouvement, y compris les mineurs euxm\u00eames et ceux qui souhaitent s\u2019y associer, de suivre un cours de base sur la protection des mineurs et des personnes vuln\u00e9rables, organis\u00e9 par les Commissions nationales pour le bien-\u00eatre et la protection des mineurs. <\/p>\n<ul>\n<li><strong>Cours de formation pour les responsables<\/strong><\/li>\n<\/ul>\n<p> Des formations obligatoires sont en cours d\u2019\u00e9laboration pour pr\u00e9parer les dirigeants &#8211; \u00e0 quelque niveau qu&rsquo;ils soient appel\u00e9s \u00e0 intervenir &#8211; \u00e0 mettre en oeuvre des formes de coresponsabilit\u00e9, une plus grande transparence dans les processus de d\u00e9cision, l&rsquo;alternance des fonctions, l&rsquo;accompagnement des personnes, \u00e0 la lumi\u00e8re de la distinction entre la sph\u00e8re de gouvernance et la sph\u00e8re de la conscience. <\/p>\n<ul>\n<li><strong>Parcours de r\u00e9flexion et de formation pour les communaut\u00e9s du Mouvement <\/strong><strong>des Focolari<\/strong><\/li>\n<\/ul>\n<p> Les communaut\u00e9s des Focolari, sous leurs diff\u00e9rentes formes, doivent favoriser le n\u00e9cessaire processus de discernement, de dialogue ouvert et de compr\u00e9hension des dynamiques relationnelles correctes. Suite \u00e0 la publication de l&rsquo;enqu\u00eate ind\u00e9pendante de <em>GCPS Consulting<\/em>, de nombreux groupes et communaut\u00e9s du Mouvement ont d\u00e9j\u00e0 mis en place des moments d\u2019\u00e9change et de dialogue sur les questions d&rsquo;abus. Le  Mouvement encourage de telles d\u00e9marches avec le soutien d&rsquo;experts et de professionnels, lorsque cela est n\u00e9cessaire ou demand\u00e9, en tenant compte des diff\u00e9rentes sensibilit\u00e9s culturelles. <\/p>\n<p style=\"text-align: right;\"><em>\u00a0<\/em><em>Rocco Femia<\/em><\/p>\n<p> <strong>Contacts du porte-parole en France :<\/strong>  Rocco FEMIA : <strong><em>porte-parole@focolari.fr <\/em><\/strong>Contacts presse : <strong><em>presse@focolari.fr<\/em><\/strong><\/p>\n","protected":false},"excerpt":{"rendered":"<p>C\u2019est une \u00e9tape capitale qui s\u2019ouvre en vue du renforcement et de l\u2019\u00e9largissement des mesures de pr\u00e9vention, de formation, de r\u00e9paration et d\u2019\u00e9valuation des responsabilit\u00e9s, afin de rendre justice \u00e0 toutes les victimes et d&rsquo;instaurer dans tous les secteurs du Mouvement une culture de la primaut\u00e9 de la\u00a0charit\u00e9, de la dignit\u00e9 de la personne, de la s\u00e9curit\u00e9 et de la transparence.<\/p>\n","protected":false},"author":34,"featured_media":0,"comment_status":"open","ping_status":"open","sticky":false,"template":"","format":"standard","meta":{"give_campaign_id":0,"_seopress_robots_primary_cat":"","_seopress_titles_title":"","_seopress_titles_desc":"","_seopress_robots_index":"","_et_pb_use_builder":"","_et_pb_old_content":"","_et_gb_content_width":"","footnotes":""},"categories":[3147,47,3305],"tags":[3197],"class_list":["post-315176","post","type-post","status-publish","format-standard","hentry","category-centro-internazionale-5","category-non-classifiee","category-tutela-minori-fr","tag-ppg-fr"],"_links":{"self":[{"href":"https:\/\/www.focolare.org\/fr\/wp-json\/wp\/v2\/posts\/315176","targetHints":{"allow":["GET"]}}],"collection":[{"href":"https:\/\/www.focolare.org\/fr\/wp-json\/wp\/v2\/posts"}],"about":[{"href":"https:\/\/www.focolare.org\/fr\/wp-json\/wp\/v2\/types\/post"}],"author":[{"embeddable":true,"href":"https:\/\/www.focolare.org\/fr\/wp-json\/wp\/v2\/users\/34"}],"replies":[{"embeddable":true,"href":"https:\/\/www.focolare.org\/fr\/wp-json\/wp\/v2\/comments?post=315176"}],"version-history":[{"count":0,"href":"https:\/\/www.focolare.org\/fr\/wp-json\/wp\/v2\/posts\/315176\/revisions"}],"wp:attachment":[{"href":"https:\/\/www.focolare.org\/fr\/wp-json\/wp\/v2\/media?parent=315176"}],"wp:term":[{"taxonomy":"category","embeddable":true,"href":"https:\/\/www.focolare.org\/fr\/wp-json\/wp\/v2\/categories?post=315176"},{"taxonomy":"post_tag","embeddable":true,"href":"https:\/\/www.focolare.org\/fr\/wp-json\/wp\/v2\/tags?post=315176"}],"curies":[{"name":"wp","href":"https:\/\/api.w.org\/{rel}","templated":true}]}}