{"id":315184,"date":"2022-05-28T01:00:49","date_gmt":"2022-05-27T23:00:49","guid":{"rendered":"https:\/\/www.focolare.org\/familles-en-crise-et-monde-de-la-separation-laide-des-familles-nouvelles\/"},"modified":"2024-05-15T21:03:10","modified_gmt":"2024-05-15T19:03:10","slug":"familles-en-crise-et-monde-de-la-separation-laide-des-familles-nouvelles","status":"publish","type":"post","link":"https:\/\/www.focolare.org\/fr\/familles-en-crise-et-monde-de-la-separation-laide-des-familles-nouvelles\/","title":{"rendered":"Familles en crise et monde de la s\u00e9paration : l&rsquo;aide des Familles Nouvelles"},"content":{"rendered":"<p><em>La sph\u00e8re des couples en difficult\u00e9, des personnes s\u00e9par\u00e9es et des personnes s\u00e9par\u00e9es qui vivent de nouvelles unions est un cri de d\u00e9tresse qui appelle \u00e0 l&rsquo;aide. Le Mouvement Familles Nouvelles, une ramification des Focolari, a mis en place des parcours de soutien pour ces familles.<\/em>  Il existe de nombreux couples en difficult\u00e9 qui, \u00e0 cause de malentendus, de perte de dialogue, de froideur dans la relation, en arrivent \u00e0 la d\u00e9cision la plus radicale : la s\u00e9paration. Des familles en crise qui \u00e9clatent, des s\u00e9parations et de nouvelles unions qui se forment. Souvent, les probl\u00e8mes de couple, petits ou grands, ne peuvent \u00eatre r\u00e9solus seuls et n\u00e9cessitent une aide ext\u00e9rieure. Depuis quelques ann\u00e9es, le Mouvement des Familles Nouvelles prend soin de ces familles qui se sentent \u00ab\u00a0diff\u00e9rentes\u00a0\u00bb simplement parce qu&rsquo;elles n&rsquo;ont pas eu un parcours lin\u00e9aire dans la vie.  Fran\u00e7oise et Jean (<em>noms fictifs) <\/em>sont la preuve que, malgr\u00e9 les imperfections de la vie, on peut toujours former une famille.  Au cours de son adolescence, Fran\u00e7oise fait la connaissance des Focolari et d\u00e9couvre le seul id\u00e9al qui vaille la peine d&rsquo;\u00eatre v\u00e9cu : Dieu-Amour.  Le temps passe, ses amies se fiancent, se marient, certaines se consacrent \u00e0 Dieu, mais pour elle, il n&rsquo;y a toujours pas d&rsquo;avenir certain. Entre-temps, elle obtient son dipl\u00f4me mais ses parents se s\u00e9parent.  \u00ab\u00a0Je vis cette douleur pour une famille que je d\u00e9couvre apr\u00e8s presque 30 ans, diff\u00e9rente de ce que j&rsquo;avais imagin\u00e9\u00a0\u00bb, dit-elle. \u00ab\u00a0Pourtant, l&rsquo;amour est possible m\u00eame apr\u00e8s tant d&rsquo;ann\u00e9es, car je l&rsquo;ai v\u00e9cu dans l&rsquo;id\u00e9al !\u00a0\u00bb.  Entre-temps, Fran\u00e7oise a chang\u00e9 de ville pour poursuivre son r\u00eave professionnel. Un soir, une amie insiste pour qu&rsquo;elles sortent avec d&rsquo;autres amis \u00e0 une f\u00eate de village. C&rsquo;est ainsi qu&rsquo;elle rencontre Jean, mignon et gentil&#8230; mais il est s\u00e9par\u00e9 et p\u00e8re de deux enfants.  \u00ab\u00a0Non merci ! Je r\u00e9ponds \u00e0 ses appels, mais quand il m&rsquo;invite \u00e0 sortir, je suis contrari\u00e9e parce que je ne veux pas et ne peux pas avoir une liaison avec un homme s\u00e9par\u00e9. Comment pourrais-je concilier ma vie, mon identit\u00e9 chr\u00e9tienne avec quelqu&rsquo;un comme lui\u00a0\u00bb?  Avec le temps, l&rsquo;histoire prend forme, mais son c\u0153ur s&rsquo;agite de plus en plus.  \u00ab\u00a0Connaissant la pens\u00e9e de l&rsquo;\u00c9glise sur ces unions, je vais \u00e0 la messe mais je d\u00e9cide de ne plus communier car je ne me sens plus digne. Je d\u00e9cide de partager cette histoire avec le pr\u00eatre qui me conna\u00eet depuis toujours. Et ainsi nous nous confions \u00e0 Marie\u00a0\u00bb.  L&rsquo;histoire continue.  \u00ab\u00a0Je sens que mon histoire avec lui est peut-\u00eatre \u2018ma voie\u2019, ajoute Fran\u00e7oise, mais ce qui me fait souffrir c&rsquo;est surtout l&rsquo;id\u00e9e de ne plus pouvoir recevoir J\u00e9sus dans l&rsquo;Eucharistie. Toutefois, si c&rsquo;est l&rsquo;indication de l&rsquo;\u00c9glise, je la respecte et je vais de l&rsquo;avant. Je reste donc fid\u00e8le \u00e0 la messe du dimanche, m\u00eame si elle est priv\u00e9e de l&rsquo;Eucharistie.  En 2016, elle re\u00e7oit une invitation des Familles Nouvelles \u00e0 participer \u00e0 une rencontre \u00e0 Rome pour les couples s\u00e9par\u00e9s en nouvelle union.  \u00ab\u00a0Jean et moi adh\u00e9rons \u00e0 la proposition. D&rsquo;un c\u00f4t\u00e9, j&rsquo;ai peur de la r\u00e9action qu&rsquo;il pourrait avoir, de l&rsquo;autre, je pense que c&rsquo;est une opportunit\u00e9 pour nous. Ce sont trois jours intenses. Je vois Jean impliqu\u00e9 et tr\u00e8s heureux. Je me sens \u2018\u00e0 la maison\u2019 avec la personne qui est importante pour moi, m\u00eame si elle n&rsquo;est pas canoniquement parfaite. Jean emporte avec lui le sentiment d&rsquo;\u00eatre une partie vivante de l&rsquo;\u00c9glise. Non pas marginalis\u00e9 \u00e0 cause d&rsquo;un mariage bris\u00e9, mais membre d&rsquo;un corps vivant et non plus isol\u00e9 ou exclu.  \u00ab\u00a0J&rsquo;ai dit \u00e0 Jean que la famille que je voulais dans ma vie devait \u00eatre construite sur l&rsquo;amour que nous avions v\u00e9cu durant ces jours, dans cette mesure et cette dimension, et que s&rsquo;il partageait \u00e9galement ma pens\u00e9e, alors nous pourrions nous marier. Un mariage civil, mais la famille qui est cr\u00e9\u00e9e doit avoir ce sceau : l&rsquo;amour r\u00e9ciproque qui nous a \u00e9t\u00e9 r\u00e9v\u00e9l\u00e9\u00a0\u00bb.  \u00ab\u00a0En septembre 2017, nous nous marions dans la commune. Je pense que mon grand d\u00e9sir de jeunesse d&rsquo;aller dans le monde s&rsquo;est r\u00e9alis\u00e9 le jour de notre mariage o\u00f9 toutes les g\u00e9n\u00e9rations et les cultures \u00e9taient repr\u00e9sent\u00e9es, o\u00f9 il y avait des gens de diff\u00e9rents milieux, croyants et non-croyants, mais tous heureux de pouvoir partager notre joie.  Depuis des ann\u00e9es, nous faisons partie d&rsquo;un groupe de Familles Nouvelles o\u00f9 il y a des couples qui vivent la m\u00eame r\u00e9alit\u00e9 que nous, et cela nous donne l&rsquo;occasion de nous exprimer librement sans crainte d&rsquo;\u00eatre jug\u00e9s. Ainsi, nous ne nous sentons plus \u2018de s\u00e9rie B\u2019, mais pleinement accept\u00e9s et reconnus comme famille. Ce groupe nous aide dans notre cheminement de couple \u00e0 ne pas nous renfermer, \u00e0 maintenir le dialogue entre nous en partageant avec d&rsquo;autres couples, \u00e0 cultiver des relations positives et de belles amiti\u00e9s\u00a0\u00bb. <\/p>\n<p style=\"text-align: right;\"><em>Lorenzo Russo<\/em><\/p>\n","protected":false},"excerpt":{"rendered":"<p>La sph\u00e8re des couples en difficult\u00e9, des personnes s\u00e9par\u00e9es et des personnes s\u00e9par\u00e9es qui vivent de nouvelles unions est un cri de d\u00e9tresse qui appelle \u00e0 l&rsquo;aide. Le Mouvement Familles Nouvelles, une ramification des Focolari, a mis en place des parcours de soutien pour ces familles.<\/p>\n","protected":false},"author":33,"featured_media":0,"comment_status":"open","ping_status":"open","sticky":false,"template":"","format":"standard","meta":{"give_campaign_id":0,"_seopress_robots_primary_cat":"","_seopress_titles_title":"","_seopress_titles_desc":"","_seopress_robots_index":"","_et_pb_use_builder":"","_et_pb_old_content":"","_et_gb_content_width":"","footnotes":""},"categories":[47],"tags":[],"class_list":["post-315184","post","type-post","status-publish","format-standard","hentry","category-non-classifiee"],"_links":{"self":[{"href":"https:\/\/www.focolare.org\/fr\/wp-json\/wp\/v2\/posts\/315184","targetHints":{"allow":["GET"]}}],"collection":[{"href":"https:\/\/www.focolare.org\/fr\/wp-json\/wp\/v2\/posts"}],"about":[{"href":"https:\/\/www.focolare.org\/fr\/wp-json\/wp\/v2\/types\/post"}],"author":[{"embeddable":true,"href":"https:\/\/www.focolare.org\/fr\/wp-json\/wp\/v2\/users\/33"}],"replies":[{"embeddable":true,"href":"https:\/\/www.focolare.org\/fr\/wp-json\/wp\/v2\/comments?post=315184"}],"version-history":[{"count":0,"href":"https:\/\/www.focolare.org\/fr\/wp-json\/wp\/v2\/posts\/315184\/revisions"}],"wp:attachment":[{"href":"https:\/\/www.focolare.org\/fr\/wp-json\/wp\/v2\/media?parent=315184"}],"wp:term":[{"taxonomy":"category","embeddable":true,"href":"https:\/\/www.focolare.org\/fr\/wp-json\/wp\/v2\/categories?post=315184"},{"taxonomy":"post_tag","embeddable":true,"href":"https:\/\/www.focolare.org\/fr\/wp-json\/wp\/v2\/tags?post=315184"}],"curies":[{"name":"wp","href":"https:\/\/api.w.org\/{rel}","templated":true}]}}