{"id":315190,"date":"2022-06-03T01:00:43","date_gmt":"2022-06-02T23:00:43","guid":{"rendered":"https:\/\/www.focolare.org\/la-musique-en-action-le-gen-rosso-en-bosnie-herzegovine\/"},"modified":"2024-05-15T21:03:11","modified_gmt":"2024-05-15T19:03:11","slug":"la-musique-en-action-le-gen-rosso-en-bosnie-herzegovine","status":"publish","type":"post","link":"https:\/\/www.focolare.org\/fr\/la-musique-en-action-le-gen-rosso-en-bosnie-herzegovine\/","title":{"rendered":"La musique en action. Le Gen Rosso en Bosnie-Herz\u00e9govine\u00a0"},"content":{"rendered":"<p><em>Un voyage pour apporter la solidarit\u00e9 aux migrants qui quittent leur pays \u00e0 cause de la guerre et des pers\u00e9cutions. La musique du Gen Rosso dans le sillage du partage et de la fraternit\u00e9.\u00a0 <\/em>  \u00ab\u00a0Nous sommes confront\u00e9s \u00e0 tant de probl\u00e8mes mais avec vous, avec ce genre d&rsquo;activit\u00e9, nous nous sentons pouss\u00e9s \u00e0 aller de l&rsquo;avant\u00a0\u00bb. Ce sont les mots d&rsquo;un migrant qui a fui le Pakistan en raison des probl\u00e8mes qui affligent le pays. Aujourd&rsquo;hui, il se trouve, comme des milliers d&rsquo;autres migrants, dans un camp de r\u00e9fugi\u00e9s \u00e0 Lipa et Bori\u0107i en Bosnie-Herz\u00e9govine et a pu rencontrer le Gen Rosso.  <img alt=\"\" alt=\"\" loading=\"lazy\" decoding=\"async\" class=\"wp-image-248917 alignright\" src=\"https:\/\/www.focolare.org\/wp-content\/uploads\/2022\/05\/GEN-ROSSO-bosnia-1-604x340.jpg\" alt=\"\" width=\"448\" height=\"252\" \/>Du 4 au 8 mai 2022, en effet, le groupe artistique international est retourn\u00e9 pour la deuxi\u00e8me fois sur les lieux de la \u2018\u2019route des Balkans\u2019\u2019, o\u00f9 transitent chaque jour des migrants qui fuient leur pays \u00e0 cause de la guerre ou des pers\u00e9cutions.  Solidarit\u00e9 et dignit\u00e9 pour les migrants, susciter leur espoir d&rsquo;un monde meilleur, renforcer leur estime de soi et respirer ensemble l&rsquo;atmosph\u00e8re de la famille : tel \u00e9tait le but du voyage organis\u00e9 avec l&rsquo;aide du Service J\u00e9suite des R\u00e9fugi\u00e9s (JRS), qui fournit un h\u00e9bergement et une aide essentielle aux demandeurs d&rsquo;asile et aux migrants.  \u00ab\u00a0Nous sommes d\u00e9j\u00e0 venus ici en octobre 2021\u00a0\u00bb, explique Michele Sole, l&rsquo;un des chanteurs, \u00ab\u00a0et c&rsquo;\u00e9tait un sentiment positif que de revenir dans des lieux familiers\u00a0\u00bb. Cette fois-ci, nous sommes all\u00e9s dans un camp de r\u00e9fugi\u00e9s plus grand, \u00e0 Lipa, o\u00f9 nous avons rencontr\u00e9 d&rsquo;autres r\u00e9fugi\u00e9s et ce qui est toujours \u00e9tonnant, c&rsquo;est de voir comment des sourires et un accueil sans pr\u00e9jug\u00e9s peuvent faire la diff\u00e9rence et illuminer leurs visages !\u00a0\u00bb Des gestes de bienvenue, des petits cadeaux dans les brefs moments pass\u00e9s avec eux, ont offert aux uns et aux autres, une lueur de joie et de lumi\u00e8re.  Une autre \u00e9tape fut celle de la visite de l&rsquo;\u00e9cole \u2018\u2019Jean-Paul II\u2019\u2019 de Biha\u0107 et la rencontre avec une centaine d&rsquo;enfants qui ont pu participer \u00e0 des ateliers de danse et de chant et assister \u00e0 deux concerts du Gen Rosso. Pendant ces journ\u00e9es, aux c\u00f4t\u00e9s des \u00e9l\u00e8ves et de leurs parents, certains migrants originaires du Pakistan, d&rsquo;Afghanistan et d&rsquo;Iran ont \u00e9galement pu participer activement aux \u00e9v\u00e9nements artistiques. \u00ab\u00a0C&rsquo;\u00e9tait notre fa\u00e7on d&rsquo;essayer d&rsquo;int\u00e9grer tout le monde et de faire l&rsquo;exp\u00e9rience de combien est important et inimaginable, le don du partage fraternel avec cette partie souffrante de l&rsquo;humanit\u00e9\u00a0\u00bb, a ajout\u00e9 Michele.  \u00ab\u00a0Je ne sais pas ce qui m&rsquo;est arriv\u00e9 ce matin, a d\u00e9clar\u00e9 une musulmane pr\u00e9sente, mais j&rsquo;ai senti que votre musique est entr\u00e9e en moi et je me suis sentie \u00e9mue et chanceuse d&rsquo;\u00eatre ici\u00a0.\u00a0\u00bb  \u00ab\u00a0 Merci, merci beaucoup, pour la passion et l&rsquo;espoir que vous nous avez donn\u00e9s\u00a0\u00bb, dit un jeune Afghan, \u00ab\u00a0 le chant \u00e9tait tr\u00e8s beau\u00a0\u00bb.  A l\u2019ensemble des messages de joie et d&rsquo;esp\u00e9rance s&rsquo;ajoute celui du directeur de l&rsquo;Institut de Biha\u0107 : \u00ab\u00a0 Le concert \u00e9tait quelque chose de sp\u00e9cial. Nous esp\u00e9rons sinc\u00e8rement nous rencontrer \u00e0 nouveau. C&rsquo;\u00e9tait un grand honneur et un plaisir pour nous de vous recevoir dans notre \u00e9cole \u00bb. <\/p>\n<p style=\"text-align: right;\"><em>Lorenzo Russo<\/em><\/p>\n","protected":false},"excerpt":{"rendered":"<p>Un voyage pour apporter la solidarit\u00e9 aux migrants qui quittent leur pays \u00e0 cause de la guerre et des pers\u00e9cutions. La musique du Gen Rosso dans le sillage du partage et de la fraternit\u00e9.\u00a0<\/p>\n","protected":false},"author":33,"featured_media":0,"comment_status":"open","ping_status":"open","sticky":false,"template":"","format":"standard","meta":{"give_campaign_id":0,"_seopress_robots_primary_cat":"","_seopress_titles_title":"","_seopress_titles_desc":"","_seopress_robots_index":"","_et_pb_use_builder":"","_et_pb_old_content":"","_et_gb_content_width":"","footnotes":""},"categories":[47],"tags":[],"class_list":["post-315190","post","type-post","status-publish","format-standard","hentry","category-non-classifiee"],"_links":{"self":[{"href":"https:\/\/www.focolare.org\/fr\/wp-json\/wp\/v2\/posts\/315190","targetHints":{"allow":["GET"]}}],"collection":[{"href":"https:\/\/www.focolare.org\/fr\/wp-json\/wp\/v2\/posts"}],"about":[{"href":"https:\/\/www.focolare.org\/fr\/wp-json\/wp\/v2\/types\/post"}],"author":[{"embeddable":true,"href":"https:\/\/www.focolare.org\/fr\/wp-json\/wp\/v2\/users\/33"}],"replies":[{"embeddable":true,"href":"https:\/\/www.focolare.org\/fr\/wp-json\/wp\/v2\/comments?post=315190"}],"version-history":[{"count":0,"href":"https:\/\/www.focolare.org\/fr\/wp-json\/wp\/v2\/posts\/315190\/revisions"}],"wp:attachment":[{"href":"https:\/\/www.focolare.org\/fr\/wp-json\/wp\/v2\/media?parent=315190"}],"wp:term":[{"taxonomy":"category","embeddable":true,"href":"https:\/\/www.focolare.org\/fr\/wp-json\/wp\/v2\/categories?post=315190"},{"taxonomy":"post_tag","embeddable":true,"href":"https:\/\/www.focolare.org\/fr\/wp-json\/wp\/v2\/tags?post=315190"}],"curies":[{"name":"wp","href":"https:\/\/api.w.org\/{rel}","templated":true}]}}